{"id":1096,"date":"2024-09-06T23:55:00","date_gmt":"2024-09-06T23:55:00","guid":{"rendered":"https:\/\/famesphere.pl\/?p=1096"},"modified":"2025-05-05T17:23:31","modified_gmt":"2025-05-05T17:23:31","slug":"agnieszka-wozniak-starak-mowi-co-uwaza-o-polsacie-to-nie-jest-telewizja-ktora-wlaczam-zeby-ja-sobie-poogladac","status":"publish","type":"post","link":"https:\/\/famesphere.pl\/index.php\/2024\/09\/06\/agnieszka-wozniak-starak-mowi-co-uwaza-o-polsacie-to-nie-jest-telewizja-ktora-wlaczam-zeby-ja-sobie-poogladac\/","title":{"rendered":"Agnieszka Wo\u017aniak-Starak m\u00f3wi co uwa\u017ca o Polsacie: &#8222;To nie jest telewizja, kt\u00f3r\u0105 w\u0142\u0105czam \u017ceby j\u0105 sobie poogl\u0105da\u0107&#8221;"},"content":{"rendered":"\n<p><strong>Prezenterka w jednym z wywiad\u00f3w udzielonych na wczorajszej imprezie magazynu ELLE zdradzi\u0142a, \u017ce jej zdaniem nie pasuje do stacji Polsat. Dziennikarka powiedzia\u0142a r\u00f3wnie\u017c co s\u0105dzi o nowym programie &#8222;Halo tu Polsat&#8221;.<\/strong><\/p>\n\n\n\n<p>Agnieszka Wo\u017aniak-Starak od ponad dwudziestu lat pracuje w mediach. Gdy studiowa\u0142a pragn\u0119\u0142a zajmowa\u0107 si\u0119 dziennikarstwem politycznym, jednak dostawa\u0142a tyle ciekawych propozycji pracy odbiegaj\u0105cych tematyk\u0105 od polityki, \u017ce obra\u0142a zupe\u0142nie inny kierunek ni\u017c pierwotnie przez ni\u0105 zak\u0142adany. 46-latka postawi\u0142a na rozrywk\u0119 i tym samym w telewizji mo\u017cna j\u0105 by\u0142o ujrze\u0107 w roli prowadz\u0105cej takie programy jak m.in. &#8222;Dzie\u0144 Dobry TVN&#8221;, &#8222;Ameryka Express&#8221; i kontrowersyjny show-biznesowy program &#8222;Na j\u0119zykach&#8221; za spraw\u0105 kt\u00f3rego dosz\u0142o do spi\u0119cia mi\u0119dzy ni\u0105 a Dod\u0105. Od pewnego czasu Agnieszka Wo\u017aniak-Starak spe\u0142nia wyznaczony przez siebie kiedy\u015b cel, gdy\u017c jest jedn\u0105 ze wsp\u00f3\u0142prowadz\u0105cych poranny program &#8222;Onet Rano&#8221;.<\/p>\n\n\n\n<h5 class=\"wp-block-heading\">Agnieszka Wo\u017aniak-Starak m\u00f3wi co uwa\u017ca o stacji Polsat<\/h5>\n\n\n\n<p>Celebrytka w rozmowie z Simon\u0105 Stolick\u0105 z portalu Pudelek wyzna\u0142a, \u017ce odk\u0105d nie wyst\u0119puje w programach \u015bniadaniowych, to nie \u015bledzi ich na bie\u017c\u0105co. Doda\u0142a tak\u017ce, \u017ce nie chcia\u0142aby ju\u017c do nich wr\u00f3ci\u0107.<\/p>\n\n\n\n<blockquote class=\"wp-block-quote is-layout-flow wp-block-quote-is-layout-flow\">\n<p>(&#8230;) Mam takie poczucie, \u017ce etap &#8222;\u015bniadani\u00f3wek&#8221; mam ju\u017c za sob\u0105. Zawsze si\u0119 mog\u0142am szczyci\u0107 si\u0119 szczyci\u0107 do tej pory, \u017ce poprowadzi\u0142am wszystkie, ale powsta\u0142o ostatnio ich tyle: w Polsacie, w TV Republika, wi\u0119c ju\u017c nie mog\u0119 powiedzie\u0107, \u017ce prowadzi\u0142am wszystkie &#8222;\u015bniadani\u00f3wki&#8221; w Polsce.<\/p>\n<\/blockquote>\n\n\n\n<p>Reporterka najpopularniejszego portalu plotkarskiego zapyta\u0142a celebrytk\u0119 czy chcia\u0142aby podj\u0105\u0107 si\u0119 wsp\u00f3\u0142prowadzenia nowej &#8222;\u015bniadani\u00f3wki&#8221; Polsatu. Agnieszka Wo\u017aniak-Starak ze zdecydowaniem w g\u0142osie odpowiedzia\u0142a, \u017ce nie ma zamiaru wraca\u0107 do tego typu program\u00f3w.<\/p>\n\n\n\n<blockquote class=\"wp-block-quote is-layout-flow wp-block-quote-is-layout-flow\">\n<p>(&#8230;) Nie. Wiesz co, koniec, dlatego, \u017ce &#8222;\u015bniadani\u00f3wki&#8221; to by\u0142 bardzo fajny etap w moim \u017cyciu, ale to co robi\u0119 w &#8222;Onet Rano&#8221; i to \u017ce mam coraz wi\u0119cej mo\u017cliwo\u015bci \u017ceby rozmawia\u0107 z politykami o rzeczach, kt\u00f3re naprawd\u0119 mnie interesuj\u0105, nawet je\u017celi to nie jest tak mainstreamowe i nie trafia do tak du\u017cego grona, mo\u017ce jest bardziej niszowe, mo\u017ce jest internetowe, ale na pewno daje mi bardzo du\u017co satysfakcji i ju\u017c bym nie chcia\u0142a z tej drogi zawraca\u0107. (&#8230;)<\/p>\n<\/blockquote>\n\n\n\n<p>Simon\u0119 Stolick\u0105 ciekawi\u0142o tak\u017ce czy szefostwo Polsatu lub TVP stara\u0142o si\u0119 zwerbowa\u0107 do siebie prezenterk\u0119. Gwiazda TVN zdecydowa\u0142a si\u0119 wymijaj\u0105co odpowiedzie\u0107 na to pytanie. Jej zdaniem nie wpisuje si\u0119 w klimat Polsatu. Wed\u0142ug niej Polsat jest zbyt \u017cyw\u0105 stacj\u0105, a ona sama w wolnym czasie jej nie ogl\u0105da.<\/p>\n\n\n\n<blockquote class=\"wp-block-quote is-layout-flow wp-block-quote-is-layout-flow\">\n<p>My\u015bl\u0119, \u017ce w og\u00f3le nie jestem w estetyce Polsatu. My\u015bl\u0119, \u017ce tam jest bardzo kolorowo. Bardzo du\u017co si\u0119 dzieje. To nie jest telewizja, kt\u00f3r\u0105 w\u0142\u0105czam \u017ceby j\u0105 sobie poogl\u0105da\u0107, wi\u0119c dlatego my\u015bl\u0119, \u017ce chyba bym nie pasowa\u0142a do Polsatu, prawd\u0119 m\u00f3wi\u0105c. Nigdy nie czu\u0142am, \u017ce mog\u0142abym si\u0119 odnale\u017a\u0107 w tej stacji, wi\u0119c nie.<\/p>\n<\/blockquote>\n\n\n\n<p>Podkre\u015bli\u0142a przy tym, \u017ce wsp\u00f3\u0142prowadzi aktualnie jeden z najlepiej ogl\u0105danych program\u00f3w w telewizji. Mowa tutaj o &#8222;Mam Talent&#8221;, do kt\u00f3rego do\u0142\u0105czy\u0142a wiosn\u0105 tego roku. Agnieszka Wo\u017aniak-Starak w talent show tworzy prezenterski duet wraz z Janem Pirowskim.<\/p>\n\n\n\n<p>Uwa\u017cacie, \u017ce Agnieszka Wo\u017aniak-Starak nie pasuje do Polsatu?<\/p>\n\n\n\n<figure class=\"wp-block-embed is-type-video is-provider-youtube wp-block-embed-youtube wp-embed-aspect-16-9 wp-has-aspect-ratio\"><div class=\"wp-block-embed__wrapper\">\n<iframe loading=\"lazy\" title=\"Agnieszka Wo\u017aniak-Starak: Nie jestem w estetyce Polsatu. Jest zbyt kolorowo\" width=\"500\" height=\"281\" src=\"https:\/\/www.youtube.com\/embed\/NqjkLeXKgSk?feature=oembed\" frameborder=\"0\" allow=\"accelerometer; autoplay; clipboard-write; encrypted-media; gyroscope; picture-in-picture; web-share\" referrerpolicy=\"strict-origin-when-cross-origin\" allowfullscreen><\/iframe>\n<\/div><figcaption class=\"wp-element-caption\">\u0179r\u00f3d\u0142o video: Pudelek<\/figcaption><\/figure>\n","protected":false},"excerpt":{"rendered":"<p>Prezenterka w jednym z wywiad\u00f3w udzielonych na wczorajszej imprezie magazynu ELLE zdradzi\u0142a, \u017ce jej zdaniem nie pasuje do stacji Polsat. Dziennikarka powiedzia\u0142a r\u00f3wnie\u017c co s\u0105dzi o nowym programie &#8222;Halo tu&hellip;<\/p>\n","protected":false},"author":1,"featured_media":1133,"comment_status":"open","ping_status":"open","sticky":false,"template":"","format":"standard","meta":{"_jetpack_memberships_contains_paid_content":false,"footnotes":""},"categories":[104],"tags":[64],"class_list":["post-1096","post","type-post","status-publish","format-standard","has-post-thumbnail","hentry","category-showmix","tag-agnieszka-wozniak-starak"],"yoast_head":"<!-- This site is optimized with the Yoast SEO plugin v27.4 - https:\/\/yoast.com\/product\/yoast-seo-wordpress\/ -->\n<title>Agnieszka Wo\u017aniak-Starak m\u00f3wi co uwa\u017ca o Polsacie: &quot;To nie jest telewizja, kt\u00f3r\u0105 w\u0142\u0105czam \u017ceby j\u0105 sobie poogl\u0105da\u0107&quot; - FameSphere<\/title>\n<meta name=\"robots\" content=\"index, follow, max-snippet:-1, max-image-preview:large, max-video-preview:-1\" \/>\n<link rel=\"canonical\" href=\"https:\/\/famesphere.pl\/index.php\/2024\/09\/06\/agnieszka-wozniak-starak-mowi-co-uwaza-o-polsacie-to-nie-jest-telewizja-ktora-wlaczam-zeby-ja-sobie-poogladac\/\" \/>\n<meta property=\"og:locale\" content=\"pl_PL\" \/>\n<meta property=\"og:type\" content=\"article\" \/>\n<meta property=\"og:title\" content=\"Agnieszka Wo\u017aniak-Starak m\u00f3wi co uwa\u017ca o Polsacie: &quot;To nie jest telewizja, kt\u00f3r\u0105 w\u0142\u0105czam \u017ceby j\u0105 sobie poogl\u0105da\u0107&quot; - FameSphere\" \/>\n<meta property=\"og:description\" content=\"Prezenterka w jednym z wywiad\u00f3w udzielonych na wczorajszej imprezie magazynu ELLE zdradzi\u0142a, \u017ce jej zdaniem nie pasuje do stacji Polsat. Dziennikarka powiedzia\u0142a r\u00f3wnie\u017c co s\u0105dzi o nowym programie &#8222;Halo tu&hellip;\" \/>\n<meta property=\"og:url\" content=\"https:\/\/famesphere.pl\/index.php\/2024\/09\/06\/agnieszka-wozniak-starak-mowi-co-uwaza-o-polsacie-to-nie-jest-telewizja-ktora-wlaczam-zeby-ja-sobie-poogladac\/\" \/>\n<meta property=\"og:site_name\" content=\"FameSphere\" \/>\n<meta property=\"article:published_time\" content=\"2024-09-06T23:55:00+00:00\" \/>\n<meta property=\"article:modified_time\" content=\"2025-05-05T17:23:31+00:00\" \/>\n<meta property=\"og:image\" content=\"https:\/\/famesphere.pl\/wp-content\/uploads\/2024\/09\/SaveClip.App_455006197_1971109776644030_3323535695345997221_n.jpg\" \/>\n\t<meta property=\"og:image:width\" content=\"1080\" \/>\n\t<meta property=\"og:image:height\" content=\"1224\" \/>\n\t<meta property=\"og:image:type\" content=\"image\/jpeg\" \/>\n<meta name=\"author\" content=\"Paula Gajownik\" \/>\n<meta name=\"twitter:card\" content=\"summary_large_image\" \/>\n<meta name=\"twitter:label1\" content=\"Napisane przez\" \/>\n\t<meta name=\"twitter:data1\" content=\"Paula Gajownik\" \/>\n\t<meta name=\"twitter:label2\" content=\"Szacowany czas czytania\" \/>\n\t<meta name=\"twitter:data2\" content=\"2 minuty\" \/>\n<script type=\"application\/ld+json\" class=\"yoast-schema-graph\">{\"@context\":\"https:\\\/\\\/schema.org\",\"@graph\":[{\"@type\":\"Article\",\"@id\":\"https:\\\/\\\/famesphere.pl\\\/index.php\\\/2024\\\/09\\\/06\\\/agnieszka-wozniak-starak-mowi-co-uwaza-o-polsacie-to-nie-jest-telewizja-ktora-wlaczam-zeby-ja-sobie-poogladac\\\/#article\",\"isPartOf\":{\"@id\":\"https:\\\/\\\/famesphere.pl\\\/index.php\\\/2024\\\/09\\\/06\\\/agnieszka-wozniak-starak-mowi-co-uwaza-o-polsacie-to-nie-jest-telewizja-ktora-wlaczam-zeby-ja-sobie-poogladac\\\/\"},\"author\":{\"name\":\"Paula Gajownik\",\"@id\":\"https:\\\/\\\/famesphere.pl\\\/#\\\/schema\\\/person\\\/acc9ff3d8fd31e29f6e12403dba892d2\"},\"headline\":\"Agnieszka Wo\u017aniak-Starak m\u00f3wi co uwa\u017ca o Polsacie: &#8222;To nie jest telewizja, kt\u00f3r\u0105 w\u0142\u0105czam \u017ceby j\u0105 sobie poogl\u0105da\u0107&#8221;\",\"datePublished\":\"2024-09-06T23:55:00+00:00\",\"dateModified\":\"2025-05-05T17:23:31+00:00\",\"mainEntityOfPage\":{\"@id\":\"https:\\\/\\\/famesphere.pl\\\/index.php\\\/2024\\\/09\\\/06\\\/agnieszka-wozniak-starak-mowi-co-uwaza-o-polsacie-to-nie-jest-telewizja-ktora-wlaczam-zeby-ja-sobie-poogladac\\\/\"},\"wordCount\":599,\"commentCount\":0,\"publisher\":{\"@id\":\"https:\\\/\\\/famesphere.pl\\\/#\\\/schema\\\/person\\\/acc9ff3d8fd31e29f6e12403dba892d2\"},\"image\":{\"@id\":\"https:\\\/\\\/famesphere.pl\\\/index.php\\\/2024\\\/09\\\/06\\\/agnieszka-wozniak-starak-mowi-co-uwaza-o-polsacie-to-nie-jest-telewizja-ktora-wlaczam-zeby-ja-sobie-poogladac\\\/#primaryimage\"},\"thumbnailUrl\":\"https:\\\/\\\/famesphere.pl\\\/wp-content\\\/uploads\\\/2024\\\/09\\\/SaveClip.App_455006197_1971109776644030_3323535695345997221_n.jpg\",\"keywords\":[\"Agnieszka Wo\u017aniak-Starak\"],\"articleSection\":[\"ShowMix\"],\"inLanguage\":\"pl-PL\",\"potentialAction\":[{\"@type\":\"CommentAction\",\"name\":\"Comment\",\"target\":[\"https:\\\/\\\/famesphere.pl\\\/index.php\\\/2024\\\/09\\\/06\\\/agnieszka-wozniak-starak-mowi-co-uwaza-o-polsacie-to-nie-jest-telewizja-ktora-wlaczam-zeby-ja-sobie-poogladac\\\/#respond\"]}]},{\"@type\":\"WebPage\",\"@id\":\"https:\\\/\\\/famesphere.pl\\\/index.php\\\/2024\\\/09\\\/06\\\/agnieszka-wozniak-starak-mowi-co-uwaza-o-polsacie-to-nie-jest-telewizja-ktora-wlaczam-zeby-ja-sobie-poogladac\\\/\",\"url\":\"https:\\\/\\\/famesphere.pl\\\/index.php\\\/2024\\\/09\\\/06\\\/agnieszka-wozniak-starak-mowi-co-uwaza-o-polsacie-to-nie-jest-telewizja-ktora-wlaczam-zeby-ja-sobie-poogladac\\\/\",\"name\":\"Agnieszka Wo\u017aniak-Starak m\u00f3wi co uwa\u017ca o Polsacie: \\\"To nie jest telewizja, kt\u00f3r\u0105 w\u0142\u0105czam \u017ceby j\u0105 sobie poogl\u0105da\u0107\\\" - FameSphere\",\"isPartOf\":{\"@id\":\"https:\\\/\\\/famesphere.pl\\\/#website\"},\"primaryImageOfPage\":{\"@id\":\"https:\\\/\\\/famesphere.pl\\\/index.php\\\/2024\\\/09\\\/06\\\/agnieszka-wozniak-starak-mowi-co-uwaza-o-polsacie-to-nie-jest-telewizja-ktora-wlaczam-zeby-ja-sobie-poogladac\\\/#primaryimage\"},\"image\":{\"@id\":\"https:\\\/\\\/famesphere.pl\\\/index.php\\\/2024\\\/09\\\/06\\\/agnieszka-wozniak-starak-mowi-co-uwaza-o-polsacie-to-nie-jest-telewizja-ktora-wlaczam-zeby-ja-sobie-poogladac\\\/#primaryimage\"},\"thumbnailUrl\":\"https:\\\/\\\/famesphere.pl\\\/wp-content\\\/uploads\\\/2024\\\/09\\\/SaveClip.App_455006197_1971109776644030_3323535695345997221_n.jpg\",\"datePublished\":\"2024-09-06T23:55:00+00:00\",\"dateModified\":\"2025-05-05T17:23:31+00:00\",\"breadcrumb\":{\"@id\":\"https:\\\/\\\/famesphere.pl\\\/index.php\\\/2024\\\/09\\\/06\\\/agnieszka-wozniak-starak-mowi-co-uwaza-o-polsacie-to-nie-jest-telewizja-ktora-wlaczam-zeby-ja-sobie-poogladac\\\/#breadcrumb\"},\"inLanguage\":\"pl-PL\",\"potentialAction\":[{\"@type\":\"ReadAction\",\"target\":[\"https:\\\/\\\/famesphere.pl\\\/index.php\\\/2024\\\/09\\\/06\\\/agnieszka-wozniak-starak-mowi-co-uwaza-o-polsacie-to-nie-jest-telewizja-ktora-wlaczam-zeby-ja-sobie-poogladac\\\/\"]}]},{\"@type\":\"ImageObject\",\"inLanguage\":\"pl-PL\",\"@id\":\"https:\\\/\\\/famesphere.pl\\\/index.php\\\/2024\\\/09\\\/06\\\/agnieszka-wozniak-starak-mowi-co-uwaza-o-polsacie-to-nie-jest-telewizja-ktora-wlaczam-zeby-ja-sobie-poogladac\\\/#primaryimage\",\"url\":\"https:\\\/\\\/famesphere.pl\\\/wp-content\\\/uploads\\\/2024\\\/09\\\/SaveClip.App_455006197_1971109776644030_3323535695345997221_n.jpg\",\"contentUrl\":\"https:\\\/\\\/famesphere.pl\\\/wp-content\\\/uploads\\\/2024\\\/09\\\/SaveClip.App_455006197_1971109776644030_3323535695345997221_n.jpg\",\"width\":1080,\"height\":1224},{\"@type\":\"BreadcrumbList\",\"@id\":\"https:\\\/\\\/famesphere.pl\\\/index.php\\\/2024\\\/09\\\/06\\\/agnieszka-wozniak-starak-mowi-co-uwaza-o-polsacie-to-nie-jest-telewizja-ktora-wlaczam-zeby-ja-sobie-poogladac\\\/#breadcrumb\",\"itemListElement\":[{\"@type\":\"ListItem\",\"position\":1,\"name\":\"Strona g\u0142\u00f3wna\",\"item\":\"https:\\\/\\\/famesphere.pl\\\/\"},{\"@type\":\"ListItem\",\"position\":2,\"name\":\"Agnieszka Wo\u017aniak-Starak m\u00f3wi co uwa\u017ca o Polsacie: &#8222;To nie jest telewizja, kt\u00f3r\u0105 w\u0142\u0105czam \u017ceby j\u0105 sobie poogl\u0105da\u0107&#8221;\"}]},{\"@type\":\"WebSite\",\"@id\":\"https:\\\/\\\/famesphere.pl\\\/#website\",\"url\":\"https:\\\/\\\/famesphere.pl\\\/\",\"name\":\"FameSphere\",\"description\":\"Z show-biznesem jeste\u015bmy na bie\u017c\u0105co!\",\"publisher\":{\"@id\":\"https:\\\/\\\/famesphere.pl\\\/#\\\/schema\\\/person\\\/acc9ff3d8fd31e29f6e12403dba892d2\"},\"potentialAction\":[{\"@type\":\"SearchAction\",\"target\":{\"@type\":\"EntryPoint\",\"urlTemplate\":\"https:\\\/\\\/famesphere.pl\\\/?s={search_term_string}\"},\"query-input\":{\"@type\":\"PropertyValueSpecification\",\"valueRequired\":true,\"valueName\":\"search_term_string\"}}],\"inLanguage\":\"pl-PL\"},{\"@type\":[\"Person\",\"Organization\"],\"@id\":\"https:\\\/\\\/famesphere.pl\\\/#\\\/schema\\\/person\\\/acc9ff3d8fd31e29f6e12403dba892d2\",\"name\":\"Paula Gajownik\",\"image\":{\"@type\":\"ImageObject\",\"inLanguage\":\"pl-PL\",\"@id\":\"https:\\\/\\\/famesphere.pl\\\/wp-content\\\/uploads\\\/2024\\\/07\\\/cropped-cropped-DALL\u00b7E-2024-07-16-17.19.05-Create-a-logo-for-a-website-named-FameSphere.-The-logo-should-be-modern-and-sleek-incorporating-elements-that-suggest-fame-and-a-sphere.-Use-a-vibr-2.webp\",\"url\":\"https:\\\/\\\/famesphere.pl\\\/wp-content\\\/uploads\\\/2024\\\/07\\\/cropped-cropped-DALL\u00b7E-2024-07-16-17.19.05-Create-a-logo-for-a-website-named-FameSphere.-The-logo-should-be-modern-and-sleek-incorporating-elements-that-suggest-fame-and-a-sphere.-Use-a-vibr-2.webp\",\"contentUrl\":\"https:\\\/\\\/famesphere.pl\\\/wp-content\\\/uploads\\\/2024\\\/07\\\/cropped-cropped-DALL\u00b7E-2024-07-16-17.19.05-Create-a-logo-for-a-website-named-FameSphere.-The-logo-should-be-modern-and-sleek-incorporating-elements-that-suggest-fame-and-a-sphere.-Use-a-vibr-2.webp\",\"width\":512,\"height\":400,\"caption\":\"Paula Gajownik\"},\"logo\":{\"@id\":\"https:\\\/\\\/famesphere.pl\\\/wp-content\\\/uploads\\\/2024\\\/07\\\/cropped-cropped-DALL\u00b7E-2024-07-16-17.19.05-Create-a-logo-for-a-website-named-FameSphere.-The-logo-should-be-modern-and-sleek-incorporating-elements-that-suggest-fame-and-a-sphere.-Use-a-vibr-2.webp\"},\"description\":\"Redaktor naczelna FameSphere. Absolwentka dziennikarstwa i komunikacji spo\u0142ecznej oraz specjalistka ds. marketingu i PR-u. Prywatnie posiadaczka dw\u00f3ch kr\u00f3lik\u00f3w, kt\u00f3re kocha ponad \u017cycie.\",\"sameAs\":[\"https:\\\/\\\/famesphere.pl\"],\"url\":\"https:\\\/\\\/famesphere.pl\\\/index.php\\\/author\\\/paula\\\/\"}]}<\/script>\n<!-- \/ Yoast SEO plugin. -->","yoast_head_json":{"title":"Agnieszka Wo\u017aniak-Starak m\u00f3wi co uwa\u017ca o Polsacie: \"To nie jest telewizja, kt\u00f3r\u0105 w\u0142\u0105czam \u017ceby j\u0105 sobie poogl\u0105da\u0107\" - FameSphere","robots":{"index":"index","follow":"follow","max-snippet":"max-snippet:-1","max-image-preview":"max-image-preview:large","max-video-preview":"max-video-preview:-1"},"canonical":"https:\/\/famesphere.pl\/index.php\/2024\/09\/06\/agnieszka-wozniak-starak-mowi-co-uwaza-o-polsacie-to-nie-jest-telewizja-ktora-wlaczam-zeby-ja-sobie-poogladac\/","og_locale":"pl_PL","og_type":"article","og_title":"Agnieszka Wo\u017aniak-Starak m\u00f3wi co uwa\u017ca o Polsacie: \"To nie jest telewizja, kt\u00f3r\u0105 w\u0142\u0105czam \u017ceby j\u0105 sobie poogl\u0105da\u0107\" - FameSphere","og_description":"Prezenterka w jednym z wywiad\u00f3w udzielonych na wczorajszej imprezie magazynu ELLE zdradzi\u0142a, \u017ce jej zdaniem nie pasuje do stacji Polsat. Dziennikarka powiedzia\u0142a r\u00f3wnie\u017c co s\u0105dzi o nowym programie &#8222;Halo tu&hellip;","og_url":"https:\/\/famesphere.pl\/index.php\/2024\/09\/06\/agnieszka-wozniak-starak-mowi-co-uwaza-o-polsacie-to-nie-jest-telewizja-ktora-wlaczam-zeby-ja-sobie-poogladac\/","og_site_name":"FameSphere","article_published_time":"2024-09-06T23:55:00+00:00","article_modified_time":"2025-05-05T17:23:31+00:00","og_image":[{"width":1080,"height":1224,"url":"https:\/\/famesphere.pl\/wp-content\/uploads\/2024\/09\/SaveClip.App_455006197_1971109776644030_3323535695345997221_n.jpg","type":"image\/jpeg"}],"author":"Paula Gajownik","twitter_card":"summary_large_image","twitter_misc":{"Napisane przez":"Paula Gajownik","Szacowany czas czytania":"2 minuty"},"schema":{"@context":"https:\/\/schema.org","@graph":[{"@type":"Article","@id":"https:\/\/famesphere.pl\/index.php\/2024\/09\/06\/agnieszka-wozniak-starak-mowi-co-uwaza-o-polsacie-to-nie-jest-telewizja-ktora-wlaczam-zeby-ja-sobie-poogladac\/#article","isPartOf":{"@id":"https:\/\/famesphere.pl\/index.php\/2024\/09\/06\/agnieszka-wozniak-starak-mowi-co-uwaza-o-polsacie-to-nie-jest-telewizja-ktora-wlaczam-zeby-ja-sobie-poogladac\/"},"author":{"name":"Paula Gajownik","@id":"https:\/\/famesphere.pl\/#\/schema\/person\/acc9ff3d8fd31e29f6e12403dba892d2"},"headline":"Agnieszka Wo\u017aniak-Starak m\u00f3wi co uwa\u017ca o Polsacie: &#8222;To nie jest telewizja, kt\u00f3r\u0105 w\u0142\u0105czam \u017ceby j\u0105 sobie poogl\u0105da\u0107&#8221;","datePublished":"2024-09-06T23:55:00+00:00","dateModified":"2025-05-05T17:23:31+00:00","mainEntityOfPage":{"@id":"https:\/\/famesphere.pl\/index.php\/2024\/09\/06\/agnieszka-wozniak-starak-mowi-co-uwaza-o-polsacie-to-nie-jest-telewizja-ktora-wlaczam-zeby-ja-sobie-poogladac\/"},"wordCount":599,"commentCount":0,"publisher":{"@id":"https:\/\/famesphere.pl\/#\/schema\/person\/acc9ff3d8fd31e29f6e12403dba892d2"},"image":{"@id":"https:\/\/famesphere.pl\/index.php\/2024\/09\/06\/agnieszka-wozniak-starak-mowi-co-uwaza-o-polsacie-to-nie-jest-telewizja-ktora-wlaczam-zeby-ja-sobie-poogladac\/#primaryimage"},"thumbnailUrl":"https:\/\/famesphere.pl\/wp-content\/uploads\/2024\/09\/SaveClip.App_455006197_1971109776644030_3323535695345997221_n.jpg","keywords":["Agnieszka Wo\u017aniak-Starak"],"articleSection":["ShowMix"],"inLanguage":"pl-PL","potentialAction":[{"@type":"CommentAction","name":"Comment","target":["https:\/\/famesphere.pl\/index.php\/2024\/09\/06\/agnieszka-wozniak-starak-mowi-co-uwaza-o-polsacie-to-nie-jest-telewizja-ktora-wlaczam-zeby-ja-sobie-poogladac\/#respond"]}]},{"@type":"WebPage","@id":"https:\/\/famesphere.pl\/index.php\/2024\/09\/06\/agnieszka-wozniak-starak-mowi-co-uwaza-o-polsacie-to-nie-jest-telewizja-ktora-wlaczam-zeby-ja-sobie-poogladac\/","url":"https:\/\/famesphere.pl\/index.php\/2024\/09\/06\/agnieszka-wozniak-starak-mowi-co-uwaza-o-polsacie-to-nie-jest-telewizja-ktora-wlaczam-zeby-ja-sobie-poogladac\/","name":"Agnieszka Wo\u017aniak-Starak m\u00f3wi co uwa\u017ca o Polsacie: \"To nie jest telewizja, kt\u00f3r\u0105 w\u0142\u0105czam \u017ceby j\u0105 sobie poogl\u0105da\u0107\" - FameSphere","isPartOf":{"@id":"https:\/\/famesphere.pl\/#website"},"primaryImageOfPage":{"@id":"https:\/\/famesphere.pl\/index.php\/2024\/09\/06\/agnieszka-wozniak-starak-mowi-co-uwaza-o-polsacie-to-nie-jest-telewizja-ktora-wlaczam-zeby-ja-sobie-poogladac\/#primaryimage"},"image":{"@id":"https:\/\/famesphere.pl\/index.php\/2024\/09\/06\/agnieszka-wozniak-starak-mowi-co-uwaza-o-polsacie-to-nie-jest-telewizja-ktora-wlaczam-zeby-ja-sobie-poogladac\/#primaryimage"},"thumbnailUrl":"https:\/\/famesphere.pl\/wp-content\/uploads\/2024\/09\/SaveClip.App_455006197_1971109776644030_3323535695345997221_n.jpg","datePublished":"2024-09-06T23:55:00+00:00","dateModified":"2025-05-05T17:23:31+00:00","breadcrumb":{"@id":"https:\/\/famesphere.pl\/index.php\/2024\/09\/06\/agnieszka-wozniak-starak-mowi-co-uwaza-o-polsacie-to-nie-jest-telewizja-ktora-wlaczam-zeby-ja-sobie-poogladac\/#breadcrumb"},"inLanguage":"pl-PL","potentialAction":[{"@type":"ReadAction","target":["https:\/\/famesphere.pl\/index.php\/2024\/09\/06\/agnieszka-wozniak-starak-mowi-co-uwaza-o-polsacie-to-nie-jest-telewizja-ktora-wlaczam-zeby-ja-sobie-poogladac\/"]}]},{"@type":"ImageObject","inLanguage":"pl-PL","@id":"https:\/\/famesphere.pl\/index.php\/2024\/09\/06\/agnieszka-wozniak-starak-mowi-co-uwaza-o-polsacie-to-nie-jest-telewizja-ktora-wlaczam-zeby-ja-sobie-poogladac\/#primaryimage","url":"https:\/\/famesphere.pl\/wp-content\/uploads\/2024\/09\/SaveClip.App_455006197_1971109776644030_3323535695345997221_n.jpg","contentUrl":"https:\/\/famesphere.pl\/wp-content\/uploads\/2024\/09\/SaveClip.App_455006197_1971109776644030_3323535695345997221_n.jpg","width":1080,"height":1224},{"@type":"BreadcrumbList","@id":"https:\/\/famesphere.pl\/index.php\/2024\/09\/06\/agnieszka-wozniak-starak-mowi-co-uwaza-o-polsacie-to-nie-jest-telewizja-ktora-wlaczam-zeby-ja-sobie-poogladac\/#breadcrumb","itemListElement":[{"@type":"ListItem","position":1,"name":"Strona g\u0142\u00f3wna","item":"https:\/\/famesphere.pl\/"},{"@type":"ListItem","position":2,"name":"Agnieszka Wo\u017aniak-Starak m\u00f3wi co uwa\u017ca o Polsacie: &#8222;To nie jest telewizja, kt\u00f3r\u0105 w\u0142\u0105czam \u017ceby j\u0105 sobie poogl\u0105da\u0107&#8221;"}]},{"@type":"WebSite","@id":"https:\/\/famesphere.pl\/#website","url":"https:\/\/famesphere.pl\/","name":"FameSphere","description":"Z show-biznesem jeste\u015bmy na bie\u017c\u0105co!","publisher":{"@id":"https:\/\/famesphere.pl\/#\/schema\/person\/acc9ff3d8fd31e29f6e12403dba892d2"},"potentialAction":[{"@type":"SearchAction","target":{"@type":"EntryPoint","urlTemplate":"https:\/\/famesphere.pl\/?s={search_term_string}"},"query-input":{"@type":"PropertyValueSpecification","valueRequired":true,"valueName":"search_term_string"}}],"inLanguage":"pl-PL"},{"@type":["Person","Organization"],"@id":"https:\/\/famesphere.pl\/#\/schema\/person\/acc9ff3d8fd31e29f6e12403dba892d2","name":"Paula Gajownik","image":{"@type":"ImageObject","inLanguage":"pl-PL","@id":"https:\/\/famesphere.pl\/wp-content\/uploads\/2024\/07\/cropped-cropped-DALL\u00b7E-2024-07-16-17.19.05-Create-a-logo-for-a-website-named-FameSphere.-The-logo-should-be-modern-and-sleek-incorporating-elements-that-suggest-fame-and-a-sphere.-Use-a-vibr-2.webp","url":"https:\/\/famesphere.pl\/wp-content\/uploads\/2024\/07\/cropped-cropped-DALL\u00b7E-2024-07-16-17.19.05-Create-a-logo-for-a-website-named-FameSphere.-The-logo-should-be-modern-and-sleek-incorporating-elements-that-suggest-fame-and-a-sphere.-Use-a-vibr-2.webp","contentUrl":"https:\/\/famesphere.pl\/wp-content\/uploads\/2024\/07\/cropped-cropped-DALL\u00b7E-2024-07-16-17.19.05-Create-a-logo-for-a-website-named-FameSphere.-The-logo-should-be-modern-and-sleek-incorporating-elements-that-suggest-fame-and-a-sphere.-Use-a-vibr-2.webp","width":512,"height":400,"caption":"Paula Gajownik"},"logo":{"@id":"https:\/\/famesphere.pl\/wp-content\/uploads\/2024\/07\/cropped-cropped-DALL\u00b7E-2024-07-16-17.19.05-Create-a-logo-for-a-website-named-FameSphere.-The-logo-should-be-modern-and-sleek-incorporating-elements-that-suggest-fame-and-a-sphere.-Use-a-vibr-2.webp"},"description":"Redaktor naczelna FameSphere. Absolwentka dziennikarstwa i komunikacji spo\u0142ecznej oraz specjalistka ds. marketingu i PR-u. Prywatnie posiadaczka dw\u00f3ch kr\u00f3lik\u00f3w, kt\u00f3re kocha ponad \u017cycie.","sameAs":["https:\/\/famesphere.pl"],"url":"https:\/\/famesphere.pl\/index.php\/author\/paula\/"}]}},"cc_featured_image_caption":{"caption_text":"","source_text":"Agnieszka Wo\u017aniak-Starak (Instagram: aga_wozniak_starak)","source_url":""},"jetpack_featured_media_url":"https:\/\/famesphere.pl\/wp-content\/uploads\/2024\/09\/SaveClip.App_455006197_1971109776644030_3323535695345997221_n.jpg","jetpack_sharing_enabled":true,"_links":{"self":[{"href":"https:\/\/famesphere.pl\/index.php\/wp-json\/wp\/v2\/posts\/1096","targetHints":{"allow":["GET"]}}],"collection":[{"href":"https:\/\/famesphere.pl\/index.php\/wp-json\/wp\/v2\/posts"}],"about":[{"href":"https:\/\/famesphere.pl\/index.php\/wp-json\/wp\/v2\/types\/post"}],"author":[{"embeddable":true,"href":"https:\/\/famesphere.pl\/index.php\/wp-json\/wp\/v2\/users\/1"}],"replies":[{"embeddable":true,"href":"https:\/\/famesphere.pl\/index.php\/wp-json\/wp\/v2\/comments?post=1096"}],"version-history":[{"count":9,"href":"https:\/\/famesphere.pl\/index.php\/wp-json\/wp\/v2\/posts\/1096\/revisions"}],"predecessor-version":[{"id":1141,"href":"https:\/\/famesphere.pl\/index.php\/wp-json\/wp\/v2\/posts\/1096\/revisions\/1141"}],"wp:featuredmedia":[{"embeddable":true,"href":"https:\/\/famesphere.pl\/index.php\/wp-json\/wp\/v2\/media\/1133"}],"wp:attachment":[{"href":"https:\/\/famesphere.pl\/index.php\/wp-json\/wp\/v2\/media?parent=1096"}],"wp:term":[{"taxonomy":"category","embeddable":true,"href":"https:\/\/famesphere.pl\/index.php\/wp-json\/wp\/v2\/categories?post=1096"},{"taxonomy":"post_tag","embeddable":true,"href":"https:\/\/famesphere.pl\/index.php\/wp-json\/wp\/v2\/tags?post=1096"}],"curies":[{"name":"wp","href":"https:\/\/api.w.org\/{rel}","templated":true}]}}