{"id":1102,"date":"2024-09-08T23:55:00","date_gmt":"2024-09-08T23:55:00","guid":{"rendered":"https:\/\/famesphere.pl\/?p=1102"},"modified":"2025-05-05T17:22:28","modified_gmt":"2025-05-05T17:22:28","slug":"adam-zdrojkowski-zostal-jednym-z-prowadzacych-must-be-the-music-aktor-cieszy-sie-i-mowi-to-jak-wygrana-w-totka","status":"publish","type":"post","link":"https:\/\/famesphere.pl\/index.php\/2024\/09\/08\/adam-zdrojkowski-zostal-jednym-z-prowadzacych-must-be-the-music-aktor-cieszy-sie-i-mowi-to-jak-wygrana-w-totka\/","title":{"rendered":"Adam Zdr\u00f3jkowski zosta\u0142 jednym z prowadz\u0105cych &#8222;Must Be the Music&#8221;! Aktor cieszy si\u0119 i m\u00f3wi: &#8222;To jak wygrana w totka&#8221;"},"content":{"rendered":"\n<p><strong>W przysz\u0142ym roku m\u0142ody aktor zaprezentuje si\u0119 widzom jako wsp\u00f3\u0142prowadz\u0105cy powracaj\u0105cego na ekrany telewizor\u00f3w programu &#8222;Must Be the Music&#8221;. Prezenter nie ukrywa, \u017ce jest to dla niego pow\u00f3d do rado\u015bci.<\/strong><\/p>\n\n\n\n<p>Adam Zdr\u00f3jkowski swoj\u0105 przygod\u0119 z aktorstwem rozpocz\u0105\u0142 od serialu &#8222;Rodzina zast\u0119pcza&#8221;, w kt\u00f3rym gra\u0142 Pawe\u0142ka. Dwa lata p\u00f3\u017aniej wcieli\u0142 si\u0119 w posta\u0107 Kuby Boskiego w &#8222;Rodzince.pl&#8221;. To w\u0142a\u015bnie ta rola zapewni\u0142a mu rozpoznawalno\u015b\u0107. Niedawno fani rodziny Boskich dowiedzieli si\u0119, \u017ce jego tw\u00f3rcy po ponad czterech latach przymierzaj\u0105 si\u0119 do wznowienia zdj\u0119\u0107 do &#8222;Rodzinki.pl&#8221;. Adam Zdr\u00f3jkowski przez kilka lat zwi\u0105zany by\u0142 z Wiktori\u0105 G\u0105siewsk\u0105, kt\u00f3ra r\u00f3wnie\u017c wyst\u0119powa\u0142a w serialu TVP2. Para jednak z czasem rozsta\u0142a si\u0119. P\u00f3\u017aniej brat Wiktorii w jednym z wywiad\u00f3w po walce na gali High League ujawni\u0142, \u017ce by\u0142 skonfliktowany ze Zdr\u00f3jkowskim, bo ten mia\u0142 \u017ale traktowa\u0107 jego siostr\u0119.<\/p>\n\n\n\n<figure class=\"wp-block-embed is-type-video is-provider-youtube wp-block-embed-youtube wp-embed-aspect-16-9 wp-has-aspect-ratio\"><div class=\"wp-block-embed__wrapper\">\n<iframe loading=\"lazy\" title=\"HARIBO o przegranej w High League oraz GORZKO O ADAMIE ZDR\u00d3JKOWSKIM: \u0179LE TRAKTOWA\u0141 WIKI!\" width=\"500\" height=\"281\" src=\"https:\/\/www.youtube.com\/embed\/GQe0LdVCF0Q?feature=oembed\" frameborder=\"0\" allow=\"accelerometer; autoplay; clipboard-write; encrypted-media; gyroscope; picture-in-picture; web-share\" referrerpolicy=\"strict-origin-when-cross-origin\" allowfullscreen><\/iframe>\n<\/div><figcaption class=\"wp-element-caption\">\u0179r\u00f3d\u0142o video: \u015awiat Gwiazd<\/figcaption><\/figure>\n\n\n\n<h5 class=\"wp-block-heading\">Adam Zdr\u00f3jkowski w ekipie programu &#8222;Must Be the Music&#8221;<\/h5>\n\n\n\n<p>By\u0142y partner Wiktorii G\u0105siewskiej coraz cz\u0119\u015bciej pojawia si\u0119 w telewizji w roli prezentera. Jeszcze niedawno wsp\u00f3\u0142prowadzi\u0142 &#8222;Magiczne Zako\u0144czenie Wakacji Kielce 2024&#8221;, a teraz okazuje si\u0119, \u017ce b\u0119dzie r\u00f3wnie\u017c jednym ze wsp\u00f3\u0142prowadz\u0105cych program muzyczny &#8222;Must Be the Music&#8221;. Pozosta\u0142a dw\u00f3jka prowadz\u0105cych to Patricia Kazadi i Maciej Rock. Przy stole jurorskim zasi\u0105d\u0105 Dawid Kwiatkowski, Sebastian Karpiel-Bu\u0142ecka, Natalia Szroeder oraz raper Miuosh. Talent show ma ponownie zawita\u0107 na anten\u0119 Polsatu ju\u017c w przysz\u0142ym roku. Obecnie trwaj\u0105 castingi do programu.<\/p>\n\n\n\n<p>Aktor w rozmowie z dziennikarzami przyby\u0142ymi na pierwszy casting, powiedzia\u0142, jak si\u0119 czuje z tym, \u017ce b\u0119dzie prowadzi\u0142 kultowy program. Reporterowi portalu Pomponik zdradzi\u0142, \u017ce do\u0142\u0105czenie do ekipy &#8222;Must Be the Music&#8221; jest dla niego ogromn\u0105 szans\u0105 na rozw\u00f3j. Wyzna\u0142, \u017ce nie zastanawia\u0142 si\u0119 nad przyj\u0119ciem propozycji prowadzenia programu. Decyzja by\u0142a dla niego oczywista.<\/p>\n\n\n\n<blockquote class=\"wp-block-quote is-layout-flow wp-block-quote-is-layout-flow\">\n<p>Nie musia\u0142em reagowa\u0107 (na propozycj\u0119 wsp\u00f3\u0142prowadzenia programu &#8211; przyp.red.). Jak ja to us\u0142ysza\u0142em ju\u017c, to po prostu wiedzia\u0142em, \u017ce jest to dla mnie olbrzymia szansa, nobilitacja i reakcja na to, to by\u0142 u\u015bmiech i bardzo du\u017ce zadowolenie, \u017ce w ko\u0144cu mog\u0119 te swoje umiej\u0119tno\u015bci sceniczne pr\u00f3bowa\u0107 wykorzysta\u0107 ju\u017c w programie. (&#8230;) Tu nie by\u0142o nad czym si\u0119 zastanawia\u0107. To tak jakby wygra\u0107 sz\u00f3stk\u0119 w totka troch\u0119 dla tak m\u0142odego go\u015bcia jak ja, kt\u00f3rego kariera si\u0119 ca\u0142y czas rozwija. To jest bardzo du\u017cy krok do przodu.<\/p>\n<\/blockquote>\n\n\n\n<p>W zwi\u0105zku z tym, \u017ce w programie b\u0119dzie a\u017c trzech prowadz\u0105cych, pad\u0142o r\u00f3wnie\u017c pytanie o to, czym konkretnie b\u0119dzie si\u0119 zajmowa\u0142a gwiazda serialu &#8222;Rodzinka.pl&#8221;. Zdr\u00f3jkowski oznajmi\u0142, \u017ce b\u0119dzie mi\u0119dzy innymi s\u0142u\u017cy\u0142 dobrym s\u0142owem uczestnikom.<\/p>\n\n\n\n<blockquote class=\"wp-block-quote is-layout-flow wp-block-quote-is-layout-flow\">\n<p>Ja my\u015bl\u0119, \u017ce z racji tego, \u017ce mamy Patrici\u0119 Kazadi i Ma\u0107ka Rocka, kt\u00f3rzy o wiele bardziej merytoryczni, do\u015bwiadczeni w r\u00f3\u017cnych rozmowach, na r\u00f3\u017cne tematy, ja b\u0119d\u0119 tutaj przede wszystkim tutaj rol\u0119 prowadzi\u0142 takiego &#8222;\u015bmieszka orzeszka&#8221; troch\u0119, osoby wspieraj\u0105cej. (&#8230;)<\/p>\n<\/blockquote>\n\n\n\n<p>Damian Glinka postanowi\u0142 tak\u017ce dowiedzie\u0107 si\u0119 od Adama Zdr\u00f3jkowskiego jakie jest jego marzenie zawodowe w obszarze prezenterstwa. 24-latek przyzna\u0142, \u017ce chcia\u0142by poprowadzi\u0107 program podobny do &#8222;Azja Express&#8221;.<\/p>\n\n\n\n<blockquote class=\"wp-block-quote is-layout-flow wp-block-quote-is-layout-flow\">\n<p>My\u015bl\u0119, \u017ce moje marzenia si\u0119 zaczynaj\u0105 spe\u0142nia\u0107. Moim marzeniem takim najwi\u0119kszym je\u015bli chodzi o prowadzenie, to chcia\u0142bym na pewno poprowadzi\u0107 jaki\u015b program jeszcze gdzie\u015b zagranic\u0105. Co\u015b takiego &#8222;Azja Express&#8221;, ale oczywi\u015bcie nie m\u00f3wi\u0119 dok\u0142adnie o tym. Chcia\u0142bym troch\u0119 jeszcze \u015bwiata zwiedzi\u0107, ale to, \u017ce ja mog\u0119 by\u0107 tutaj z osobami, kt\u00f3re najprawdopodobniej b\u0119d\u0119 ogl\u0105da\u0142 p\u00f3\u017aniej na scenie muzycznej, nie wiem czy mo\u017cna sobie wymarzy\u0107 jeszcze fajniejsz\u0105 robot\u0119 od tej.<\/p>\n<\/blockquote>\n\n\n\n<p>Co s\u0105dzicie o wyborze Adama Zdr\u00f3jkowskiego na wsp\u00f3\u0142prowadz\u0105cego tego program?<\/p>\n\n\n\n<figure class=\"wp-block-embed is-type-video is-provider-youtube wp-block-embed-youtube wp-embed-aspect-16-9 wp-has-aspect-ratio\"><div class=\"wp-block-embed__wrapper\">\n<iframe loading=\"lazy\" title=\"Adam Zdr\u00f3jkowski o powrocie rodzinka.pl Czy stawki aktor\u00f3w zwi\u0119ksz\u0105 si\u0119?\" width=\"500\" height=\"281\" src=\"https:\/\/www.youtube.com\/embed\/itWQCR_eRYY?start=2&#038;feature=oembed\" frameborder=\"0\" allow=\"accelerometer; autoplay; clipboard-write; encrypted-media; gyroscope; picture-in-picture; web-share\" referrerpolicy=\"strict-origin-when-cross-origin\" allowfullscreen><\/iframe>\n<\/div><figcaption class=\"wp-element-caption\">\u0179r\u00f3d\u0142o video: Pomponik<\/figcaption><\/figure>\n","protected":false},"excerpt":{"rendered":"<p>W przysz\u0142ym roku m\u0142ody aktor zaprezentuje si\u0119 widzom jako wsp\u00f3\u0142prowadz\u0105cy powracaj\u0105cego na ekrany telewizor\u00f3w programu &#8222;Must Be the Music&#8221;. Prezenter nie ukrywa, \u017ce jest to dla niego pow\u00f3d do rado\u015bci.&hellip;<\/p>\n","protected":false},"author":1,"featured_media":1151,"comment_status":"open","ping_status":"open","sticky":false,"template":"","format":"standard","meta":{"_jetpack_memberships_contains_paid_content":false,"footnotes":""},"categories":[104],"tags":[66],"class_list":["post-1102","post","type-post","status-publish","format-standard","has-post-thumbnail","hentry","category-showmix","tag-adam-zdrojkowski"],"yoast_head":"<!-- This site is optimized with the Yoast SEO plugin v27.4 - https:\/\/yoast.com\/product\/yoast-seo-wordpress\/ -->\n<title>Adam Zdr\u00f3jkowski zosta\u0142 jednym z prowadz\u0105cych &quot;Must Be the Music&quot;! Aktor cieszy si\u0119 i m\u00f3wi: &quot;To jak wygrana w totka&quot; - FameSphere<\/title>\n<meta name=\"robots\" content=\"index, follow, max-snippet:-1, max-image-preview:large, max-video-preview:-1\" \/>\n<link rel=\"canonical\" href=\"https:\/\/famesphere.pl\/index.php\/2024\/09\/08\/adam-zdrojkowski-zostal-jednym-z-prowadzacych-must-be-the-music-aktor-cieszy-sie-i-mowi-to-jak-wygrana-w-totka\/\" \/>\n<meta property=\"og:locale\" content=\"pl_PL\" \/>\n<meta property=\"og:type\" content=\"article\" \/>\n<meta property=\"og:title\" content=\"Adam Zdr\u00f3jkowski zosta\u0142 jednym z prowadz\u0105cych &quot;Must Be the Music&quot;! Aktor cieszy si\u0119 i m\u00f3wi: &quot;To jak wygrana w totka&quot; - FameSphere\" \/>\n<meta property=\"og:description\" content=\"W przysz\u0142ym roku m\u0142ody aktor zaprezentuje si\u0119 widzom jako wsp\u00f3\u0142prowadz\u0105cy powracaj\u0105cego na ekrany telewizor\u00f3w programu &#8222;Must Be the Music&#8221;. Prezenter nie ukrywa, \u017ce jest to dla niego pow\u00f3d do rado\u015bci.&hellip;\" \/>\n<meta property=\"og:url\" content=\"https:\/\/famesphere.pl\/index.php\/2024\/09\/08\/adam-zdrojkowski-zostal-jednym-z-prowadzacych-must-be-the-music-aktor-cieszy-sie-i-mowi-to-jak-wygrana-w-totka\/\" \/>\n<meta property=\"og:site_name\" content=\"FameSphere\" \/>\n<meta property=\"article:published_time\" content=\"2024-09-08T23:55:00+00:00\" \/>\n<meta property=\"article:modified_time\" content=\"2025-05-05T17:22:28+00:00\" \/>\n<meta property=\"og:image\" content=\"https:\/\/famesphere.pl\/wp-content\/uploads\/2024\/09\/SaveClip.App_452472998_18446705236051971_6541640436251820127_n.jpg\" \/>\n\t<meta property=\"og:image:width\" content=\"1080\" \/>\n\t<meta property=\"og:image:height\" content=\"1298\" \/>\n\t<meta property=\"og:image:type\" content=\"image\/jpeg\" \/>\n<meta name=\"author\" content=\"Paula Gajownik\" \/>\n<meta name=\"twitter:card\" content=\"summary_large_image\" \/>\n<meta name=\"twitter:label1\" content=\"Napisane przez\" \/>\n\t<meta name=\"twitter:data1\" content=\"Paula Gajownik\" \/>\n\t<meta name=\"twitter:label2\" content=\"Szacowany czas czytania\" \/>\n\t<meta name=\"twitter:data2\" content=\"3 minuty\" \/>\n<script type=\"application\/ld+json\" class=\"yoast-schema-graph\">{\"@context\":\"https:\\\/\\\/schema.org\",\"@graph\":[{\"@type\":\"Article\",\"@id\":\"https:\\\/\\\/famesphere.pl\\\/index.php\\\/2024\\\/09\\\/08\\\/adam-zdrojkowski-zostal-jednym-z-prowadzacych-must-be-the-music-aktor-cieszy-sie-i-mowi-to-jak-wygrana-w-totka\\\/#article\",\"isPartOf\":{\"@id\":\"https:\\\/\\\/famesphere.pl\\\/index.php\\\/2024\\\/09\\\/08\\\/adam-zdrojkowski-zostal-jednym-z-prowadzacych-must-be-the-music-aktor-cieszy-sie-i-mowi-to-jak-wygrana-w-totka\\\/\"},\"author\":{\"name\":\"Paula Gajownik\",\"@id\":\"https:\\\/\\\/famesphere.pl\\\/#\\\/schema\\\/person\\\/acc9ff3d8fd31e29f6e12403dba892d2\"},\"headline\":\"Adam Zdr\u00f3jkowski zosta\u0142 jednym z prowadz\u0105cych &#8222;Must Be the Music&#8221;! Aktor cieszy si\u0119 i m\u00f3wi: &#8222;To jak wygrana w totka&#8221;\",\"datePublished\":\"2024-09-08T23:55:00+00:00\",\"dateModified\":\"2025-05-05T17:22:28+00:00\",\"mainEntityOfPage\":{\"@id\":\"https:\\\/\\\/famesphere.pl\\\/index.php\\\/2024\\\/09\\\/08\\\/adam-zdrojkowski-zostal-jednym-z-prowadzacych-must-be-the-music-aktor-cieszy-sie-i-mowi-to-jak-wygrana-w-totka\\\/\"},\"wordCount\":709,\"commentCount\":0,\"publisher\":{\"@id\":\"https:\\\/\\\/famesphere.pl\\\/#\\\/schema\\\/person\\\/acc9ff3d8fd31e29f6e12403dba892d2\"},\"image\":{\"@id\":\"https:\\\/\\\/famesphere.pl\\\/index.php\\\/2024\\\/09\\\/08\\\/adam-zdrojkowski-zostal-jednym-z-prowadzacych-must-be-the-music-aktor-cieszy-sie-i-mowi-to-jak-wygrana-w-totka\\\/#primaryimage\"},\"thumbnailUrl\":\"https:\\\/\\\/famesphere.pl\\\/wp-content\\\/uploads\\\/2024\\\/09\\\/SaveClip.App_452472998_18446705236051971_6541640436251820127_n.jpg\",\"keywords\":[\"Adam Zdr\u00f3jkowski\"],\"articleSection\":[\"ShowMix\"],\"inLanguage\":\"pl-PL\",\"potentialAction\":[{\"@type\":\"CommentAction\",\"name\":\"Comment\",\"target\":[\"https:\\\/\\\/famesphere.pl\\\/index.php\\\/2024\\\/09\\\/08\\\/adam-zdrojkowski-zostal-jednym-z-prowadzacych-must-be-the-music-aktor-cieszy-sie-i-mowi-to-jak-wygrana-w-totka\\\/#respond\"]}]},{\"@type\":\"WebPage\",\"@id\":\"https:\\\/\\\/famesphere.pl\\\/index.php\\\/2024\\\/09\\\/08\\\/adam-zdrojkowski-zostal-jednym-z-prowadzacych-must-be-the-music-aktor-cieszy-sie-i-mowi-to-jak-wygrana-w-totka\\\/\",\"url\":\"https:\\\/\\\/famesphere.pl\\\/index.php\\\/2024\\\/09\\\/08\\\/adam-zdrojkowski-zostal-jednym-z-prowadzacych-must-be-the-music-aktor-cieszy-sie-i-mowi-to-jak-wygrana-w-totka\\\/\",\"name\":\"Adam Zdr\u00f3jkowski zosta\u0142 jednym z prowadz\u0105cych \\\"Must Be the Music\\\"! Aktor cieszy si\u0119 i m\u00f3wi: \\\"To jak wygrana w totka\\\" - FameSphere\",\"isPartOf\":{\"@id\":\"https:\\\/\\\/famesphere.pl\\\/#website\"},\"primaryImageOfPage\":{\"@id\":\"https:\\\/\\\/famesphere.pl\\\/index.php\\\/2024\\\/09\\\/08\\\/adam-zdrojkowski-zostal-jednym-z-prowadzacych-must-be-the-music-aktor-cieszy-sie-i-mowi-to-jak-wygrana-w-totka\\\/#primaryimage\"},\"image\":{\"@id\":\"https:\\\/\\\/famesphere.pl\\\/index.php\\\/2024\\\/09\\\/08\\\/adam-zdrojkowski-zostal-jednym-z-prowadzacych-must-be-the-music-aktor-cieszy-sie-i-mowi-to-jak-wygrana-w-totka\\\/#primaryimage\"},\"thumbnailUrl\":\"https:\\\/\\\/famesphere.pl\\\/wp-content\\\/uploads\\\/2024\\\/09\\\/SaveClip.App_452472998_18446705236051971_6541640436251820127_n.jpg\",\"datePublished\":\"2024-09-08T23:55:00+00:00\",\"dateModified\":\"2025-05-05T17:22:28+00:00\",\"breadcrumb\":{\"@id\":\"https:\\\/\\\/famesphere.pl\\\/index.php\\\/2024\\\/09\\\/08\\\/adam-zdrojkowski-zostal-jednym-z-prowadzacych-must-be-the-music-aktor-cieszy-sie-i-mowi-to-jak-wygrana-w-totka\\\/#breadcrumb\"},\"inLanguage\":\"pl-PL\",\"potentialAction\":[{\"@type\":\"ReadAction\",\"target\":[\"https:\\\/\\\/famesphere.pl\\\/index.php\\\/2024\\\/09\\\/08\\\/adam-zdrojkowski-zostal-jednym-z-prowadzacych-must-be-the-music-aktor-cieszy-sie-i-mowi-to-jak-wygrana-w-totka\\\/\"]}]},{\"@type\":\"ImageObject\",\"inLanguage\":\"pl-PL\",\"@id\":\"https:\\\/\\\/famesphere.pl\\\/index.php\\\/2024\\\/09\\\/08\\\/adam-zdrojkowski-zostal-jednym-z-prowadzacych-must-be-the-music-aktor-cieszy-sie-i-mowi-to-jak-wygrana-w-totka\\\/#primaryimage\",\"url\":\"https:\\\/\\\/famesphere.pl\\\/wp-content\\\/uploads\\\/2024\\\/09\\\/SaveClip.App_452472998_18446705236051971_6541640436251820127_n.jpg\",\"contentUrl\":\"https:\\\/\\\/famesphere.pl\\\/wp-content\\\/uploads\\\/2024\\\/09\\\/SaveClip.App_452472998_18446705236051971_6541640436251820127_n.jpg\",\"width\":1080,\"height\":1298},{\"@type\":\"BreadcrumbList\",\"@id\":\"https:\\\/\\\/famesphere.pl\\\/index.php\\\/2024\\\/09\\\/08\\\/adam-zdrojkowski-zostal-jednym-z-prowadzacych-must-be-the-music-aktor-cieszy-sie-i-mowi-to-jak-wygrana-w-totka\\\/#breadcrumb\",\"itemListElement\":[{\"@type\":\"ListItem\",\"position\":1,\"name\":\"Strona g\u0142\u00f3wna\",\"item\":\"https:\\\/\\\/famesphere.pl\\\/\"},{\"@type\":\"ListItem\",\"position\":2,\"name\":\"Adam Zdr\u00f3jkowski zosta\u0142 jednym z prowadz\u0105cych &#8222;Must Be the Music&#8221;! Aktor cieszy si\u0119 i m\u00f3wi: &#8222;To jak wygrana w totka&#8221;\"}]},{\"@type\":\"WebSite\",\"@id\":\"https:\\\/\\\/famesphere.pl\\\/#website\",\"url\":\"https:\\\/\\\/famesphere.pl\\\/\",\"name\":\"FameSphere\",\"description\":\"Z show-biznesem jeste\u015bmy na bie\u017c\u0105co!\",\"publisher\":{\"@id\":\"https:\\\/\\\/famesphere.pl\\\/#\\\/schema\\\/person\\\/acc9ff3d8fd31e29f6e12403dba892d2\"},\"potentialAction\":[{\"@type\":\"SearchAction\",\"target\":{\"@type\":\"EntryPoint\",\"urlTemplate\":\"https:\\\/\\\/famesphere.pl\\\/?s={search_term_string}\"},\"query-input\":{\"@type\":\"PropertyValueSpecification\",\"valueRequired\":true,\"valueName\":\"search_term_string\"}}],\"inLanguage\":\"pl-PL\"},{\"@type\":[\"Person\",\"Organization\"],\"@id\":\"https:\\\/\\\/famesphere.pl\\\/#\\\/schema\\\/person\\\/acc9ff3d8fd31e29f6e12403dba892d2\",\"name\":\"Paula Gajownik\",\"image\":{\"@type\":\"ImageObject\",\"inLanguage\":\"pl-PL\",\"@id\":\"https:\\\/\\\/famesphere.pl\\\/wp-content\\\/uploads\\\/2024\\\/07\\\/cropped-cropped-DALL\u00b7E-2024-07-16-17.19.05-Create-a-logo-for-a-website-named-FameSphere.-The-logo-should-be-modern-and-sleek-incorporating-elements-that-suggest-fame-and-a-sphere.-Use-a-vibr-2.webp\",\"url\":\"https:\\\/\\\/famesphere.pl\\\/wp-content\\\/uploads\\\/2024\\\/07\\\/cropped-cropped-DALL\u00b7E-2024-07-16-17.19.05-Create-a-logo-for-a-website-named-FameSphere.-The-logo-should-be-modern-and-sleek-incorporating-elements-that-suggest-fame-and-a-sphere.-Use-a-vibr-2.webp\",\"contentUrl\":\"https:\\\/\\\/famesphere.pl\\\/wp-content\\\/uploads\\\/2024\\\/07\\\/cropped-cropped-DALL\u00b7E-2024-07-16-17.19.05-Create-a-logo-for-a-website-named-FameSphere.-The-logo-should-be-modern-and-sleek-incorporating-elements-that-suggest-fame-and-a-sphere.-Use-a-vibr-2.webp\",\"width\":512,\"height\":400,\"caption\":\"Paula Gajownik\"},\"logo\":{\"@id\":\"https:\\\/\\\/famesphere.pl\\\/wp-content\\\/uploads\\\/2024\\\/07\\\/cropped-cropped-DALL\u00b7E-2024-07-16-17.19.05-Create-a-logo-for-a-website-named-FameSphere.-The-logo-should-be-modern-and-sleek-incorporating-elements-that-suggest-fame-and-a-sphere.-Use-a-vibr-2.webp\"},\"description\":\"Redaktor naczelna FameSphere. Absolwentka dziennikarstwa i komunikacji spo\u0142ecznej oraz specjalistka ds. marketingu i PR-u. Prywatnie posiadaczka dw\u00f3ch kr\u00f3lik\u00f3w, kt\u00f3re kocha ponad \u017cycie.\",\"sameAs\":[\"https:\\\/\\\/famesphere.pl\"],\"url\":\"https:\\\/\\\/famesphere.pl\\\/index.php\\\/author\\\/paula\\\/\"}]}<\/script>\n<!-- \/ Yoast SEO plugin. -->","yoast_head_json":{"title":"Adam Zdr\u00f3jkowski zosta\u0142 jednym z prowadz\u0105cych \"Must Be the Music\"! Aktor cieszy si\u0119 i m\u00f3wi: \"To jak wygrana w totka\" - FameSphere","robots":{"index":"index","follow":"follow","max-snippet":"max-snippet:-1","max-image-preview":"max-image-preview:large","max-video-preview":"max-video-preview:-1"},"canonical":"https:\/\/famesphere.pl\/index.php\/2024\/09\/08\/adam-zdrojkowski-zostal-jednym-z-prowadzacych-must-be-the-music-aktor-cieszy-sie-i-mowi-to-jak-wygrana-w-totka\/","og_locale":"pl_PL","og_type":"article","og_title":"Adam Zdr\u00f3jkowski zosta\u0142 jednym z prowadz\u0105cych \"Must Be the Music\"! Aktor cieszy si\u0119 i m\u00f3wi: \"To jak wygrana w totka\" - FameSphere","og_description":"W przysz\u0142ym roku m\u0142ody aktor zaprezentuje si\u0119 widzom jako wsp\u00f3\u0142prowadz\u0105cy powracaj\u0105cego na ekrany telewizor\u00f3w programu &#8222;Must Be the Music&#8221;. Prezenter nie ukrywa, \u017ce jest to dla niego pow\u00f3d do rado\u015bci.&hellip;","og_url":"https:\/\/famesphere.pl\/index.php\/2024\/09\/08\/adam-zdrojkowski-zostal-jednym-z-prowadzacych-must-be-the-music-aktor-cieszy-sie-i-mowi-to-jak-wygrana-w-totka\/","og_site_name":"FameSphere","article_published_time":"2024-09-08T23:55:00+00:00","article_modified_time":"2025-05-05T17:22:28+00:00","og_image":[{"width":1080,"height":1298,"url":"https:\/\/famesphere.pl\/wp-content\/uploads\/2024\/09\/SaveClip.App_452472998_18446705236051971_6541640436251820127_n.jpg","type":"image\/jpeg"}],"author":"Paula Gajownik","twitter_card":"summary_large_image","twitter_misc":{"Napisane przez":"Paula Gajownik","Szacowany czas czytania":"3 minuty"},"schema":{"@context":"https:\/\/schema.org","@graph":[{"@type":"Article","@id":"https:\/\/famesphere.pl\/index.php\/2024\/09\/08\/adam-zdrojkowski-zostal-jednym-z-prowadzacych-must-be-the-music-aktor-cieszy-sie-i-mowi-to-jak-wygrana-w-totka\/#article","isPartOf":{"@id":"https:\/\/famesphere.pl\/index.php\/2024\/09\/08\/adam-zdrojkowski-zostal-jednym-z-prowadzacych-must-be-the-music-aktor-cieszy-sie-i-mowi-to-jak-wygrana-w-totka\/"},"author":{"name":"Paula Gajownik","@id":"https:\/\/famesphere.pl\/#\/schema\/person\/acc9ff3d8fd31e29f6e12403dba892d2"},"headline":"Adam Zdr\u00f3jkowski zosta\u0142 jednym z prowadz\u0105cych &#8222;Must Be the Music&#8221;! Aktor cieszy si\u0119 i m\u00f3wi: &#8222;To jak wygrana w totka&#8221;","datePublished":"2024-09-08T23:55:00+00:00","dateModified":"2025-05-05T17:22:28+00:00","mainEntityOfPage":{"@id":"https:\/\/famesphere.pl\/index.php\/2024\/09\/08\/adam-zdrojkowski-zostal-jednym-z-prowadzacych-must-be-the-music-aktor-cieszy-sie-i-mowi-to-jak-wygrana-w-totka\/"},"wordCount":709,"commentCount":0,"publisher":{"@id":"https:\/\/famesphere.pl\/#\/schema\/person\/acc9ff3d8fd31e29f6e12403dba892d2"},"image":{"@id":"https:\/\/famesphere.pl\/index.php\/2024\/09\/08\/adam-zdrojkowski-zostal-jednym-z-prowadzacych-must-be-the-music-aktor-cieszy-sie-i-mowi-to-jak-wygrana-w-totka\/#primaryimage"},"thumbnailUrl":"https:\/\/famesphere.pl\/wp-content\/uploads\/2024\/09\/SaveClip.App_452472998_18446705236051971_6541640436251820127_n.jpg","keywords":["Adam Zdr\u00f3jkowski"],"articleSection":["ShowMix"],"inLanguage":"pl-PL","potentialAction":[{"@type":"CommentAction","name":"Comment","target":["https:\/\/famesphere.pl\/index.php\/2024\/09\/08\/adam-zdrojkowski-zostal-jednym-z-prowadzacych-must-be-the-music-aktor-cieszy-sie-i-mowi-to-jak-wygrana-w-totka\/#respond"]}]},{"@type":"WebPage","@id":"https:\/\/famesphere.pl\/index.php\/2024\/09\/08\/adam-zdrojkowski-zostal-jednym-z-prowadzacych-must-be-the-music-aktor-cieszy-sie-i-mowi-to-jak-wygrana-w-totka\/","url":"https:\/\/famesphere.pl\/index.php\/2024\/09\/08\/adam-zdrojkowski-zostal-jednym-z-prowadzacych-must-be-the-music-aktor-cieszy-sie-i-mowi-to-jak-wygrana-w-totka\/","name":"Adam Zdr\u00f3jkowski zosta\u0142 jednym z prowadz\u0105cych \"Must Be the Music\"! Aktor cieszy si\u0119 i m\u00f3wi: \"To jak wygrana w totka\" - FameSphere","isPartOf":{"@id":"https:\/\/famesphere.pl\/#website"},"primaryImageOfPage":{"@id":"https:\/\/famesphere.pl\/index.php\/2024\/09\/08\/adam-zdrojkowski-zostal-jednym-z-prowadzacych-must-be-the-music-aktor-cieszy-sie-i-mowi-to-jak-wygrana-w-totka\/#primaryimage"},"image":{"@id":"https:\/\/famesphere.pl\/index.php\/2024\/09\/08\/adam-zdrojkowski-zostal-jednym-z-prowadzacych-must-be-the-music-aktor-cieszy-sie-i-mowi-to-jak-wygrana-w-totka\/#primaryimage"},"thumbnailUrl":"https:\/\/famesphere.pl\/wp-content\/uploads\/2024\/09\/SaveClip.App_452472998_18446705236051971_6541640436251820127_n.jpg","datePublished":"2024-09-08T23:55:00+00:00","dateModified":"2025-05-05T17:22:28+00:00","breadcrumb":{"@id":"https:\/\/famesphere.pl\/index.php\/2024\/09\/08\/adam-zdrojkowski-zostal-jednym-z-prowadzacych-must-be-the-music-aktor-cieszy-sie-i-mowi-to-jak-wygrana-w-totka\/#breadcrumb"},"inLanguage":"pl-PL","potentialAction":[{"@type":"ReadAction","target":["https:\/\/famesphere.pl\/index.php\/2024\/09\/08\/adam-zdrojkowski-zostal-jednym-z-prowadzacych-must-be-the-music-aktor-cieszy-sie-i-mowi-to-jak-wygrana-w-totka\/"]}]},{"@type":"ImageObject","inLanguage":"pl-PL","@id":"https:\/\/famesphere.pl\/index.php\/2024\/09\/08\/adam-zdrojkowski-zostal-jednym-z-prowadzacych-must-be-the-music-aktor-cieszy-sie-i-mowi-to-jak-wygrana-w-totka\/#primaryimage","url":"https:\/\/famesphere.pl\/wp-content\/uploads\/2024\/09\/SaveClip.App_452472998_18446705236051971_6541640436251820127_n.jpg","contentUrl":"https:\/\/famesphere.pl\/wp-content\/uploads\/2024\/09\/SaveClip.App_452472998_18446705236051971_6541640436251820127_n.jpg","width":1080,"height":1298},{"@type":"BreadcrumbList","@id":"https:\/\/famesphere.pl\/index.php\/2024\/09\/08\/adam-zdrojkowski-zostal-jednym-z-prowadzacych-must-be-the-music-aktor-cieszy-sie-i-mowi-to-jak-wygrana-w-totka\/#breadcrumb","itemListElement":[{"@type":"ListItem","position":1,"name":"Strona g\u0142\u00f3wna","item":"https:\/\/famesphere.pl\/"},{"@type":"ListItem","position":2,"name":"Adam Zdr\u00f3jkowski zosta\u0142 jednym z prowadz\u0105cych &#8222;Must Be the Music&#8221;! Aktor cieszy si\u0119 i m\u00f3wi: &#8222;To jak wygrana w totka&#8221;"}]},{"@type":"WebSite","@id":"https:\/\/famesphere.pl\/#website","url":"https:\/\/famesphere.pl\/","name":"FameSphere","description":"Z show-biznesem jeste\u015bmy na bie\u017c\u0105co!","publisher":{"@id":"https:\/\/famesphere.pl\/#\/schema\/person\/acc9ff3d8fd31e29f6e12403dba892d2"},"potentialAction":[{"@type":"SearchAction","target":{"@type":"EntryPoint","urlTemplate":"https:\/\/famesphere.pl\/?s={search_term_string}"},"query-input":{"@type":"PropertyValueSpecification","valueRequired":true,"valueName":"search_term_string"}}],"inLanguage":"pl-PL"},{"@type":["Person","Organization"],"@id":"https:\/\/famesphere.pl\/#\/schema\/person\/acc9ff3d8fd31e29f6e12403dba892d2","name":"Paula Gajownik","image":{"@type":"ImageObject","inLanguage":"pl-PL","@id":"https:\/\/famesphere.pl\/wp-content\/uploads\/2024\/07\/cropped-cropped-DALL\u00b7E-2024-07-16-17.19.05-Create-a-logo-for-a-website-named-FameSphere.-The-logo-should-be-modern-and-sleek-incorporating-elements-that-suggest-fame-and-a-sphere.-Use-a-vibr-2.webp","url":"https:\/\/famesphere.pl\/wp-content\/uploads\/2024\/07\/cropped-cropped-DALL\u00b7E-2024-07-16-17.19.05-Create-a-logo-for-a-website-named-FameSphere.-The-logo-should-be-modern-and-sleek-incorporating-elements-that-suggest-fame-and-a-sphere.-Use-a-vibr-2.webp","contentUrl":"https:\/\/famesphere.pl\/wp-content\/uploads\/2024\/07\/cropped-cropped-DALL\u00b7E-2024-07-16-17.19.05-Create-a-logo-for-a-website-named-FameSphere.-The-logo-should-be-modern-and-sleek-incorporating-elements-that-suggest-fame-and-a-sphere.-Use-a-vibr-2.webp","width":512,"height":400,"caption":"Paula Gajownik"},"logo":{"@id":"https:\/\/famesphere.pl\/wp-content\/uploads\/2024\/07\/cropped-cropped-DALL\u00b7E-2024-07-16-17.19.05-Create-a-logo-for-a-website-named-FameSphere.-The-logo-should-be-modern-and-sleek-incorporating-elements-that-suggest-fame-and-a-sphere.-Use-a-vibr-2.webp"},"description":"Redaktor naczelna FameSphere. Absolwentka dziennikarstwa i komunikacji spo\u0142ecznej oraz specjalistka ds. marketingu i PR-u. Prywatnie posiadaczka dw\u00f3ch kr\u00f3lik\u00f3w, kt\u00f3re kocha ponad \u017cycie.","sameAs":["https:\/\/famesphere.pl"],"url":"https:\/\/famesphere.pl\/index.php\/author\/paula\/"}]}},"cc_featured_image_caption":{"caption_text":"","source_text":"Adam Zdr\u00f3jkowski (Instagram: adam_zdrojkowski)","source_url":""},"jetpack_featured_media_url":"https:\/\/famesphere.pl\/wp-content\/uploads\/2024\/09\/SaveClip.App_452472998_18446705236051971_6541640436251820127_n.jpg","jetpack_sharing_enabled":true,"_links":{"self":[{"href":"https:\/\/famesphere.pl\/index.php\/wp-json\/wp\/v2\/posts\/1102","targetHints":{"allow":["GET"]}}],"collection":[{"href":"https:\/\/famesphere.pl\/index.php\/wp-json\/wp\/v2\/posts"}],"about":[{"href":"https:\/\/famesphere.pl\/index.php\/wp-json\/wp\/v2\/types\/post"}],"author":[{"embeddable":true,"href":"https:\/\/famesphere.pl\/index.php\/wp-json\/wp\/v2\/users\/1"}],"replies":[{"embeddable":true,"href":"https:\/\/famesphere.pl\/index.php\/wp-json\/wp\/v2\/comments?post=1102"}],"version-history":[{"count":22,"href":"https:\/\/famesphere.pl\/index.php\/wp-json\/wp\/v2\/posts\/1102\/revisions"}],"predecessor-version":[{"id":1208,"href":"https:\/\/famesphere.pl\/index.php\/wp-json\/wp\/v2\/posts\/1102\/revisions\/1208"}],"wp:featuredmedia":[{"embeddable":true,"href":"https:\/\/famesphere.pl\/index.php\/wp-json\/wp\/v2\/media\/1151"}],"wp:attachment":[{"href":"https:\/\/famesphere.pl\/index.php\/wp-json\/wp\/v2\/media?parent=1102"}],"wp:term":[{"taxonomy":"category","embeddable":true,"href":"https:\/\/famesphere.pl\/index.php\/wp-json\/wp\/v2\/categories?post=1102"},{"taxonomy":"post_tag","embeddable":true,"href":"https:\/\/famesphere.pl\/index.php\/wp-json\/wp\/v2\/tags?post=1102"}],"curies":[{"name":"wp","href":"https:\/\/api.w.org\/{rel}","templated":true}]}}