{"id":1179,"date":"2024-09-14T23:55:00","date_gmt":"2024-09-14T23:55:00","guid":{"rendered":"https:\/\/famesphere.pl\/?p=1179"},"modified":"2025-05-05T11:14:02","modified_gmt":"2025-05-05T11:14:02","slug":"partnerka-marcina-hakiela-podzielila-sie-z-fanami-zdjeciami-z-sesji-ciazowej-caroline-derpienski-komentuje-najpiekniejsza-mama","status":"publish","type":"post","link":"https:\/\/famesphere.pl\/index.php\/2024\/09\/14\/partnerka-marcina-hakiela-podzielila-sie-z-fanami-zdjeciami-z-sesji-ciazowej-caroline-derpienski-komentuje-najpiekniejsza-mama\/","title":{"rendered":"Partnerka Marcina Hakiela podzieli\u0142a si\u0119 z fanami zdj\u0119ciami z sesji ci\u0105\u017cowej. Caroline Derpie\u0144ski komentuje: &#8222;Najpi\u0119kniejsza mama&#8221;"},"content":{"rendered":"\n<p><strong>Na Instagramie Dominiki Serowskiej pojawi\u0142o si\u0119 kilka fotografii z jej sesji ci\u0105\u017cowej. O komentarz pod zdj\u0119ciami partnerki Marcina Hakiela pokusi\u0142a si\u0119 tak\u017ce influencerka znana ze swojego zami\u0142owania do &#8222;dolars\u00f3w&#8221;.<\/strong><\/p>\n\n\n\n<p>Nowy zwi\u0105zek Marcina Hakiela stale budzi zainteresowanie medi\u00f3w. Na samym pocz\u0105tku tancerz nie ujawnia\u0142 kim jest jego ukochana. Przyszed\u0142 jednak w ko\u0144cu taki moment, w kt\u00f3rym przesta\u0142 ju\u017c to ukrywa\u0107. Z czasem zakochani coraz ch\u0119tniej zacz\u0119\u0142a ukazywa\u0107 dowody swojej mi\u0142o\u015bci w mediach spo\u0142eczno\u015bciowych. Najpierw internauci mogli zobaczy\u0107 ich wsp\u00f3lne zdj\u0119cie, na kt\u00f3rym wymieniali si\u0119 czu\u0142o\u015bciami w windzie, a nast\u0119pnie dowiedzieli si\u0119, \u017ce zrobili sobie taki sam tatua\u017c na wewn\u0119trznej stronie \u0142okcia. Zakochani z pewno\u015bci\u0105 jeszcze bardziej skupiaj\u0105 na sobie uwag\u0119 od chwili, w kt\u00f3rej pojawili si\u0119 razem na osiemnastych urodzinach portalu Pudelek. Dominika Serowska zaprezentowa\u0142a si\u0119 w\u00f3wczas w stylizacji, kt\u00f3ra podkre\u015bla\u0142a jej mocno zaokr\u0105glony brzuszek. W ten w\u0142a\u015bnie spos\u00f3b serwisy plotkarskie dowiedzia\u0142y si\u0119 o tym, \u017ce Dominika Serowska i Marcin Hakiel spodziewaj\u0105 si\u0119 dziecka.<\/p>\n\n\n\n<p>Niedawno by\u0142y m\u0105\u017c Katarzyny Cichopek oraz jego wybranka go\u015bcili w nowym programie TVN 7 &#8222;M\u00f3wi\u0119 Wam&#8221;. Show-biznesowy program prowadzi Mateusz H\u0142adki, kt\u00f3ry na \u017cywo rozmawia z celebrytami o aktualno\u015bciach z ich \u017cycia. Wszystko to przy udziale publiczno\u015bci zgromadzonej na rogu Ho\u017cej i Marsza\u0142kowskiej w Warszawie. Dominika Serowska oraz Marcin Hakiel zdradzili, jakie rozwa\u017caj\u0105 imiona dla swojej przysz\u0142ej pociechy. W\u015br\u00f3d imion \u017ce\u0144skich pad\u0142 pomys\u0142 na Matyld\u0119 i Olimpi\u0119, a m\u0119skich: Jeremiego, Radzimira i Romeo. Pocz\u0105tkuj\u0105ca influencerka jest otwarta r\u00f3wnie\u017c na inne ciekawe propozycje i zach\u0119ci\u0142a, by pisa\u0107 do niej w tej sprawie na Instagramie.<\/p>\n\n\n\n<h5 class=\"wp-block-heading\">Partnerka Marcina Hakiela pokazuje efekty swojej ci\u0105\u017cowej sesji zdj\u0119ciowej<\/h5>\n\n\n\n<p>Obecnie Dominika Serowska jest ju\u017c w zaawansowanej ci\u0105\u017cy. Dzisiaj na sw\u00f3j Instagram doda\u0142a par\u0119 fotografii ze swojej sesji ci\u0105\u017cowej, kt\u00f3re podpisa\u0142a zdaniem: &#8222;I\u2019m not a regular mom, i\u2019m a cool mom!&#8221; (&#8222;Nie jestem zwyk\u0142\u0105 mam\u0105, jestem fajn\u0105 mam\u0105&#8221; &#8211; przyp.red). Internauci w komentarzach pod galeri\u0105 zdj\u0119\u0107 nie szcz\u0119dzili komplement\u00f3w przysz\u0142ej mamie. Ich zdaniem druga po\u0142\u00f3wka Marcina Hakiela prezentuje si\u0119 na nich kwitn\u0105co. Poni\u017cej kilka komentarzy zachwyconych fan\u00f3w (pisownia oryginalna).<\/p>\n\n\n\n<blockquote class=\"wp-block-quote is-layout-flow wp-block-quote-is-layout-flow\">\n<p>Pi\u0119knie naturalnie i bardzo skromnie w pozytywnym znaczeniu \ud83d\udc95<\/p>\n<\/blockquote>\n\n\n\n<blockquote class=\"wp-block-quote is-layout-flow wp-block-quote-is-layout-flow\">\n<p>Rzadko podobaj\u0105 mi si\u0119 sesje z brzuszkiem, ale w takim wydaniu jest super. Pi\u0119knie wygl\u0105dasz i brzusio idealny \ud83e\udd70<\/p>\n<\/blockquote>\n\n\n\n<blockquote class=\"wp-block-quote is-layout-flow wp-block-quote-is-layout-flow\">\n<p>Chyba ma\u0142o kt\u00f3ra kobieta wygl\u0105da tak pi\u0119kne, kwitn\u0105co i po prostu WOW w ci\u0105\u017cy \ud83d\udd25\ud83d\ude4c<\/p>\n<\/blockquote>\n\n\n\n<p>Nie zabrak\u0142o tak\u017ce komentarza od Marcina Hakiela oraz&#8230; od Caroline Derpie\u0144ski. Oto co napisali.<\/p>\n\n\n<div class=\"wp-block-image\">\n<figure class=\"aligncenter size-large is-resized\"><img loading=\"lazy\" decoding=\"async\" width=\"1024\" height=\"330\" src=\"https:\/\/famesphere.pl\/wp-content\/uploads\/2024\/09\/image-1-1024x330.png\" alt=\"\" class=\"wp-image-1189\" style=\"width:680px;height:auto\" srcset=\"https:\/\/famesphere.pl\/wp-content\/uploads\/2024\/09\/image-1-1024x330.png 1024w, https:\/\/famesphere.pl\/wp-content\/uploads\/2024\/09\/image-1-300x97.png 300w, https:\/\/famesphere.pl\/wp-content\/uploads\/2024\/09\/image-1-768x248.png 768w, https:\/\/famesphere.pl\/wp-content\/uploads\/2024\/09\/image-1.png 1404w\" sizes=\"auto, (max-width: 1024px) 100vw, 1024px\" \/><\/figure>\n<\/div>\n\n<div class=\"wp-block-image\">\n<figure class=\"aligncenter size-full is-resized\"><img loading=\"lazy\" decoding=\"async\" width=\"614\" height=\"230\" src=\"https:\/\/famesphere.pl\/wp-content\/uploads\/2024\/09\/image.png\" alt=\"\" class=\"wp-image-1188\" style=\"width:654px;height:auto\" srcset=\"https:\/\/famesphere.pl\/wp-content\/uploads\/2024\/09\/image.png 614w, https:\/\/famesphere.pl\/wp-content\/uploads\/2024\/09\/image-300x112.png 300w\" sizes=\"auto, (max-width: 614px) 100vw, 614px\" \/><\/figure>\n<\/div>\n\n\n<p>Kt\u00f3re zdj\u0119cie z sesji ci\u0105\u017cowej podoba Wam si\u0119 najbardziej?<\/p>\n\n\n\n<figure class=\"wp-block-embed is-type-rich is-provider-instagram wp-block-embed-instagram\"><div class=\"wp-block-embed__wrapper\">\n<blockquote class=\"instagram-media\" data-instgrm-captioned data-instgrm-permalink=\"https:\/\/www.instagram.com\/p\/C_5cXxlIfCI\/?utm_source=ig_embed&amp;utm_campaign=loading\" data-instgrm-version=\"14\" style=\" background:#FFF; border:0; border-radius:3px; box-shadow:0 0 1px 0 rgba(0,0,0,0.5),0 1px 10px 0 rgba(0,0,0,0.15); margin: 1px; max-width:500px; min-width:326px; padding:0; width:99.375%; width:-webkit-calc(100% - 2px); width:calc(100% - 2px);\"><div style=\"padding:16px;\"> <a href=\"https:\/\/www.instagram.com\/p\/C_5cXxlIfCI\/?utm_source=ig_embed&amp;utm_campaign=loading\" style=\" background:#FFFFFF; line-height:0; padding:0 0; text-align:center; text-decoration:none; width:100%;\" target=\"_blank\"> <div style=\" display: flex; flex-direction: row; align-items: center;\"> <div style=\"background-color: #F4F4F4; border-radius: 50%; flex-grow: 0; height: 40px; margin-right: 14px; width: 40px;\"><\/div> <div style=\"display: flex; flex-direction: column; flex-grow: 1; justify-content: center;\"> <div style=\" background-color: #F4F4F4; border-radius: 4px; flex-grow: 0; height: 14px; margin-bottom: 6px; width: 100px;\"><\/div> <div style=\" background-color: #F4F4F4; border-radius: 4px; flex-grow: 0; height: 14px; width: 60px;\"><\/div><\/div><\/div><div style=\"padding: 19% 0;\"><\/div> <div style=\"display:block; height:50px; margin:0 auto 12px; width:50px;\"><svg width=\"50px\" height=\"50px\" viewBox=\"0 0 60 60\" version=\"1.1\" xmlns=\"https:\/\/www.w3.org\/2000\/svg\" xmlns:xlink=\"https:\/\/www.w3.org\/1999\/xlink\"><g stroke=\"none\" stroke-width=\"1\" fill=\"none\" fill-rule=\"evenodd\"><g transform=\"translate(-511.000000, -20.000000)\" fill=\"#000000\"><g><path d=\"M556.869,30.41 C554.814,30.41 553.148,32.076 553.148,34.131 C553.148,36.186 554.814,37.852 556.869,37.852 C558.924,37.852 560.59,36.186 560.59,34.131 C560.59,32.076 558.924,30.41 556.869,30.41 M541,60.657 C535.114,60.657 530.342,55.887 530.342,50 C530.342,44.114 535.114,39.342 541,39.342 C546.887,39.342 551.658,44.114 551.658,50 C551.658,55.887 546.887,60.657 541,60.657 M541,33.886 C532.1,33.886 524.886,41.1 524.886,50 C524.886,58.899 532.1,66.113 541,66.113 C549.9,66.113 557.115,58.899 557.115,50 C557.115,41.1 549.9,33.886 541,33.886 M565.378,62.101 C565.244,65.022 564.756,66.606 564.346,67.663 C563.803,69.06 563.154,70.057 562.106,71.106 C561.058,72.155 560.06,72.803 558.662,73.347 C557.607,73.757 556.021,74.244 553.102,74.378 C549.944,74.521 548.997,74.552 541,74.552 C533.003,74.552 532.056,74.521 528.898,74.378 C525.979,74.244 524.393,73.757 523.338,73.347 C521.94,72.803 520.942,72.155 519.894,71.106 C518.846,70.057 518.197,69.06 517.654,67.663 C517.244,66.606 516.755,65.022 516.623,62.101 C516.479,58.943 516.448,57.996 516.448,50 C516.448,42.003 516.479,41.056 516.623,37.899 C516.755,34.978 517.244,33.391 517.654,32.338 C518.197,30.938 518.846,29.942 519.894,28.894 C520.942,27.846 521.94,27.196 523.338,26.654 C524.393,26.244 525.979,25.756 528.898,25.623 C532.057,25.479 533.004,25.448 541,25.448 C548.997,25.448 549.943,25.479 553.102,25.623 C556.021,25.756 557.607,26.244 558.662,26.654 C560.06,27.196 561.058,27.846 562.106,28.894 C563.154,29.942 563.803,30.938 564.346,32.338 C564.756,33.391 565.244,34.978 565.378,37.899 C565.522,41.056 565.552,42.003 565.552,50 C565.552,57.996 565.522,58.943 565.378,62.101 M570.82,37.631 C570.674,34.438 570.167,32.258 569.425,30.349 C568.659,28.377 567.633,26.702 565.965,25.035 C564.297,23.368 562.623,22.342 560.652,21.575 C558.743,20.834 556.562,20.326 553.369,20.18 C550.169,20.033 549.148,20 541,20 C532.853,20 531.831,20.033 528.631,20.18 C525.438,20.326 523.257,20.834 521.349,21.575 C519.376,22.342 517.703,23.368 516.035,25.035 C514.368,26.702 513.342,28.377 512.574,30.349 C511.834,32.258 511.326,34.438 511.181,37.631 C511.035,40.831 511,41.851 511,50 C511,58.147 511.035,59.17 511.181,62.369 C511.326,65.562 511.834,67.743 512.574,69.651 C513.342,71.625 514.368,73.296 516.035,74.965 C517.703,76.634 519.376,77.658 521.349,78.425 C523.257,79.167 525.438,79.673 528.631,79.82 C531.831,79.965 532.853,80.001 541,80.001 C549.148,80.001 550.169,79.965 553.369,79.82 C556.562,79.673 558.743,79.167 560.652,78.425 C562.623,77.658 564.297,76.634 565.965,74.965 C567.633,73.296 568.659,71.625 569.425,69.651 C570.167,67.743 570.674,65.562 570.82,62.369 C570.966,59.17 571,58.147 571,50 C571,41.851 570.966,40.831 570.82,37.631\"><\/path><\/g><\/g><\/g><\/svg><\/div><div style=\"padding-top: 8px;\"> <div style=\" color:#3897f0; font-family:Arial,sans-serif; font-size:14px; font-style:normal; font-weight:550; line-height:18px;\">View this post on Instagram<\/div><\/div><div style=\"padding: 12.5% 0;\"><\/div> <div style=\"display: flex; flex-direction: row; margin-bottom: 14px; align-items: center;\"><div> <div style=\"background-color: #F4F4F4; border-radius: 50%; height: 12.5px; width: 12.5px; transform: translateX(0px) translateY(7px);\"><\/div> <div style=\"background-color: #F4F4F4; height: 12.5px; transform: rotate(-45deg) translateX(3px) translateY(1px); width: 12.5px; flex-grow: 0; margin-right: 14px; margin-left: 2px;\"><\/div> <div style=\"background-color: #F4F4F4; border-radius: 50%; height: 12.5px; width: 12.5px; transform: translateX(9px) translateY(-18px);\"><\/div><\/div><div style=\"margin-left: 8px;\"> <div style=\" background-color: #F4F4F4; border-radius: 50%; flex-grow: 0; height: 20px; width: 20px;\"><\/div> <div style=\" width: 0; height: 0; border-top: 2px solid transparent; border-left: 6px solid #f4f4f4; border-bottom: 2px solid transparent; transform: translateX(16px) translateY(-4px) rotate(30deg)\"><\/div><\/div><div style=\"margin-left: auto;\"> <div style=\" width: 0px; border-top: 8px solid #F4F4F4; border-right: 8px solid transparent; transform: translateY(16px);\"><\/div> <div style=\" background-color: #F4F4F4; flex-grow: 0; height: 12px; width: 16px; transform: translateY(-4px);\"><\/div> <div style=\" width: 0; height: 0; border-top: 8px solid #F4F4F4; border-left: 8px solid transparent; transform: translateY(-4px) translateX(8px);\"><\/div><\/div><\/div> <div style=\"display: flex; flex-direction: column; flex-grow: 1; justify-content: center; margin-bottom: 24px;\"> <div style=\" background-color: #F4F4F4; border-radius: 4px; flex-grow: 0; height: 14px; margin-bottom: 6px; width: 224px;\"><\/div> <div style=\" background-color: #F4F4F4; border-radius: 4px; flex-grow: 0; height: 14px; width: 144px;\"><\/div><\/div><\/a><p style=\" color:#c9c8cd; font-family:Arial,sans-serif; font-size:14px; line-height:17px; margin-bottom:0; margin-top:8px; overflow:hidden; padding:8px 0 7px; text-align:center; text-overflow:ellipsis; white-space:nowrap;\"><a href=\"https:\/\/www.instagram.com\/p\/C_5cXxlIfCI\/?utm_source=ig_embed&amp;utm_campaign=loading\" style=\" color:#c9c8cd; font-family:Arial,sans-serif; font-size:14px; font-style:normal; font-weight:normal; line-height:17px; text-decoration:none;\" target=\"_blank\">A post shared by @_de_bonbon_<\/a><\/p><\/div><\/blockquote><script async src=\"\/\/platform.instagram.com\/en_US\/embeds.js\"><\/script>\n<\/div><\/figure>\n","protected":false},"excerpt":{"rendered":"<p>Na Instagramie Dominiki Serowskiej pojawi\u0142o si\u0119 kilka fotografii z jej sesji ci\u0105\u017cowej. O komentarz pod zdj\u0119ciami partnerki Marcina Hakiela pokusi\u0142a si\u0119 tak\u017ce influencerka znana ze swojego zami\u0142owania do &#8222;dolars\u00f3w&#8221;. Nowy&hellip;<\/p>\n","protected":false},"author":1,"featured_media":1180,"comment_status":"open","ping_status":"open","sticky":false,"template":"","format":"standard","meta":{"_jetpack_memberships_contains_paid_content":false,"footnotes":""},"categories":[102],"tags":[67],"class_list":["post-1179","post","type-post","status-publish","format-standard","has-post-thumbnail","hentry","category-babyalert","tag-dominika-serowska"],"yoast_head":"<!-- This site is optimized with the Yoast SEO plugin v27.4 - https:\/\/yoast.com\/product\/yoast-seo-wordpress\/ -->\n<title>Partnerka Marcina Hakiela podzieli\u0142a si\u0119 z fanami zdj\u0119ciami z sesji ci\u0105\u017cowej. Caroline Derpie\u0144ski komentuje: &quot;Najpi\u0119kniejsza mama&quot; - FameSphere<\/title>\n<meta name=\"robots\" content=\"index, follow, max-snippet:-1, max-image-preview:large, max-video-preview:-1\" \/>\n<link rel=\"canonical\" href=\"https:\/\/famesphere.pl\/index.php\/2024\/09\/14\/partnerka-marcina-hakiela-podzielila-sie-z-fanami-zdjeciami-z-sesji-ciazowej-caroline-derpienski-komentuje-najpiekniejsza-mama\/\" \/>\n<meta property=\"og:locale\" content=\"pl_PL\" \/>\n<meta property=\"og:type\" content=\"article\" \/>\n<meta property=\"og:title\" content=\"Partnerka Marcina Hakiela podzieli\u0142a si\u0119 z fanami zdj\u0119ciami z sesji ci\u0105\u017cowej. Caroline Derpie\u0144ski komentuje: &quot;Najpi\u0119kniejsza mama&quot; - FameSphere\" \/>\n<meta property=\"og:description\" content=\"Na Instagramie Dominiki Serowskiej pojawi\u0142o si\u0119 kilka fotografii z jej sesji ci\u0105\u017cowej. O komentarz pod zdj\u0119ciami partnerki Marcina Hakiela pokusi\u0142a si\u0119 tak\u017ce influencerka znana ze swojego zami\u0142owania do &#8222;dolars\u00f3w&#8221;. Nowy&hellip;\" \/>\n<meta property=\"og:url\" content=\"https:\/\/famesphere.pl\/index.php\/2024\/09\/14\/partnerka-marcina-hakiela-podzielila-sie-z-fanami-zdjeciami-z-sesji-ciazowej-caroline-derpienski-komentuje-najpiekniejsza-mama\/\" \/>\n<meta property=\"og:site_name\" content=\"FameSphere\" \/>\n<meta property=\"article:published_time\" content=\"2024-09-14T23:55:00+00:00\" \/>\n<meta property=\"article:modified_time\" content=\"2025-05-05T11:14:02+00:00\" \/>\n<meta property=\"og:image\" content=\"https:\/\/famesphere.pl\/wp-content\/uploads\/2024\/09\/SaveClip.App_456435443_1302436471134314_714937062851535779_n.jpg\" \/>\n\t<meta property=\"og:image:width\" content=\"1080\" \/>\n\t<meta property=\"og:image:height\" content=\"1350\" \/>\n\t<meta property=\"og:image:type\" content=\"image\/jpeg\" \/>\n<meta name=\"author\" content=\"Paula Gajownik\" \/>\n<meta name=\"twitter:card\" content=\"summary_large_image\" \/>\n<meta name=\"twitter:label1\" content=\"Napisane przez\" \/>\n\t<meta name=\"twitter:data1\" content=\"Paula Gajownik\" \/>\n\t<meta name=\"twitter:label2\" content=\"Szacowany czas czytania\" \/>\n\t<meta name=\"twitter:data2\" content=\"3 minuty\" \/>\n<script type=\"application\/ld+json\" class=\"yoast-schema-graph\">{\"@context\":\"https:\\\/\\\/schema.org\",\"@graph\":[{\"@type\":\"Article\",\"@id\":\"https:\\\/\\\/famesphere.pl\\\/index.php\\\/2024\\\/09\\\/14\\\/partnerka-marcina-hakiela-podzielila-sie-z-fanami-zdjeciami-z-sesji-ciazowej-caroline-derpienski-komentuje-najpiekniejsza-mama\\\/#article\",\"isPartOf\":{\"@id\":\"https:\\\/\\\/famesphere.pl\\\/index.php\\\/2024\\\/09\\\/14\\\/partnerka-marcina-hakiela-podzielila-sie-z-fanami-zdjeciami-z-sesji-ciazowej-caroline-derpienski-komentuje-najpiekniejsza-mama\\\/\"},\"author\":{\"name\":\"Paula Gajownik\",\"@id\":\"https:\\\/\\\/famesphere.pl\\\/#\\\/schema\\\/person\\\/acc9ff3d8fd31e29f6e12403dba892d2\"},\"headline\":\"Partnerka Marcina Hakiela podzieli\u0142a si\u0119 z fanami zdj\u0119ciami z sesji ci\u0105\u017cowej. Caroline Derpie\u0144ski komentuje: &#8222;Najpi\u0119kniejsza mama&#8221;\",\"datePublished\":\"2024-09-14T23:55:00+00:00\",\"dateModified\":\"2025-05-05T11:14:02+00:00\",\"mainEntityOfPage\":{\"@id\":\"https:\\\/\\\/famesphere.pl\\\/index.php\\\/2024\\\/09\\\/14\\\/partnerka-marcina-hakiela-podzielila-sie-z-fanami-zdjeciami-z-sesji-ciazowej-caroline-derpienski-komentuje-najpiekniejsza-mama\\\/\"},\"wordCount\":506,\"commentCount\":0,\"publisher\":{\"@id\":\"https:\\\/\\\/famesphere.pl\\\/#\\\/schema\\\/person\\\/acc9ff3d8fd31e29f6e12403dba892d2\"},\"image\":{\"@id\":\"https:\\\/\\\/famesphere.pl\\\/index.php\\\/2024\\\/09\\\/14\\\/partnerka-marcina-hakiela-podzielila-sie-z-fanami-zdjeciami-z-sesji-ciazowej-caroline-derpienski-komentuje-najpiekniejsza-mama\\\/#primaryimage\"},\"thumbnailUrl\":\"https:\\\/\\\/famesphere.pl\\\/wp-content\\\/uploads\\\/2024\\\/09\\\/SaveClip.App_456435443_1302436471134314_714937062851535779_n.jpg\",\"keywords\":[\"Dominika Serowska\"],\"articleSection\":[\"#BabyAlert\"],\"inLanguage\":\"pl-PL\",\"potentialAction\":[{\"@type\":\"CommentAction\",\"name\":\"Comment\",\"target\":[\"https:\\\/\\\/famesphere.pl\\\/index.php\\\/2024\\\/09\\\/14\\\/partnerka-marcina-hakiela-podzielila-sie-z-fanami-zdjeciami-z-sesji-ciazowej-caroline-derpienski-komentuje-najpiekniejsza-mama\\\/#respond\"]}]},{\"@type\":\"WebPage\",\"@id\":\"https:\\\/\\\/famesphere.pl\\\/index.php\\\/2024\\\/09\\\/14\\\/partnerka-marcina-hakiela-podzielila-sie-z-fanami-zdjeciami-z-sesji-ciazowej-caroline-derpienski-komentuje-najpiekniejsza-mama\\\/\",\"url\":\"https:\\\/\\\/famesphere.pl\\\/index.php\\\/2024\\\/09\\\/14\\\/partnerka-marcina-hakiela-podzielila-sie-z-fanami-zdjeciami-z-sesji-ciazowej-caroline-derpienski-komentuje-najpiekniejsza-mama\\\/\",\"name\":\"Partnerka Marcina Hakiela podzieli\u0142a si\u0119 z fanami zdj\u0119ciami z sesji ci\u0105\u017cowej. Caroline Derpie\u0144ski komentuje: \\\"Najpi\u0119kniejsza mama\\\" - FameSphere\",\"isPartOf\":{\"@id\":\"https:\\\/\\\/famesphere.pl\\\/#website\"},\"primaryImageOfPage\":{\"@id\":\"https:\\\/\\\/famesphere.pl\\\/index.php\\\/2024\\\/09\\\/14\\\/partnerka-marcina-hakiela-podzielila-sie-z-fanami-zdjeciami-z-sesji-ciazowej-caroline-derpienski-komentuje-najpiekniejsza-mama\\\/#primaryimage\"},\"image\":{\"@id\":\"https:\\\/\\\/famesphere.pl\\\/index.php\\\/2024\\\/09\\\/14\\\/partnerka-marcina-hakiela-podzielila-sie-z-fanami-zdjeciami-z-sesji-ciazowej-caroline-derpienski-komentuje-najpiekniejsza-mama\\\/#primaryimage\"},\"thumbnailUrl\":\"https:\\\/\\\/famesphere.pl\\\/wp-content\\\/uploads\\\/2024\\\/09\\\/SaveClip.App_456435443_1302436471134314_714937062851535779_n.jpg\",\"datePublished\":\"2024-09-14T23:55:00+00:00\",\"dateModified\":\"2025-05-05T11:14:02+00:00\",\"breadcrumb\":{\"@id\":\"https:\\\/\\\/famesphere.pl\\\/index.php\\\/2024\\\/09\\\/14\\\/partnerka-marcina-hakiela-podzielila-sie-z-fanami-zdjeciami-z-sesji-ciazowej-caroline-derpienski-komentuje-najpiekniejsza-mama\\\/#breadcrumb\"},\"inLanguage\":\"pl-PL\",\"potentialAction\":[{\"@type\":\"ReadAction\",\"target\":[\"https:\\\/\\\/famesphere.pl\\\/index.php\\\/2024\\\/09\\\/14\\\/partnerka-marcina-hakiela-podzielila-sie-z-fanami-zdjeciami-z-sesji-ciazowej-caroline-derpienski-komentuje-najpiekniejsza-mama\\\/\"]}]},{\"@type\":\"ImageObject\",\"inLanguage\":\"pl-PL\",\"@id\":\"https:\\\/\\\/famesphere.pl\\\/index.php\\\/2024\\\/09\\\/14\\\/partnerka-marcina-hakiela-podzielila-sie-z-fanami-zdjeciami-z-sesji-ciazowej-caroline-derpienski-komentuje-najpiekniejsza-mama\\\/#primaryimage\",\"url\":\"https:\\\/\\\/famesphere.pl\\\/wp-content\\\/uploads\\\/2024\\\/09\\\/SaveClip.App_456435443_1302436471134314_714937062851535779_n.jpg\",\"contentUrl\":\"https:\\\/\\\/famesphere.pl\\\/wp-content\\\/uploads\\\/2024\\\/09\\\/SaveClip.App_456435443_1302436471134314_714937062851535779_n.jpg\",\"width\":1080,\"height\":1350},{\"@type\":\"BreadcrumbList\",\"@id\":\"https:\\\/\\\/famesphere.pl\\\/index.php\\\/2024\\\/09\\\/14\\\/partnerka-marcina-hakiela-podzielila-sie-z-fanami-zdjeciami-z-sesji-ciazowej-caroline-derpienski-komentuje-najpiekniejsza-mama\\\/#breadcrumb\",\"itemListElement\":[{\"@type\":\"ListItem\",\"position\":1,\"name\":\"Strona g\u0142\u00f3wna\",\"item\":\"https:\\\/\\\/famesphere.pl\\\/\"},{\"@type\":\"ListItem\",\"position\":2,\"name\":\"Partnerka Marcina Hakiela podzieli\u0142a si\u0119 z fanami zdj\u0119ciami z sesji ci\u0105\u017cowej. Caroline Derpie\u0144ski komentuje: &#8222;Najpi\u0119kniejsza mama&#8221;\"}]},{\"@type\":\"WebSite\",\"@id\":\"https:\\\/\\\/famesphere.pl\\\/#website\",\"url\":\"https:\\\/\\\/famesphere.pl\\\/\",\"name\":\"FameSphere\",\"description\":\"Z show-biznesem jeste\u015bmy na bie\u017c\u0105co!\",\"publisher\":{\"@id\":\"https:\\\/\\\/famesphere.pl\\\/#\\\/schema\\\/person\\\/acc9ff3d8fd31e29f6e12403dba892d2\"},\"potentialAction\":[{\"@type\":\"SearchAction\",\"target\":{\"@type\":\"EntryPoint\",\"urlTemplate\":\"https:\\\/\\\/famesphere.pl\\\/?s={search_term_string}\"},\"query-input\":{\"@type\":\"PropertyValueSpecification\",\"valueRequired\":true,\"valueName\":\"search_term_string\"}}],\"inLanguage\":\"pl-PL\"},{\"@type\":[\"Person\",\"Organization\"],\"@id\":\"https:\\\/\\\/famesphere.pl\\\/#\\\/schema\\\/person\\\/acc9ff3d8fd31e29f6e12403dba892d2\",\"name\":\"Paula Gajownik\",\"image\":{\"@type\":\"ImageObject\",\"inLanguage\":\"pl-PL\",\"@id\":\"https:\\\/\\\/famesphere.pl\\\/wp-content\\\/uploads\\\/2024\\\/07\\\/cropped-cropped-DALL\u00b7E-2024-07-16-17.19.05-Create-a-logo-for-a-website-named-FameSphere.-The-logo-should-be-modern-and-sleek-incorporating-elements-that-suggest-fame-and-a-sphere.-Use-a-vibr-2.webp\",\"url\":\"https:\\\/\\\/famesphere.pl\\\/wp-content\\\/uploads\\\/2024\\\/07\\\/cropped-cropped-DALL\u00b7E-2024-07-16-17.19.05-Create-a-logo-for-a-website-named-FameSphere.-The-logo-should-be-modern-and-sleek-incorporating-elements-that-suggest-fame-and-a-sphere.-Use-a-vibr-2.webp\",\"contentUrl\":\"https:\\\/\\\/famesphere.pl\\\/wp-content\\\/uploads\\\/2024\\\/07\\\/cropped-cropped-DALL\u00b7E-2024-07-16-17.19.05-Create-a-logo-for-a-website-named-FameSphere.-The-logo-should-be-modern-and-sleek-incorporating-elements-that-suggest-fame-and-a-sphere.-Use-a-vibr-2.webp\",\"width\":512,\"height\":400,\"caption\":\"Paula Gajownik\"},\"logo\":{\"@id\":\"https:\\\/\\\/famesphere.pl\\\/wp-content\\\/uploads\\\/2024\\\/07\\\/cropped-cropped-DALL\u00b7E-2024-07-16-17.19.05-Create-a-logo-for-a-website-named-FameSphere.-The-logo-should-be-modern-and-sleek-incorporating-elements-that-suggest-fame-and-a-sphere.-Use-a-vibr-2.webp\"},\"description\":\"Redaktor naczelna FameSphere. Absolwentka dziennikarstwa i komunikacji spo\u0142ecznej oraz specjalistka ds. marketingu i PR-u. Prywatnie posiadaczka dw\u00f3ch kr\u00f3lik\u00f3w, kt\u00f3re kocha ponad \u017cycie.\",\"sameAs\":[\"https:\\\/\\\/famesphere.pl\"],\"url\":\"https:\\\/\\\/famesphere.pl\\\/index.php\\\/author\\\/paula\\\/\"}]}<\/script>\n<!-- \/ Yoast SEO plugin. -->","yoast_head_json":{"title":"Partnerka Marcina Hakiela podzieli\u0142a si\u0119 z fanami zdj\u0119ciami z sesji ci\u0105\u017cowej. Caroline Derpie\u0144ski komentuje: \"Najpi\u0119kniejsza mama\" - FameSphere","robots":{"index":"index","follow":"follow","max-snippet":"max-snippet:-1","max-image-preview":"max-image-preview:large","max-video-preview":"max-video-preview:-1"},"canonical":"https:\/\/famesphere.pl\/index.php\/2024\/09\/14\/partnerka-marcina-hakiela-podzielila-sie-z-fanami-zdjeciami-z-sesji-ciazowej-caroline-derpienski-komentuje-najpiekniejsza-mama\/","og_locale":"pl_PL","og_type":"article","og_title":"Partnerka Marcina Hakiela podzieli\u0142a si\u0119 z fanami zdj\u0119ciami z sesji ci\u0105\u017cowej. Caroline Derpie\u0144ski komentuje: \"Najpi\u0119kniejsza mama\" - FameSphere","og_description":"Na Instagramie Dominiki Serowskiej pojawi\u0142o si\u0119 kilka fotografii z jej sesji ci\u0105\u017cowej. O komentarz pod zdj\u0119ciami partnerki Marcina Hakiela pokusi\u0142a si\u0119 tak\u017ce influencerka znana ze swojego zami\u0142owania do &#8222;dolars\u00f3w&#8221;. Nowy&hellip;","og_url":"https:\/\/famesphere.pl\/index.php\/2024\/09\/14\/partnerka-marcina-hakiela-podzielila-sie-z-fanami-zdjeciami-z-sesji-ciazowej-caroline-derpienski-komentuje-najpiekniejsza-mama\/","og_site_name":"FameSphere","article_published_time":"2024-09-14T23:55:00+00:00","article_modified_time":"2025-05-05T11:14:02+00:00","og_image":[{"width":1080,"height":1350,"url":"https:\/\/famesphere.pl\/wp-content\/uploads\/2024\/09\/SaveClip.App_456435443_1302436471134314_714937062851535779_n.jpg","type":"image\/jpeg"}],"author":"Paula Gajownik","twitter_card":"summary_large_image","twitter_misc":{"Napisane przez":"Paula Gajownik","Szacowany czas czytania":"3 minuty"},"schema":{"@context":"https:\/\/schema.org","@graph":[{"@type":"Article","@id":"https:\/\/famesphere.pl\/index.php\/2024\/09\/14\/partnerka-marcina-hakiela-podzielila-sie-z-fanami-zdjeciami-z-sesji-ciazowej-caroline-derpienski-komentuje-najpiekniejsza-mama\/#article","isPartOf":{"@id":"https:\/\/famesphere.pl\/index.php\/2024\/09\/14\/partnerka-marcina-hakiela-podzielila-sie-z-fanami-zdjeciami-z-sesji-ciazowej-caroline-derpienski-komentuje-najpiekniejsza-mama\/"},"author":{"name":"Paula Gajownik","@id":"https:\/\/famesphere.pl\/#\/schema\/person\/acc9ff3d8fd31e29f6e12403dba892d2"},"headline":"Partnerka Marcina Hakiela podzieli\u0142a si\u0119 z fanami zdj\u0119ciami z sesji ci\u0105\u017cowej. Caroline Derpie\u0144ski komentuje: &#8222;Najpi\u0119kniejsza mama&#8221;","datePublished":"2024-09-14T23:55:00+00:00","dateModified":"2025-05-05T11:14:02+00:00","mainEntityOfPage":{"@id":"https:\/\/famesphere.pl\/index.php\/2024\/09\/14\/partnerka-marcina-hakiela-podzielila-sie-z-fanami-zdjeciami-z-sesji-ciazowej-caroline-derpienski-komentuje-najpiekniejsza-mama\/"},"wordCount":506,"commentCount":0,"publisher":{"@id":"https:\/\/famesphere.pl\/#\/schema\/person\/acc9ff3d8fd31e29f6e12403dba892d2"},"image":{"@id":"https:\/\/famesphere.pl\/index.php\/2024\/09\/14\/partnerka-marcina-hakiela-podzielila-sie-z-fanami-zdjeciami-z-sesji-ciazowej-caroline-derpienski-komentuje-najpiekniejsza-mama\/#primaryimage"},"thumbnailUrl":"https:\/\/famesphere.pl\/wp-content\/uploads\/2024\/09\/SaveClip.App_456435443_1302436471134314_714937062851535779_n.jpg","keywords":["Dominika Serowska"],"articleSection":["#BabyAlert"],"inLanguage":"pl-PL","potentialAction":[{"@type":"CommentAction","name":"Comment","target":["https:\/\/famesphere.pl\/index.php\/2024\/09\/14\/partnerka-marcina-hakiela-podzielila-sie-z-fanami-zdjeciami-z-sesji-ciazowej-caroline-derpienski-komentuje-najpiekniejsza-mama\/#respond"]}]},{"@type":"WebPage","@id":"https:\/\/famesphere.pl\/index.php\/2024\/09\/14\/partnerka-marcina-hakiela-podzielila-sie-z-fanami-zdjeciami-z-sesji-ciazowej-caroline-derpienski-komentuje-najpiekniejsza-mama\/","url":"https:\/\/famesphere.pl\/index.php\/2024\/09\/14\/partnerka-marcina-hakiela-podzielila-sie-z-fanami-zdjeciami-z-sesji-ciazowej-caroline-derpienski-komentuje-najpiekniejsza-mama\/","name":"Partnerka Marcina Hakiela podzieli\u0142a si\u0119 z fanami zdj\u0119ciami z sesji ci\u0105\u017cowej. Caroline Derpie\u0144ski komentuje: \"Najpi\u0119kniejsza mama\" - FameSphere","isPartOf":{"@id":"https:\/\/famesphere.pl\/#website"},"primaryImageOfPage":{"@id":"https:\/\/famesphere.pl\/index.php\/2024\/09\/14\/partnerka-marcina-hakiela-podzielila-sie-z-fanami-zdjeciami-z-sesji-ciazowej-caroline-derpienski-komentuje-najpiekniejsza-mama\/#primaryimage"},"image":{"@id":"https:\/\/famesphere.pl\/index.php\/2024\/09\/14\/partnerka-marcina-hakiela-podzielila-sie-z-fanami-zdjeciami-z-sesji-ciazowej-caroline-derpienski-komentuje-najpiekniejsza-mama\/#primaryimage"},"thumbnailUrl":"https:\/\/famesphere.pl\/wp-content\/uploads\/2024\/09\/SaveClip.App_456435443_1302436471134314_714937062851535779_n.jpg","datePublished":"2024-09-14T23:55:00+00:00","dateModified":"2025-05-05T11:14:02+00:00","breadcrumb":{"@id":"https:\/\/famesphere.pl\/index.php\/2024\/09\/14\/partnerka-marcina-hakiela-podzielila-sie-z-fanami-zdjeciami-z-sesji-ciazowej-caroline-derpienski-komentuje-najpiekniejsza-mama\/#breadcrumb"},"inLanguage":"pl-PL","potentialAction":[{"@type":"ReadAction","target":["https:\/\/famesphere.pl\/index.php\/2024\/09\/14\/partnerka-marcina-hakiela-podzielila-sie-z-fanami-zdjeciami-z-sesji-ciazowej-caroline-derpienski-komentuje-najpiekniejsza-mama\/"]}]},{"@type":"ImageObject","inLanguage":"pl-PL","@id":"https:\/\/famesphere.pl\/index.php\/2024\/09\/14\/partnerka-marcina-hakiela-podzielila-sie-z-fanami-zdjeciami-z-sesji-ciazowej-caroline-derpienski-komentuje-najpiekniejsza-mama\/#primaryimage","url":"https:\/\/famesphere.pl\/wp-content\/uploads\/2024\/09\/SaveClip.App_456435443_1302436471134314_714937062851535779_n.jpg","contentUrl":"https:\/\/famesphere.pl\/wp-content\/uploads\/2024\/09\/SaveClip.App_456435443_1302436471134314_714937062851535779_n.jpg","width":1080,"height":1350},{"@type":"BreadcrumbList","@id":"https:\/\/famesphere.pl\/index.php\/2024\/09\/14\/partnerka-marcina-hakiela-podzielila-sie-z-fanami-zdjeciami-z-sesji-ciazowej-caroline-derpienski-komentuje-najpiekniejsza-mama\/#breadcrumb","itemListElement":[{"@type":"ListItem","position":1,"name":"Strona g\u0142\u00f3wna","item":"https:\/\/famesphere.pl\/"},{"@type":"ListItem","position":2,"name":"Partnerka Marcina Hakiela podzieli\u0142a si\u0119 z fanami zdj\u0119ciami z sesji ci\u0105\u017cowej. Caroline Derpie\u0144ski komentuje: &#8222;Najpi\u0119kniejsza mama&#8221;"}]},{"@type":"WebSite","@id":"https:\/\/famesphere.pl\/#website","url":"https:\/\/famesphere.pl\/","name":"FameSphere","description":"Z show-biznesem jeste\u015bmy na bie\u017c\u0105co!","publisher":{"@id":"https:\/\/famesphere.pl\/#\/schema\/person\/acc9ff3d8fd31e29f6e12403dba892d2"},"potentialAction":[{"@type":"SearchAction","target":{"@type":"EntryPoint","urlTemplate":"https:\/\/famesphere.pl\/?s={search_term_string}"},"query-input":{"@type":"PropertyValueSpecification","valueRequired":true,"valueName":"search_term_string"}}],"inLanguage":"pl-PL"},{"@type":["Person","Organization"],"@id":"https:\/\/famesphere.pl\/#\/schema\/person\/acc9ff3d8fd31e29f6e12403dba892d2","name":"Paula Gajownik","image":{"@type":"ImageObject","inLanguage":"pl-PL","@id":"https:\/\/famesphere.pl\/wp-content\/uploads\/2024\/07\/cropped-cropped-DALL\u00b7E-2024-07-16-17.19.05-Create-a-logo-for-a-website-named-FameSphere.-The-logo-should-be-modern-and-sleek-incorporating-elements-that-suggest-fame-and-a-sphere.-Use-a-vibr-2.webp","url":"https:\/\/famesphere.pl\/wp-content\/uploads\/2024\/07\/cropped-cropped-DALL\u00b7E-2024-07-16-17.19.05-Create-a-logo-for-a-website-named-FameSphere.-The-logo-should-be-modern-and-sleek-incorporating-elements-that-suggest-fame-and-a-sphere.-Use-a-vibr-2.webp","contentUrl":"https:\/\/famesphere.pl\/wp-content\/uploads\/2024\/07\/cropped-cropped-DALL\u00b7E-2024-07-16-17.19.05-Create-a-logo-for-a-website-named-FameSphere.-The-logo-should-be-modern-and-sleek-incorporating-elements-that-suggest-fame-and-a-sphere.-Use-a-vibr-2.webp","width":512,"height":400,"caption":"Paula Gajownik"},"logo":{"@id":"https:\/\/famesphere.pl\/wp-content\/uploads\/2024\/07\/cropped-cropped-DALL\u00b7E-2024-07-16-17.19.05-Create-a-logo-for-a-website-named-FameSphere.-The-logo-should-be-modern-and-sleek-incorporating-elements-that-suggest-fame-and-a-sphere.-Use-a-vibr-2.webp"},"description":"Redaktor naczelna FameSphere. Absolwentka dziennikarstwa i komunikacji spo\u0142ecznej oraz specjalistka ds. marketingu i PR-u. Prywatnie posiadaczka dw\u00f3ch kr\u00f3lik\u00f3w, kt\u00f3re kocha ponad \u017cycie.","sameAs":["https:\/\/famesphere.pl"],"url":"https:\/\/famesphere.pl\/index.php\/author\/paula\/"}]}},"cc_featured_image_caption":{"caption_text":"","source_text":"Dominika Serowska (Instagram: _de_bonbon_)","source_url":""},"jetpack_featured_media_url":"https:\/\/famesphere.pl\/wp-content\/uploads\/2024\/09\/SaveClip.App_456435443_1302436471134314_714937062851535779_n.jpg","jetpack_sharing_enabled":true,"_links":{"self":[{"href":"https:\/\/famesphere.pl\/index.php\/wp-json\/wp\/v2\/posts\/1179","targetHints":{"allow":["GET"]}}],"collection":[{"href":"https:\/\/famesphere.pl\/index.php\/wp-json\/wp\/v2\/posts"}],"about":[{"href":"https:\/\/famesphere.pl\/index.php\/wp-json\/wp\/v2\/types\/post"}],"author":[{"embeddable":true,"href":"https:\/\/famesphere.pl\/index.php\/wp-json\/wp\/v2\/users\/1"}],"replies":[{"embeddable":true,"href":"https:\/\/famesphere.pl\/index.php\/wp-json\/wp\/v2\/comments?post=1179"}],"version-history":[{"count":8,"href":"https:\/\/famesphere.pl\/index.php\/wp-json\/wp\/v2\/posts\/1179\/revisions"}],"predecessor-version":[{"id":1190,"href":"https:\/\/famesphere.pl\/index.php\/wp-json\/wp\/v2\/posts\/1179\/revisions\/1190"}],"wp:featuredmedia":[{"embeddable":true,"href":"https:\/\/famesphere.pl\/index.php\/wp-json\/wp\/v2\/media\/1180"}],"wp:attachment":[{"href":"https:\/\/famesphere.pl\/index.php\/wp-json\/wp\/v2\/media?parent=1179"}],"wp:term":[{"taxonomy":"category","embeddable":true,"href":"https:\/\/famesphere.pl\/index.php\/wp-json\/wp\/v2\/categories?post=1179"},{"taxonomy":"post_tag","embeddable":true,"href":"https:\/\/famesphere.pl\/index.php\/wp-json\/wp\/v2\/tags?post=1179"}],"curies":[{"name":"wp","href":"https:\/\/api.w.org\/{rel}","templated":true}]}}