{"id":1519,"date":"2025-03-14T22:42:00","date_gmt":"2025-03-14T22:42:00","guid":{"rendered":"https:\/\/famesphere.pl\/?p=1519"},"modified":"2025-05-05T11:06:28","modified_gmt":"2025-05-05T11:06:28","slug":"eliza-trybala-odnosi-sie-do-slow-marianny-schreiber-o-aferze-karteczkowej-w-du-byla-gow-widziala","status":"publish","type":"post","link":"https:\/\/famesphere.pl\/index.php\/2025\/03\/14\/eliza-trybala-odnosi-sie-do-slow-marianny-schreiber-o-aferze-karteczkowej-w-du-byla-gow-widziala\/","title":{"rendered":"Eliza Tryba\u0142a odnosi si\u0119 do s\u0142\u00f3w Marianny Schreiber o &#8222;aferze karteczkowej&#8221;: &#8222;W du*** by\u0142a, g\u00f3w** widzia\u0142a&#8221;"},"content":{"rendered":"\n<p><strong>Celebrytka znana z programu &#8222;Warsaw Shore&#8221; nie gryz\u0142a si\u0119 w j\u0119zyk m\u00f3wi\u0105c o &#8222;aferze karteczkowej&#8221;, kt\u00f3ra mia\u0142a miejsce w &#8222;Kr\u00f3lowych Przetrwania&#8221;. Jakie jest zdanie Elizy Tryba\u0142y w tej sprawie?<\/strong><\/p>\n\n\n\n<p>Druga edycja &#8222;Kr\u00f3lowych Przetrwania&#8221; odbi\u0142a si\u0119 zdecydowanie wi\u0119kszym echem w mediach ni\u017c pierwsza. Producenci, tak jak i w pierwszym sezonie, postawili na wyraziste osobowo\u015bci, kt\u00f3re polaryzuj\u0105 obserwator\u00f3w polskiego show-biznesu. Do programu zdecydowano si\u0119 zaprosi\u0107 kobiety, kt\u00f3re aktualnie znajduj\u0105 si\u0119 na pierwszych stronach portali plotkarskich. Trzeba jednak przyzna\u0107, \u017ce mimo wszystko ta edycja r\u00f3\u017cni\u0142a si\u0119 nieco od pierwszej. W jednym reality show zestawiono zadziorne Mariann\u0119 Schreiber i Eliz\u0119 Tryba\u0142\u0119 oraz kontrastowe do nich Agnieszk\u0119 Kaczorowsk\u0105 i Paulin\u0119 Smaszcz.<\/p>\n\n\n\n<p>Wydawa\u0107 by si\u0119 mog\u0142o, \u017ce obecno\u015b\u0107 Agnieszki Kaczorowskiej i Pauliny Smaszcz w programie sprawi, \u017ce nowy sezon b\u0119dzie mniej patologiczny od poprzedniego. Tak si\u0119 jednak nie sta\u0142o. Widzowie mogli us\u0142ysze\u0107 mi\u0119dzy innymi awantur\u0119 mi\u0119dzy Eliz\u0105 Tryba\u0142\u0105 a Mariann\u0105 Schreiber. Gwiazda programu &#8222;Warsaw Shore&#8221; zaciekle broni\u0142a Agnieszki Kaczorowskiej, kt\u00f3ra us\u0142ysza\u0142a od Marianny Schreiber s\u0142owo: &#8222;Spier*****&#8221;. Wi\u0119ksza afera wybuch\u0142a jednak, gdy by\u0142a \u017cona polityka PiS udost\u0119pni\u0142a na Instagramie li\u015bciki, z kt\u00f3rych jej zdaniem ma wynika\u0107, \u017ce odtw\u00f3rczyni roli Bo\u017cenki w serialu &#8222;Klan&#8221; mia\u0142a romans podczas pobytu w d\u017cungli. Przypomnijmy, \u017ce tancerka &#8222;Dancing with the Stars. Taniec z gwiazdami&#8221; pozostawa\u0142a w\u00f3wczas w zwi\u0105zku z Maciejem Pel\u0105. Jeszcze przed emisj\u0105 programu Agnieszka Kaczorowska sta\u0142a si\u0119 gwiazd\u0105 portali plotkarskich za spraw\u0105 zako\u0144czenia relacji ze swoim m\u0119\u017cem. Na ten moment \u017cadne z nich nie z\u0142o\u017cy\u0142o pozwu rozwodowego. Byli partnerzy maj\u0105 ze sob\u0105 dwie c\u00f3rki: Emili\u0119 i Gabriel\u0119.<\/p>\n\n\n\n<h5 class=\"wp-block-heading\">Eliza Tryba\u0142a bez ogr\u00f3dek komentuje zachowanie Marianny Schreiber<\/h5>\n\n\n\n<p>Jedn\u0105 z os\u00f3b wspieraj\u0105cych Agnieszk\u0119 Kaczorowsk\u0105 na widowni podczas drugiego odcinka &#8222;Dancing with the Stars. Taniec z gwiazdami&#8221; by\u0142a zaproszona przez ni\u0105 Eliza Tryba\u0142a. Panie mia\u0142y okazj\u0119 pozna\u0107 si\u0119 w\u0142a\u015bnie podczas udzia\u0142u w programie &#8222;Kr\u00f3lowe Przetrwania&#8221;. Celebrytki by\u0142y w jednej dru\u017cynie i rywalizowa\u0142y z dru\u017cyn\u0105 Marianny Schreiber i Pauliny Smaszcz. Temat macierzy\u0144stwa zbli\u017cy\u0142 do siebie Agnieszk\u0119 Kaczorowsk\u0105 i Eliz\u0119 Tryba\u0142\u0119. Obie s\u0105 mamami, a wsp\u00f3lne do\u015bwiadczenia zwi\u0105zane z rodzicielstwem sprawi\u0142y, \u017ce nawi\u0105za\u0142y blisk\u0105 relacj\u0119 i zaprzyja\u017ani\u0142y si\u0119. Kobiety do tej pory utrzymuj\u0105 ze sob\u0105 kontakt.<\/p>\n\n\n\n<p>Reporterka portalu Pudelek tu\u017c po zako\u0144czeniu najnowszego odcinka tanecznego show zapyta\u0142a Eliz\u0119 Tryba\u0142\u0119 co s\u0105dzi o &#8222;aferze karteczkowej&#8221; wywo\u0142anej przez Mariann\u0119 Schreiber. Celebrytka nie ukrywa, \u017ce by\u0142a bardzo zaskoczona tym, co napisa\u0142a w mediach spo\u0142eczno\u015bciowych jej konkurentka z kontrowersyjnego programu. Na pocz\u0105tku zadeklarowa\u0142a, \u017ce nie chce na ten temat zabiera\u0107 g\u0142osu, a nast\u0119pnie przyzna\u0142a, \u017ce zdenerwowa\u0142a j\u0105 wypowied\u017a Marianny Schreiber. 31-latka nie pozosta\u0142a oboj\u0119tna na ostatnie poczynania by\u0142ej \u017cony \u0141ukasza Schreibera w sieci. Eliza Tryba\u0142a w swoim stylu ustosunkowa\u0142a si\u0119 do jej s\u0142\u00f3w.<\/p>\n\n\n\n<blockquote class=\"wp-block-quote is-layout-flow wp-block-quote-is-layout-flow\">\n<p>Nie chc\u0119 w og\u00f3le absolutnie na ten temat si\u0119 wypowiada\u0107. Aczkolwiek uwa\u017cam, \u017ce najwi\u0119kszym hitem, hitem bym tego nie nazwa\u0142a, ale takim absurdem totalnie, by\u0142a wypowied\u017a jednej uczestniczki, kt\u00f3ra powiedzia\u0142a, \u017ce ona to widzia\u0142a. To ju\u017c nie wytrzyma\u0142am i po prostu napisa\u0142am po mojemu, \u017ce w du*** by\u0142a, g\u00f3w** widzia\u0142a, bo \u017ceby do takiego stopnia si\u0119 posun\u0105\u0107, \u017ceby co\u015b takiego wymy\u015bli\u0107, \u017ceby widzie\u0107 i \u017ceby tylko mie\u0107, nie wiem, o jeden wi\u0119cej artyku\u0142, to jest naprawd\u0119 s\u0142abe i \u017cenuj\u0105ce, ale nic poza tym nie powiem. Tylko po prostu jak ja to zobaczy\u0142am, to najbardziej mnie zszokowa\u0142o. Nie powiem nic wi\u0119cej.<\/p>\n\n\n\n<p>Co uwa\u017cacie o ca\u0142ej sytuacji? Po kt\u00f3rej stronie jeste\u015bcie w tym sporze?<\/p>\n<\/blockquote>\n\n\n\n<figure class=\"wp-block-embed is-type-video is-provider-youtube wp-block-embed-youtube wp-embed-aspect-16-9 wp-has-aspect-ratio\"><div class=\"wp-block-embed__wrapper\">\n<iframe loading=\"lazy\" title=\"Eliza Tryba\u0142a o &quot;aferze karteczkowej&quot; w &quot;Kr\u00f3lowej przetrwania&quot;. &quot;Najbardziej mnie zszokowa\u0142o&quot;\" width=\"500\" height=\"281\" src=\"https:\/\/www.youtube.com\/embed\/W7SKLkWL4wI?feature=oembed\" frameborder=\"0\" allow=\"accelerometer; autoplay; clipboard-write; encrypted-media; gyroscope; picture-in-picture; web-share\" referrerpolicy=\"strict-origin-when-cross-origin\" allowfullscreen><\/iframe>\n<\/div><\/figure>\n\n\n\n<p>\u0179r\u00f3d\u0142o video: Pudelek<\/p>\n","protected":false},"excerpt":{"rendered":"<p>Celebrytka znana z programu &#8222;Warsaw Shore&#8221; nie gryz\u0142a si\u0119 w j\u0119zyk m\u00f3wi\u0105c o &#8222;aferze karteczkowej&#8221;, kt\u00f3ra mia\u0142a miejsce w &#8222;Kr\u00f3lowych Przetrwania&#8221;. Jakie jest zdanie Elizy Tryba\u0142y w tej sprawie? Druga&hellip;<\/p>\n","protected":false},"author":1,"featured_media":1520,"comment_status":"open","ping_status":"open","sticky":false,"template":"","format":"standard","meta":{"_jetpack_memberships_contains_paid_content":false,"footnotes":""},"categories":[97],"tags":[81,82],"class_list":["post-1519","post","type-post","status-publish","format-standard","has-post-thumbnail","hentry","category-dramy-i-komentarze","tag-eliza-trybala","tag-krolowe-przetrwania"],"yoast_head":"<!-- This site is optimized with the Yoast SEO plugin v27.4 - https:\/\/yoast.com\/product\/yoast-seo-wordpress\/ -->\n<title>Eliza Tryba\u0142a odnosi si\u0119 do s\u0142\u00f3w Marianny Schreiber o &quot;aferze karteczkowej&quot;: &quot;W du*** by\u0142a, g\u00f3w** widzia\u0142a&quot; - FameSphere<\/title>\n<meta name=\"description\" content=\"Celebrytka ostro skomentowa\u0142a postaw\u0119 Marianny Schreiber, kt\u00f3ra opublikowa\u0142a li\u015bciki z &quot;Kr\u00f3lowych Przetrwania&quot;.\" \/>\n<meta name=\"robots\" content=\"index, follow, max-snippet:-1, max-image-preview:large, max-video-preview:-1\" \/>\n<link rel=\"canonical\" href=\"https:\/\/famesphere.pl\/index.php\/2025\/03\/14\/eliza-trybala-odnosi-sie-do-slow-marianny-schreiber-o-aferze-karteczkowej-w-du-byla-gow-widziala\/\" \/>\n<meta property=\"og:locale\" content=\"pl_PL\" \/>\n<meta property=\"og:type\" content=\"article\" \/>\n<meta property=\"og:title\" content=\"Eliza Tryba\u0142a odnosi si\u0119 do s\u0142\u00f3w Marianny Schreiber o &quot;aferze karteczkowej&quot;: &quot;W du*** by\u0142a, g\u00f3w** widzia\u0142a&quot; - FameSphere\" \/>\n<meta property=\"og:description\" content=\"Celebrytka ostro skomentowa\u0142a postaw\u0119 Marianny Schreiber, kt\u00f3ra opublikowa\u0142a li\u015bciki z &quot;Kr\u00f3lowych Przetrwania&quot;.\" \/>\n<meta property=\"og:url\" content=\"https:\/\/famesphere.pl\/index.php\/2025\/03\/14\/eliza-trybala-odnosi-sie-do-slow-marianny-schreiber-o-aferze-karteczkowej-w-du-byla-gow-widziala\/\" \/>\n<meta property=\"og:site_name\" content=\"FameSphere\" \/>\n<meta property=\"article:published_time\" content=\"2025-03-14T22:42:00+00:00\" \/>\n<meta property=\"article:modified_time\" content=\"2025-05-05T11:06:28+00:00\" \/>\n<meta property=\"og:image\" content=\"https:\/\/famesphere.pl\/wp-content\/uploads\/2025\/03\/Snapinst.app_481424372_18484958137059484_5304938604127791114_n_1080.jpg\" \/>\n\t<meta property=\"og:image:width\" content=\"1080\" \/>\n\t<meta property=\"og:image:height\" content=\"1350\" \/>\n\t<meta property=\"og:image:type\" content=\"image\/jpeg\" \/>\n<meta name=\"author\" content=\"Paula Gajownik\" \/>\n<meta name=\"twitter:card\" content=\"summary_large_image\" \/>\n<meta name=\"twitter:label1\" content=\"Napisane przez\" \/>\n\t<meta name=\"twitter:data1\" content=\"Paula Gajownik\" \/>\n\t<meta name=\"twitter:label2\" content=\"Szacowany czas czytania\" \/>\n\t<meta name=\"twitter:data2\" content=\"3 minuty\" \/>\n<script type=\"application\/ld+json\" class=\"yoast-schema-graph\">{\"@context\":\"https:\\\/\\\/schema.org\",\"@graph\":[{\"@type\":\"Article\",\"@id\":\"https:\\\/\\\/famesphere.pl\\\/index.php\\\/2025\\\/03\\\/14\\\/eliza-trybala-odnosi-sie-do-slow-marianny-schreiber-o-aferze-karteczkowej-w-du-byla-gow-widziala\\\/#article\",\"isPartOf\":{\"@id\":\"https:\\\/\\\/famesphere.pl\\\/index.php\\\/2025\\\/03\\\/14\\\/eliza-trybala-odnosi-sie-do-slow-marianny-schreiber-o-aferze-karteczkowej-w-du-byla-gow-widziala\\\/\"},\"author\":{\"name\":\"Paula Gajownik\",\"@id\":\"https:\\\/\\\/famesphere.pl\\\/#\\\/schema\\\/person\\\/acc9ff3d8fd31e29f6e12403dba892d2\"},\"headline\":\"Eliza Tryba\u0142a odnosi si\u0119 do s\u0142\u00f3w Marianny Schreiber o &#8222;aferze karteczkowej&#8221;: &#8222;W du*** by\u0142a, g\u00f3w** widzia\u0142a&#8221;\",\"datePublished\":\"2025-03-14T22:42:00+00:00\",\"dateModified\":\"2025-05-05T11:06:28+00:00\",\"mainEntityOfPage\":{\"@id\":\"https:\\\/\\\/famesphere.pl\\\/index.php\\\/2025\\\/03\\\/14\\\/eliza-trybala-odnosi-sie-do-slow-marianny-schreiber-o-aferze-karteczkowej-w-du-byla-gow-widziala\\\/\"},\"wordCount\":693,\"commentCount\":0,\"publisher\":{\"@id\":\"https:\\\/\\\/famesphere.pl\\\/#\\\/schema\\\/person\\\/acc9ff3d8fd31e29f6e12403dba892d2\"},\"image\":{\"@id\":\"https:\\\/\\\/famesphere.pl\\\/index.php\\\/2025\\\/03\\\/14\\\/eliza-trybala-odnosi-sie-do-slow-marianny-schreiber-o-aferze-karteczkowej-w-du-byla-gow-widziala\\\/#primaryimage\"},\"thumbnailUrl\":\"https:\\\/\\\/famesphere.pl\\\/wp-content\\\/uploads\\\/2025\\\/03\\\/Snapinst.app_481424372_18484958137059484_5304938604127791114_n_1080.jpg\",\"keywords\":[\"Eliza Tryba\u0142a\",\"Kr\u00f3lowe Przetrwania\"],\"articleSection\":[\"Dramy i komentarze\"],\"inLanguage\":\"pl-PL\",\"potentialAction\":[{\"@type\":\"CommentAction\",\"name\":\"Comment\",\"target\":[\"https:\\\/\\\/famesphere.pl\\\/index.php\\\/2025\\\/03\\\/14\\\/eliza-trybala-odnosi-sie-do-slow-marianny-schreiber-o-aferze-karteczkowej-w-du-byla-gow-widziala\\\/#respond\"]}]},{\"@type\":\"WebPage\",\"@id\":\"https:\\\/\\\/famesphere.pl\\\/index.php\\\/2025\\\/03\\\/14\\\/eliza-trybala-odnosi-sie-do-slow-marianny-schreiber-o-aferze-karteczkowej-w-du-byla-gow-widziala\\\/\",\"url\":\"https:\\\/\\\/famesphere.pl\\\/index.php\\\/2025\\\/03\\\/14\\\/eliza-trybala-odnosi-sie-do-slow-marianny-schreiber-o-aferze-karteczkowej-w-du-byla-gow-widziala\\\/\",\"name\":\"Eliza Tryba\u0142a odnosi si\u0119 do s\u0142\u00f3w Marianny Schreiber o \\\"aferze karteczkowej\\\": \\\"W du*** by\u0142a, g\u00f3w** widzia\u0142a\\\" - FameSphere\",\"isPartOf\":{\"@id\":\"https:\\\/\\\/famesphere.pl\\\/#website\"},\"primaryImageOfPage\":{\"@id\":\"https:\\\/\\\/famesphere.pl\\\/index.php\\\/2025\\\/03\\\/14\\\/eliza-trybala-odnosi-sie-do-slow-marianny-schreiber-o-aferze-karteczkowej-w-du-byla-gow-widziala\\\/#primaryimage\"},\"image\":{\"@id\":\"https:\\\/\\\/famesphere.pl\\\/index.php\\\/2025\\\/03\\\/14\\\/eliza-trybala-odnosi-sie-do-slow-marianny-schreiber-o-aferze-karteczkowej-w-du-byla-gow-widziala\\\/#primaryimage\"},\"thumbnailUrl\":\"https:\\\/\\\/famesphere.pl\\\/wp-content\\\/uploads\\\/2025\\\/03\\\/Snapinst.app_481424372_18484958137059484_5304938604127791114_n_1080.jpg\",\"datePublished\":\"2025-03-14T22:42:00+00:00\",\"dateModified\":\"2025-05-05T11:06:28+00:00\",\"description\":\"Celebrytka ostro skomentowa\u0142a postaw\u0119 Marianny Schreiber, kt\u00f3ra opublikowa\u0142a li\u015bciki z \\\"Kr\u00f3lowych Przetrwania\\\".\",\"breadcrumb\":{\"@id\":\"https:\\\/\\\/famesphere.pl\\\/index.php\\\/2025\\\/03\\\/14\\\/eliza-trybala-odnosi-sie-do-slow-marianny-schreiber-o-aferze-karteczkowej-w-du-byla-gow-widziala\\\/#breadcrumb\"},\"inLanguage\":\"pl-PL\",\"potentialAction\":[{\"@type\":\"ReadAction\",\"target\":[\"https:\\\/\\\/famesphere.pl\\\/index.php\\\/2025\\\/03\\\/14\\\/eliza-trybala-odnosi-sie-do-slow-marianny-schreiber-o-aferze-karteczkowej-w-du-byla-gow-widziala\\\/\"]}]},{\"@type\":\"ImageObject\",\"inLanguage\":\"pl-PL\",\"@id\":\"https:\\\/\\\/famesphere.pl\\\/index.php\\\/2025\\\/03\\\/14\\\/eliza-trybala-odnosi-sie-do-slow-marianny-schreiber-o-aferze-karteczkowej-w-du-byla-gow-widziala\\\/#primaryimage\",\"url\":\"https:\\\/\\\/famesphere.pl\\\/wp-content\\\/uploads\\\/2025\\\/03\\\/Snapinst.app_481424372_18484958137059484_5304938604127791114_n_1080.jpg\",\"contentUrl\":\"https:\\\/\\\/famesphere.pl\\\/wp-content\\\/uploads\\\/2025\\\/03\\\/Snapinst.app_481424372_18484958137059484_5304938604127791114_n_1080.jpg\",\"width\":1080,\"height\":1350},{\"@type\":\"BreadcrumbList\",\"@id\":\"https:\\\/\\\/famesphere.pl\\\/index.php\\\/2025\\\/03\\\/14\\\/eliza-trybala-odnosi-sie-do-slow-marianny-schreiber-o-aferze-karteczkowej-w-du-byla-gow-widziala\\\/#breadcrumb\",\"itemListElement\":[{\"@type\":\"ListItem\",\"position\":1,\"name\":\"Strona g\u0142\u00f3wna\",\"item\":\"https:\\\/\\\/famesphere.pl\\\/\"},{\"@type\":\"ListItem\",\"position\":2,\"name\":\"Eliza Tryba\u0142a odnosi si\u0119 do s\u0142\u00f3w Marianny Schreiber o &#8222;aferze karteczkowej&#8221;: &#8222;W du*** by\u0142a, g\u00f3w** widzia\u0142a&#8221;\"}]},{\"@type\":\"WebSite\",\"@id\":\"https:\\\/\\\/famesphere.pl\\\/#website\",\"url\":\"https:\\\/\\\/famesphere.pl\\\/\",\"name\":\"FameSphere\",\"description\":\"Z show-biznesem jeste\u015bmy na bie\u017c\u0105co!\",\"publisher\":{\"@id\":\"https:\\\/\\\/famesphere.pl\\\/#\\\/schema\\\/person\\\/acc9ff3d8fd31e29f6e12403dba892d2\"},\"potentialAction\":[{\"@type\":\"SearchAction\",\"target\":{\"@type\":\"EntryPoint\",\"urlTemplate\":\"https:\\\/\\\/famesphere.pl\\\/?s={search_term_string}\"},\"query-input\":{\"@type\":\"PropertyValueSpecification\",\"valueRequired\":true,\"valueName\":\"search_term_string\"}}],\"inLanguage\":\"pl-PL\"},{\"@type\":[\"Person\",\"Organization\"],\"@id\":\"https:\\\/\\\/famesphere.pl\\\/#\\\/schema\\\/person\\\/acc9ff3d8fd31e29f6e12403dba892d2\",\"name\":\"Paula Gajownik\",\"image\":{\"@type\":\"ImageObject\",\"inLanguage\":\"pl-PL\",\"@id\":\"https:\\\/\\\/famesphere.pl\\\/wp-content\\\/uploads\\\/2024\\\/07\\\/cropped-cropped-DALL\u00b7E-2024-07-16-17.19.05-Create-a-logo-for-a-website-named-FameSphere.-The-logo-should-be-modern-and-sleek-incorporating-elements-that-suggest-fame-and-a-sphere.-Use-a-vibr-2.webp\",\"url\":\"https:\\\/\\\/famesphere.pl\\\/wp-content\\\/uploads\\\/2024\\\/07\\\/cropped-cropped-DALL\u00b7E-2024-07-16-17.19.05-Create-a-logo-for-a-website-named-FameSphere.-The-logo-should-be-modern-and-sleek-incorporating-elements-that-suggest-fame-and-a-sphere.-Use-a-vibr-2.webp\",\"contentUrl\":\"https:\\\/\\\/famesphere.pl\\\/wp-content\\\/uploads\\\/2024\\\/07\\\/cropped-cropped-DALL\u00b7E-2024-07-16-17.19.05-Create-a-logo-for-a-website-named-FameSphere.-The-logo-should-be-modern-and-sleek-incorporating-elements-that-suggest-fame-and-a-sphere.-Use-a-vibr-2.webp\",\"width\":512,\"height\":400,\"caption\":\"Paula Gajownik\"},\"logo\":{\"@id\":\"https:\\\/\\\/famesphere.pl\\\/wp-content\\\/uploads\\\/2024\\\/07\\\/cropped-cropped-DALL\u00b7E-2024-07-16-17.19.05-Create-a-logo-for-a-website-named-FameSphere.-The-logo-should-be-modern-and-sleek-incorporating-elements-that-suggest-fame-and-a-sphere.-Use-a-vibr-2.webp\"},\"description\":\"Redaktor naczelna FameSphere. Absolwentka dziennikarstwa i komunikacji spo\u0142ecznej oraz specjalistka ds. marketingu i PR-u. Prywatnie posiadaczka dw\u00f3ch kr\u00f3lik\u00f3w, kt\u00f3re kocha ponad \u017cycie.\",\"sameAs\":[\"https:\\\/\\\/famesphere.pl\"],\"url\":\"https:\\\/\\\/famesphere.pl\\\/index.php\\\/author\\\/paula\\\/\"}]}<\/script>\n<!-- \/ Yoast SEO plugin. -->","yoast_head_json":{"title":"Eliza Tryba\u0142a odnosi si\u0119 do s\u0142\u00f3w Marianny Schreiber o \"aferze karteczkowej\": \"W du*** by\u0142a, g\u00f3w** widzia\u0142a\" - FameSphere","description":"Celebrytka ostro skomentowa\u0142a postaw\u0119 Marianny Schreiber, kt\u00f3ra opublikowa\u0142a li\u015bciki z \"Kr\u00f3lowych Przetrwania\".","robots":{"index":"index","follow":"follow","max-snippet":"max-snippet:-1","max-image-preview":"max-image-preview:large","max-video-preview":"max-video-preview:-1"},"canonical":"https:\/\/famesphere.pl\/index.php\/2025\/03\/14\/eliza-trybala-odnosi-sie-do-slow-marianny-schreiber-o-aferze-karteczkowej-w-du-byla-gow-widziala\/","og_locale":"pl_PL","og_type":"article","og_title":"Eliza Tryba\u0142a odnosi si\u0119 do s\u0142\u00f3w Marianny Schreiber o \"aferze karteczkowej\": \"W du*** by\u0142a, g\u00f3w** widzia\u0142a\" - FameSphere","og_description":"Celebrytka ostro skomentowa\u0142a postaw\u0119 Marianny Schreiber, kt\u00f3ra opublikowa\u0142a li\u015bciki z \"Kr\u00f3lowych Przetrwania\".","og_url":"https:\/\/famesphere.pl\/index.php\/2025\/03\/14\/eliza-trybala-odnosi-sie-do-slow-marianny-schreiber-o-aferze-karteczkowej-w-du-byla-gow-widziala\/","og_site_name":"FameSphere","article_published_time":"2025-03-14T22:42:00+00:00","article_modified_time":"2025-05-05T11:06:28+00:00","og_image":[{"width":1080,"height":1350,"url":"https:\/\/famesphere.pl\/wp-content\/uploads\/2025\/03\/Snapinst.app_481424372_18484958137059484_5304938604127791114_n_1080.jpg","type":"image\/jpeg"}],"author":"Paula Gajownik","twitter_card":"summary_large_image","twitter_misc":{"Napisane przez":"Paula Gajownik","Szacowany czas czytania":"3 minuty"},"schema":{"@context":"https:\/\/schema.org","@graph":[{"@type":"Article","@id":"https:\/\/famesphere.pl\/index.php\/2025\/03\/14\/eliza-trybala-odnosi-sie-do-slow-marianny-schreiber-o-aferze-karteczkowej-w-du-byla-gow-widziala\/#article","isPartOf":{"@id":"https:\/\/famesphere.pl\/index.php\/2025\/03\/14\/eliza-trybala-odnosi-sie-do-slow-marianny-schreiber-o-aferze-karteczkowej-w-du-byla-gow-widziala\/"},"author":{"name":"Paula Gajownik","@id":"https:\/\/famesphere.pl\/#\/schema\/person\/acc9ff3d8fd31e29f6e12403dba892d2"},"headline":"Eliza Tryba\u0142a odnosi si\u0119 do s\u0142\u00f3w Marianny Schreiber o &#8222;aferze karteczkowej&#8221;: &#8222;W du*** by\u0142a, g\u00f3w** widzia\u0142a&#8221;","datePublished":"2025-03-14T22:42:00+00:00","dateModified":"2025-05-05T11:06:28+00:00","mainEntityOfPage":{"@id":"https:\/\/famesphere.pl\/index.php\/2025\/03\/14\/eliza-trybala-odnosi-sie-do-slow-marianny-schreiber-o-aferze-karteczkowej-w-du-byla-gow-widziala\/"},"wordCount":693,"commentCount":0,"publisher":{"@id":"https:\/\/famesphere.pl\/#\/schema\/person\/acc9ff3d8fd31e29f6e12403dba892d2"},"image":{"@id":"https:\/\/famesphere.pl\/index.php\/2025\/03\/14\/eliza-trybala-odnosi-sie-do-slow-marianny-schreiber-o-aferze-karteczkowej-w-du-byla-gow-widziala\/#primaryimage"},"thumbnailUrl":"https:\/\/famesphere.pl\/wp-content\/uploads\/2025\/03\/Snapinst.app_481424372_18484958137059484_5304938604127791114_n_1080.jpg","keywords":["Eliza Tryba\u0142a","Kr\u00f3lowe Przetrwania"],"articleSection":["Dramy i komentarze"],"inLanguage":"pl-PL","potentialAction":[{"@type":"CommentAction","name":"Comment","target":["https:\/\/famesphere.pl\/index.php\/2025\/03\/14\/eliza-trybala-odnosi-sie-do-slow-marianny-schreiber-o-aferze-karteczkowej-w-du-byla-gow-widziala\/#respond"]}]},{"@type":"WebPage","@id":"https:\/\/famesphere.pl\/index.php\/2025\/03\/14\/eliza-trybala-odnosi-sie-do-slow-marianny-schreiber-o-aferze-karteczkowej-w-du-byla-gow-widziala\/","url":"https:\/\/famesphere.pl\/index.php\/2025\/03\/14\/eliza-trybala-odnosi-sie-do-slow-marianny-schreiber-o-aferze-karteczkowej-w-du-byla-gow-widziala\/","name":"Eliza Tryba\u0142a odnosi si\u0119 do s\u0142\u00f3w Marianny Schreiber o \"aferze karteczkowej\": \"W du*** by\u0142a, g\u00f3w** widzia\u0142a\" - FameSphere","isPartOf":{"@id":"https:\/\/famesphere.pl\/#website"},"primaryImageOfPage":{"@id":"https:\/\/famesphere.pl\/index.php\/2025\/03\/14\/eliza-trybala-odnosi-sie-do-slow-marianny-schreiber-o-aferze-karteczkowej-w-du-byla-gow-widziala\/#primaryimage"},"image":{"@id":"https:\/\/famesphere.pl\/index.php\/2025\/03\/14\/eliza-trybala-odnosi-sie-do-slow-marianny-schreiber-o-aferze-karteczkowej-w-du-byla-gow-widziala\/#primaryimage"},"thumbnailUrl":"https:\/\/famesphere.pl\/wp-content\/uploads\/2025\/03\/Snapinst.app_481424372_18484958137059484_5304938604127791114_n_1080.jpg","datePublished":"2025-03-14T22:42:00+00:00","dateModified":"2025-05-05T11:06:28+00:00","description":"Celebrytka ostro skomentowa\u0142a postaw\u0119 Marianny Schreiber, kt\u00f3ra opublikowa\u0142a li\u015bciki z \"Kr\u00f3lowych Przetrwania\".","breadcrumb":{"@id":"https:\/\/famesphere.pl\/index.php\/2025\/03\/14\/eliza-trybala-odnosi-sie-do-slow-marianny-schreiber-o-aferze-karteczkowej-w-du-byla-gow-widziala\/#breadcrumb"},"inLanguage":"pl-PL","potentialAction":[{"@type":"ReadAction","target":["https:\/\/famesphere.pl\/index.php\/2025\/03\/14\/eliza-trybala-odnosi-sie-do-slow-marianny-schreiber-o-aferze-karteczkowej-w-du-byla-gow-widziala\/"]}]},{"@type":"ImageObject","inLanguage":"pl-PL","@id":"https:\/\/famesphere.pl\/index.php\/2025\/03\/14\/eliza-trybala-odnosi-sie-do-slow-marianny-schreiber-o-aferze-karteczkowej-w-du-byla-gow-widziala\/#primaryimage","url":"https:\/\/famesphere.pl\/wp-content\/uploads\/2025\/03\/Snapinst.app_481424372_18484958137059484_5304938604127791114_n_1080.jpg","contentUrl":"https:\/\/famesphere.pl\/wp-content\/uploads\/2025\/03\/Snapinst.app_481424372_18484958137059484_5304938604127791114_n_1080.jpg","width":1080,"height":1350},{"@type":"BreadcrumbList","@id":"https:\/\/famesphere.pl\/index.php\/2025\/03\/14\/eliza-trybala-odnosi-sie-do-slow-marianny-schreiber-o-aferze-karteczkowej-w-du-byla-gow-widziala\/#breadcrumb","itemListElement":[{"@type":"ListItem","position":1,"name":"Strona g\u0142\u00f3wna","item":"https:\/\/famesphere.pl\/"},{"@type":"ListItem","position":2,"name":"Eliza Tryba\u0142a odnosi si\u0119 do s\u0142\u00f3w Marianny Schreiber o &#8222;aferze karteczkowej&#8221;: &#8222;W du*** by\u0142a, g\u00f3w** widzia\u0142a&#8221;"}]},{"@type":"WebSite","@id":"https:\/\/famesphere.pl\/#website","url":"https:\/\/famesphere.pl\/","name":"FameSphere","description":"Z show-biznesem jeste\u015bmy na bie\u017c\u0105co!","publisher":{"@id":"https:\/\/famesphere.pl\/#\/schema\/person\/acc9ff3d8fd31e29f6e12403dba892d2"},"potentialAction":[{"@type":"SearchAction","target":{"@type":"EntryPoint","urlTemplate":"https:\/\/famesphere.pl\/?s={search_term_string}"},"query-input":{"@type":"PropertyValueSpecification","valueRequired":true,"valueName":"search_term_string"}}],"inLanguage":"pl-PL"},{"@type":["Person","Organization"],"@id":"https:\/\/famesphere.pl\/#\/schema\/person\/acc9ff3d8fd31e29f6e12403dba892d2","name":"Paula Gajownik","image":{"@type":"ImageObject","inLanguage":"pl-PL","@id":"https:\/\/famesphere.pl\/wp-content\/uploads\/2024\/07\/cropped-cropped-DALL\u00b7E-2024-07-16-17.19.05-Create-a-logo-for-a-website-named-FameSphere.-The-logo-should-be-modern-and-sleek-incorporating-elements-that-suggest-fame-and-a-sphere.-Use-a-vibr-2.webp","url":"https:\/\/famesphere.pl\/wp-content\/uploads\/2024\/07\/cropped-cropped-DALL\u00b7E-2024-07-16-17.19.05-Create-a-logo-for-a-website-named-FameSphere.-The-logo-should-be-modern-and-sleek-incorporating-elements-that-suggest-fame-and-a-sphere.-Use-a-vibr-2.webp","contentUrl":"https:\/\/famesphere.pl\/wp-content\/uploads\/2024\/07\/cropped-cropped-DALL\u00b7E-2024-07-16-17.19.05-Create-a-logo-for-a-website-named-FameSphere.-The-logo-should-be-modern-and-sleek-incorporating-elements-that-suggest-fame-and-a-sphere.-Use-a-vibr-2.webp","width":512,"height":400,"caption":"Paula Gajownik"},"logo":{"@id":"https:\/\/famesphere.pl\/wp-content\/uploads\/2024\/07\/cropped-cropped-DALL\u00b7E-2024-07-16-17.19.05-Create-a-logo-for-a-website-named-FameSphere.-The-logo-should-be-modern-and-sleek-incorporating-elements-that-suggest-fame-and-a-sphere.-Use-a-vibr-2.webp"},"description":"Redaktor naczelna FameSphere. Absolwentka dziennikarstwa i komunikacji spo\u0142ecznej oraz specjalistka ds. marketingu i PR-u. Prywatnie posiadaczka dw\u00f3ch kr\u00f3lik\u00f3w, kt\u00f3re kocha ponad \u017cycie.","sameAs":["https:\/\/famesphere.pl"],"url":"https:\/\/famesphere.pl\/index.php\/author\/paula\/"}]}},"cc_featured_image_caption":{"caption_text":"","source_text":"Eliza Tryba\u0142a (Instagram: elizka_trybala)","source_url":""},"jetpack_featured_media_url":"https:\/\/famesphere.pl\/wp-content\/uploads\/2025\/03\/Snapinst.app_481424372_18484958137059484_5304938604127791114_n_1080.jpg","jetpack_sharing_enabled":true,"_links":{"self":[{"href":"https:\/\/famesphere.pl\/index.php\/wp-json\/wp\/v2\/posts\/1519","targetHints":{"allow":["GET"]}}],"collection":[{"href":"https:\/\/famesphere.pl\/index.php\/wp-json\/wp\/v2\/posts"}],"about":[{"href":"https:\/\/famesphere.pl\/index.php\/wp-json\/wp\/v2\/types\/post"}],"author":[{"embeddable":true,"href":"https:\/\/famesphere.pl\/index.php\/wp-json\/wp\/v2\/users\/1"}],"replies":[{"embeddable":true,"href":"https:\/\/famesphere.pl\/index.php\/wp-json\/wp\/v2\/comments?post=1519"}],"version-history":[{"count":23,"href":"https:\/\/famesphere.pl\/index.php\/wp-json\/wp\/v2\/posts\/1519\/revisions"}],"predecessor-version":[{"id":1563,"href":"https:\/\/famesphere.pl\/index.php\/wp-json\/wp\/v2\/posts\/1519\/revisions\/1563"}],"wp:featuredmedia":[{"embeddable":true,"href":"https:\/\/famesphere.pl\/index.php\/wp-json\/wp\/v2\/media\/1520"}],"wp:attachment":[{"href":"https:\/\/famesphere.pl\/index.php\/wp-json\/wp\/v2\/media?parent=1519"}],"wp:term":[{"taxonomy":"category","embeddable":true,"href":"https:\/\/famesphere.pl\/index.php\/wp-json\/wp\/v2\/categories?post=1519"},{"taxonomy":"post_tag","embeddable":true,"href":"https:\/\/famesphere.pl\/index.php\/wp-json\/wp\/v2\/tags?post=1519"}],"curies":[{"name":"wp","href":"https:\/\/api.w.org\/{rel}","templated":true}]}}