{"id":1542,"date":"2025-03-13T22:16:00","date_gmt":"2025-03-13T22:16:00","guid":{"rendered":"https:\/\/famesphere.pl\/?p=1542"},"modified":"2025-05-05T17:26:59","modified_gmt":"2025-05-05T17:26:59","slug":"magda-gessler-wyznala-ktora-plotka-na-jej-temat-boli-ja-najbardziej-jest-kompletnie-absurdalna","status":"publish","type":"post","link":"https:\/\/famesphere.pl\/index.php\/2025\/03\/13\/magda-gessler-wyznala-ktora-plotka-na-jej-temat-boli-ja-najbardziej-jest-kompletnie-absurdalna\/","title":{"rendered":"Magda Gessler wyzna\u0142a, kt\u00f3ra plotka na jej temat boli j\u0105 najbardziej: &#8222;Jest kompletnie absurdalna&#8221;"},"content":{"rendered":"\n<p><strong>Prowadz\u0105ca uwielbianego przez miliony Polak\u00f3w programu &#8222;Kuchenne Rewolucje&#8221; przyzna\u0142a, \u017ce cho\u0107 nie przejmuje si\u0119 niepochlebnymi opiniami dotycz\u0105cymi jej osoby, to istnieje jednak pewna insynuacja, kt\u00f3ra j\u0105 dotyka. Kt\u00f3ra nieprawdziwa informacja szczeg\u00f3lnie j\u0105 rani i dlaczego uwa\u017ca j\u0105 za niesprawiedliw\u0105?<\/strong><\/p>\n\n\n\n<p>Magda Gessler od kilkunastu lat jest niezmiennie jedn\u0105 z czo\u0142owych gwiazd stacji TVN. Restauratorka na swoim koncie ma wiele program\u00f3w telewizyjnych, ale to w\u0142a\u015bnie &#8222;Kuchenne Rewolucje&#8221; od lat ciesz\u0105 si\u0119 nies\u0142abn\u0105c\u0105 popularno\u015bci\u0105. Kreatorka smaku niedawno \u015bwi\u0119towa\u0142a pi\u0119tnastolecie swojego flagowego programu oraz rozpocz\u0119cie jego trzydziestego sezonu. W polskiej telewizji istnieje obecnie niewiele program\u00f3w, kt\u00f3re utrzymuj\u0105 si\u0119 na antenie przez tak d\u0142ugi czas. Sekretem ogl\u0105dalno\u015bci kulinarnego show jest bez w\u0105tpienia sama Magda Gessler, kt\u00f3ra trafnie rozpoznaje w czym tkwi problem zdesperowanych w\u0142a\u015bcicieli lokali zg\u0142aszaj\u0105cych si\u0119 do programu. Przekonani o swojej nieomylno\u015bci w\u0142a\u015bciciele chowaj\u0105 dum\u0119 do kieszeni i powierzaj\u0105 los swojej restauracji do\u015bwiadczonej restauratorce. Robi\u0105 to, bo liczba uratowanych dzi\u0119ki niej biznes\u00f3w m\u00f3wi sama za siebie. W\u0142a\u015bciciele restauracji wci\u0105\u017c zg\u0142aszaj\u0105 si\u0119 do programu, bo wiedz\u0105, \u017ce maj\u0105 szans\u0119 wyj\u015b\u0107 z trudnej sytuacji finansowej. Magdzie Gessler niejednokrotnie udaje si\u0119 uratowa\u0107 nawet bardzo zad\u0142u\u017cone restauracje.<\/p>\n\n\n\n<h5 class=\"wp-block-heading\">Magda Gessler otwarcie przyznaje, \u017ce przejmuje si\u0119 jedn\u0105 z kr\u0105\u017c\u0105cych o niej pog\u0142osek<\/h5>\n\n\n\n<p>Cho\u0107 wydawa\u0107 by si\u0119 mog\u0142o, \u017ce lata obecno\u015bci w show-biznesie hartuj\u0105 pracuj\u0105cych w nim ludzi, to jednak zawsze znajdzie si\u0119 jaki\u015b komentarz, na kt\u00f3ry trudno pozosta\u0107 oboj\u0119tnym. W rozmowie z dziennikark\u0105 portalu Plotek Magda Gessler powiedzia\u0142a, \u017ce r\u00f3wnie\u017c w jej przypadku istnieje taka plotka. Swego czasu obiektem mem\u00f3w i \u017cart\u00f3w by\u0142y wpisy Magdy Gessler na Facebooku. W\u0142a\u015bcicielka restauracji &#8222;U Fukiera&#8221; w zamieszczanych przez siebie internetowych postach nie przestrzega\u0142a zasad ortografii i interpunkcji, stosowa\u0142a nadmiernie wielokropek oraz przestawia\u0142a kolejno\u015b\u0107 liter w s\u0142owach. Prawie wszystkie jej wpisy by\u0142y napisane tak, \u017ce nie mo\u017cna by\u0142o zrozumie\u0107 co ich autorka mia\u0142a na my\u015bli. W pewnym momencie odbiorcy jej profilu zacz\u0119li si\u0119 zastanawia\u0107 czy Magda Gessler tworzy je b\u0119d\u0105c pod wp\u0142ywem alkoholu. Takie plotki spowodowa\u0142y, \u017ce kobieta przyk\u0142ada teraz wi\u0119ksz\u0105 wag\u0119 do dbania o poprawno\u015b\u0107 publikowanych wpis\u00f3w.<\/p>\n\n\n\n<blockquote class=\"wp-block-quote is-layout-flow wp-block-quote-is-layout-flow\">\n<p>Ja si\u0119 przejmuj\u0119 jedn\u0105 krytyk\u0105, kt\u00f3ra jest kompletnie absurdalna. Nie ma nic wsp\u00f3lnego ze mn\u0105. Ja ani nie jestem przyzwyczajona do alkoholu, ani go nie pije, a m\u00f3wili, \u017ce jestem alkoholiczk\u0105 tylko dlatego, \u017ce by\u0107 mo\u017ce czasami by\u0142am zm\u0119czona albo pisa\u0142am smsy w samochodzie, kt\u00f3ry jecha\u0142 z jednego punktu do drugiego i wiadomo, \u017ce mi si\u0119 mog\u0142y zmienia\u0107 s\u0142owa, a nie mam w zwyczaju noszenia okular\u00f3w. Mimo moich lat czytam dobrze, ale czasami co\u015b si\u0119 popl\u0105ta\u0142o. Teraz tego pilnuj\u0119, sama prowadz\u0119 social media, ale to by\u0142o bardzo krzywdz\u0105ce.<\/p>\n<\/blockquote>\n\n\n\n<p>Spodziewali\u015bcie si\u0119, \u017ce to w\u0142a\u015bnie ta plotka boli Magd\u0119 Gessler?<\/p>\n\n\n\n<figure class=\"wp-block-embed is-type-video is-provider-youtube wp-block-embed-youtube wp-embed-aspect-16-9 wp-has-aspect-ratio\"><div class=\"wp-block-embed__wrapper\">\n<iframe loading=\"lazy\" title=\"Magda Gessler wie, dlaczego lokale upadaj\u0105 po &quot;Kuchennych rewolucjach&quot; | Plotek\" width=\"500\" height=\"281\" src=\"https:\/\/www.youtube.com\/embed\/8oYsNy8itQQ?feature=oembed\" frameborder=\"0\" allow=\"accelerometer; autoplay; clipboard-write; encrypted-media; gyroscope; picture-in-picture; web-share\" referrerpolicy=\"strict-origin-when-cross-origin\" allowfullscreen><\/iframe>\n<\/div><\/figure>\n\n\n\n<p>\u0179r\u00f3d\u0142o video: Plotek<\/p>\n","protected":false},"excerpt":{"rendered":"<p>Prowadz\u0105ca uwielbianego przez miliony Polak\u00f3w programu &#8222;Kuchenne Rewolucje&#8221; przyzna\u0142a, \u017ce cho\u0107 nie przejmuje si\u0119 niepochlebnymi opiniami dotycz\u0105cymi jej osoby, to istnieje jednak pewna insynuacja, kt\u00f3ra j\u0105 dotyka. Kt\u00f3ra nieprawdziwa informacja&hellip;<\/p>\n","protected":false},"author":1,"featured_media":1543,"comment_status":"open","ping_status":"open","sticky":false,"template":"","format":"standard","meta":{"_jetpack_memberships_contains_paid_content":false,"footnotes":""},"categories":[101],"tags":[83],"class_list":["post-1542","post","type-post","status-publish","format-standard","has-post-thumbnail","hentry","category-tego-nie-wiesz-o","tag-magda-gessler"],"yoast_head":"<!-- This site is optimized with the Yoast SEO plugin v27.4 - https:\/\/yoast.com\/product\/yoast-seo-wordpress\/ -->\n<title>Magda Gessler wyzna\u0142a, kt\u00f3ra plotka na jej temat boli j\u0105 najbardziej: &quot;Jest kompletnie absurdalna&quot; - FameSphere<\/title>\n<meta name=\"description\" content=\"Kreatorka smaku przyzna\u0142a, \u017ce istnieje jedna nieprawdziwa informacja, kt\u00f3ra j\u0105 dotyka. O jakiej plotce mowa?\" \/>\n<meta name=\"robots\" content=\"index, follow, max-snippet:-1, max-image-preview:large, max-video-preview:-1\" \/>\n<link rel=\"canonical\" href=\"https:\/\/famesphere.pl\/index.php\/2025\/03\/13\/magda-gessler-wyznala-ktora-plotka-na-jej-temat-boli-ja-najbardziej-jest-kompletnie-absurdalna\/\" \/>\n<meta property=\"og:locale\" content=\"pl_PL\" \/>\n<meta property=\"og:type\" content=\"article\" \/>\n<meta property=\"og:title\" content=\"Magda Gessler wyzna\u0142a, kt\u00f3ra plotka na jej temat boli j\u0105 najbardziej: &quot;Jest kompletnie absurdalna&quot; - FameSphere\" \/>\n<meta property=\"og:description\" content=\"Kreatorka smaku przyzna\u0142a, \u017ce istnieje jedna nieprawdziwa informacja, kt\u00f3ra j\u0105 dotyka. O jakiej plotce mowa?\" \/>\n<meta property=\"og:url\" content=\"https:\/\/famesphere.pl\/index.php\/2025\/03\/13\/magda-gessler-wyznala-ktora-plotka-na-jej-temat-boli-ja-najbardziej-jest-kompletnie-absurdalna\/\" \/>\n<meta property=\"og:site_name\" content=\"FameSphere\" \/>\n<meta property=\"article:published_time\" content=\"2025-03-13T22:16:00+00:00\" \/>\n<meta property=\"article:modified_time\" content=\"2025-05-05T17:26:59+00:00\" \/>\n<meta property=\"og:image\" content=\"https:\/\/famesphere.pl\/wp-content\/uploads\/2025\/03\/Snapinst.app_482348245_18491158822056755_8057685334066894686_n_1080.jpg\" \/>\n\t<meta property=\"og:image:width\" content=\"1080\" \/>\n\t<meta property=\"og:image:height\" content=\"1151\" \/>\n\t<meta property=\"og:image:type\" content=\"image\/jpeg\" \/>\n<meta name=\"author\" content=\"Paula Gajownik\" \/>\n<meta name=\"twitter:card\" content=\"summary_large_image\" \/>\n<meta name=\"twitter:label1\" content=\"Napisane przez\" \/>\n\t<meta name=\"twitter:data1\" content=\"Paula Gajownik\" \/>\n\t<meta name=\"twitter:label2\" content=\"Szacowany czas czytania\" \/>\n\t<meta name=\"twitter:data2\" content=\"3 minuty\" \/>\n<script type=\"application\/ld+json\" class=\"yoast-schema-graph\">{\"@context\":\"https:\\\/\\\/schema.org\",\"@graph\":[{\"@type\":\"Article\",\"@id\":\"https:\\\/\\\/famesphere.pl\\\/index.php\\\/2025\\\/03\\\/13\\\/magda-gessler-wyznala-ktora-plotka-na-jej-temat-boli-ja-najbardziej-jest-kompletnie-absurdalna\\\/#article\",\"isPartOf\":{\"@id\":\"https:\\\/\\\/famesphere.pl\\\/index.php\\\/2025\\\/03\\\/13\\\/magda-gessler-wyznala-ktora-plotka-na-jej-temat-boli-ja-najbardziej-jest-kompletnie-absurdalna\\\/\"},\"author\":{\"name\":\"Paula Gajownik\",\"@id\":\"https:\\\/\\\/famesphere.pl\\\/#\\\/schema\\\/person\\\/acc9ff3d8fd31e29f6e12403dba892d2\"},\"headline\":\"Magda Gessler wyzna\u0142a, kt\u00f3ra plotka na jej temat boli j\u0105 najbardziej: &#8222;Jest kompletnie absurdalna&#8221;\",\"datePublished\":\"2025-03-13T22:16:00+00:00\",\"dateModified\":\"2025-05-05T17:26:59+00:00\",\"mainEntityOfPage\":{\"@id\":\"https:\\\/\\\/famesphere.pl\\\/index.php\\\/2025\\\/03\\\/13\\\/magda-gessler-wyznala-ktora-plotka-na-jej-temat-boli-ja-najbardziej-jest-kompletnie-absurdalna\\\/\"},\"wordCount\":546,\"commentCount\":0,\"publisher\":{\"@id\":\"https:\\\/\\\/famesphere.pl\\\/#\\\/schema\\\/person\\\/acc9ff3d8fd31e29f6e12403dba892d2\"},\"image\":{\"@id\":\"https:\\\/\\\/famesphere.pl\\\/index.php\\\/2025\\\/03\\\/13\\\/magda-gessler-wyznala-ktora-plotka-na-jej-temat-boli-ja-najbardziej-jest-kompletnie-absurdalna\\\/#primaryimage\"},\"thumbnailUrl\":\"https:\\\/\\\/famesphere.pl\\\/wp-content\\\/uploads\\\/2025\\\/03\\\/Snapinst.app_482348245_18491158822056755_8057685334066894686_n_1080.jpg\",\"keywords\":[\"Magda Gessler\"],\"articleSection\":[\"Tego nie wiesz o...\"],\"inLanguage\":\"pl-PL\",\"potentialAction\":[{\"@type\":\"CommentAction\",\"name\":\"Comment\",\"target\":[\"https:\\\/\\\/famesphere.pl\\\/index.php\\\/2025\\\/03\\\/13\\\/magda-gessler-wyznala-ktora-plotka-na-jej-temat-boli-ja-najbardziej-jest-kompletnie-absurdalna\\\/#respond\"]}]},{\"@type\":\"WebPage\",\"@id\":\"https:\\\/\\\/famesphere.pl\\\/index.php\\\/2025\\\/03\\\/13\\\/magda-gessler-wyznala-ktora-plotka-na-jej-temat-boli-ja-najbardziej-jest-kompletnie-absurdalna\\\/\",\"url\":\"https:\\\/\\\/famesphere.pl\\\/index.php\\\/2025\\\/03\\\/13\\\/magda-gessler-wyznala-ktora-plotka-na-jej-temat-boli-ja-najbardziej-jest-kompletnie-absurdalna\\\/\",\"name\":\"Magda Gessler wyzna\u0142a, kt\u00f3ra plotka na jej temat boli j\u0105 najbardziej: \\\"Jest kompletnie absurdalna\\\" - FameSphere\",\"isPartOf\":{\"@id\":\"https:\\\/\\\/famesphere.pl\\\/#website\"},\"primaryImageOfPage\":{\"@id\":\"https:\\\/\\\/famesphere.pl\\\/index.php\\\/2025\\\/03\\\/13\\\/magda-gessler-wyznala-ktora-plotka-na-jej-temat-boli-ja-najbardziej-jest-kompletnie-absurdalna\\\/#primaryimage\"},\"image\":{\"@id\":\"https:\\\/\\\/famesphere.pl\\\/index.php\\\/2025\\\/03\\\/13\\\/magda-gessler-wyznala-ktora-plotka-na-jej-temat-boli-ja-najbardziej-jest-kompletnie-absurdalna\\\/#primaryimage\"},\"thumbnailUrl\":\"https:\\\/\\\/famesphere.pl\\\/wp-content\\\/uploads\\\/2025\\\/03\\\/Snapinst.app_482348245_18491158822056755_8057685334066894686_n_1080.jpg\",\"datePublished\":\"2025-03-13T22:16:00+00:00\",\"dateModified\":\"2025-05-05T17:26:59+00:00\",\"description\":\"Kreatorka smaku przyzna\u0142a, \u017ce istnieje jedna nieprawdziwa informacja, kt\u00f3ra j\u0105 dotyka. O jakiej plotce mowa?\",\"breadcrumb\":{\"@id\":\"https:\\\/\\\/famesphere.pl\\\/index.php\\\/2025\\\/03\\\/13\\\/magda-gessler-wyznala-ktora-plotka-na-jej-temat-boli-ja-najbardziej-jest-kompletnie-absurdalna\\\/#breadcrumb\"},\"inLanguage\":\"pl-PL\",\"potentialAction\":[{\"@type\":\"ReadAction\",\"target\":[\"https:\\\/\\\/famesphere.pl\\\/index.php\\\/2025\\\/03\\\/13\\\/magda-gessler-wyznala-ktora-plotka-na-jej-temat-boli-ja-najbardziej-jest-kompletnie-absurdalna\\\/\"]}]},{\"@type\":\"ImageObject\",\"inLanguage\":\"pl-PL\",\"@id\":\"https:\\\/\\\/famesphere.pl\\\/index.php\\\/2025\\\/03\\\/13\\\/magda-gessler-wyznala-ktora-plotka-na-jej-temat-boli-ja-najbardziej-jest-kompletnie-absurdalna\\\/#primaryimage\",\"url\":\"https:\\\/\\\/famesphere.pl\\\/wp-content\\\/uploads\\\/2025\\\/03\\\/Snapinst.app_482348245_18491158822056755_8057685334066894686_n_1080.jpg\",\"contentUrl\":\"https:\\\/\\\/famesphere.pl\\\/wp-content\\\/uploads\\\/2025\\\/03\\\/Snapinst.app_482348245_18491158822056755_8057685334066894686_n_1080.jpg\",\"width\":1080,\"height\":1151},{\"@type\":\"BreadcrumbList\",\"@id\":\"https:\\\/\\\/famesphere.pl\\\/index.php\\\/2025\\\/03\\\/13\\\/magda-gessler-wyznala-ktora-plotka-na-jej-temat-boli-ja-najbardziej-jest-kompletnie-absurdalna\\\/#breadcrumb\",\"itemListElement\":[{\"@type\":\"ListItem\",\"position\":1,\"name\":\"Strona g\u0142\u00f3wna\",\"item\":\"https:\\\/\\\/famesphere.pl\\\/\"},{\"@type\":\"ListItem\",\"position\":2,\"name\":\"Magda Gessler wyzna\u0142a, kt\u00f3ra plotka na jej temat boli j\u0105 najbardziej: &#8222;Jest kompletnie absurdalna&#8221;\"}]},{\"@type\":\"WebSite\",\"@id\":\"https:\\\/\\\/famesphere.pl\\\/#website\",\"url\":\"https:\\\/\\\/famesphere.pl\\\/\",\"name\":\"FameSphere\",\"description\":\"Z show-biznesem jeste\u015bmy na bie\u017c\u0105co!\",\"publisher\":{\"@id\":\"https:\\\/\\\/famesphere.pl\\\/#\\\/schema\\\/person\\\/acc9ff3d8fd31e29f6e12403dba892d2\"},\"potentialAction\":[{\"@type\":\"SearchAction\",\"target\":{\"@type\":\"EntryPoint\",\"urlTemplate\":\"https:\\\/\\\/famesphere.pl\\\/?s={search_term_string}\"},\"query-input\":{\"@type\":\"PropertyValueSpecification\",\"valueRequired\":true,\"valueName\":\"search_term_string\"}}],\"inLanguage\":\"pl-PL\"},{\"@type\":[\"Person\",\"Organization\"],\"@id\":\"https:\\\/\\\/famesphere.pl\\\/#\\\/schema\\\/person\\\/acc9ff3d8fd31e29f6e12403dba892d2\",\"name\":\"Paula Gajownik\",\"image\":{\"@type\":\"ImageObject\",\"inLanguage\":\"pl-PL\",\"@id\":\"https:\\\/\\\/famesphere.pl\\\/wp-content\\\/uploads\\\/2024\\\/07\\\/cropped-cropped-DALL\u00b7E-2024-07-16-17.19.05-Create-a-logo-for-a-website-named-FameSphere.-The-logo-should-be-modern-and-sleek-incorporating-elements-that-suggest-fame-and-a-sphere.-Use-a-vibr-2.webp\",\"url\":\"https:\\\/\\\/famesphere.pl\\\/wp-content\\\/uploads\\\/2024\\\/07\\\/cropped-cropped-DALL\u00b7E-2024-07-16-17.19.05-Create-a-logo-for-a-website-named-FameSphere.-The-logo-should-be-modern-and-sleek-incorporating-elements-that-suggest-fame-and-a-sphere.-Use-a-vibr-2.webp\",\"contentUrl\":\"https:\\\/\\\/famesphere.pl\\\/wp-content\\\/uploads\\\/2024\\\/07\\\/cropped-cropped-DALL\u00b7E-2024-07-16-17.19.05-Create-a-logo-for-a-website-named-FameSphere.-The-logo-should-be-modern-and-sleek-incorporating-elements-that-suggest-fame-and-a-sphere.-Use-a-vibr-2.webp\",\"width\":512,\"height\":400,\"caption\":\"Paula Gajownik\"},\"logo\":{\"@id\":\"https:\\\/\\\/famesphere.pl\\\/wp-content\\\/uploads\\\/2024\\\/07\\\/cropped-cropped-DALL\u00b7E-2024-07-16-17.19.05-Create-a-logo-for-a-website-named-FameSphere.-The-logo-should-be-modern-and-sleek-incorporating-elements-that-suggest-fame-and-a-sphere.-Use-a-vibr-2.webp\"},\"description\":\"Redaktor naczelna FameSphere. Absolwentka dziennikarstwa i komunikacji spo\u0142ecznej oraz specjalistka ds. marketingu i PR-u. Prywatnie posiadaczka dw\u00f3ch kr\u00f3lik\u00f3w, kt\u00f3re kocha ponad \u017cycie.\",\"sameAs\":[\"https:\\\/\\\/famesphere.pl\"],\"url\":\"https:\\\/\\\/famesphere.pl\\\/index.php\\\/author\\\/paula\\\/\"}]}<\/script>\n<!-- \/ Yoast SEO plugin. -->","yoast_head_json":{"title":"Magda Gessler wyzna\u0142a, kt\u00f3ra plotka na jej temat boli j\u0105 najbardziej: \"Jest kompletnie absurdalna\" - FameSphere","description":"Kreatorka smaku przyzna\u0142a, \u017ce istnieje jedna nieprawdziwa informacja, kt\u00f3ra j\u0105 dotyka. O jakiej plotce mowa?","robots":{"index":"index","follow":"follow","max-snippet":"max-snippet:-1","max-image-preview":"max-image-preview:large","max-video-preview":"max-video-preview:-1"},"canonical":"https:\/\/famesphere.pl\/index.php\/2025\/03\/13\/magda-gessler-wyznala-ktora-plotka-na-jej-temat-boli-ja-najbardziej-jest-kompletnie-absurdalna\/","og_locale":"pl_PL","og_type":"article","og_title":"Magda Gessler wyzna\u0142a, kt\u00f3ra plotka na jej temat boli j\u0105 najbardziej: \"Jest kompletnie absurdalna\" - FameSphere","og_description":"Kreatorka smaku przyzna\u0142a, \u017ce istnieje jedna nieprawdziwa informacja, kt\u00f3ra j\u0105 dotyka. O jakiej plotce mowa?","og_url":"https:\/\/famesphere.pl\/index.php\/2025\/03\/13\/magda-gessler-wyznala-ktora-plotka-na-jej-temat-boli-ja-najbardziej-jest-kompletnie-absurdalna\/","og_site_name":"FameSphere","article_published_time":"2025-03-13T22:16:00+00:00","article_modified_time":"2025-05-05T17:26:59+00:00","og_image":[{"width":1080,"height":1151,"url":"https:\/\/famesphere.pl\/wp-content\/uploads\/2025\/03\/Snapinst.app_482348245_18491158822056755_8057685334066894686_n_1080.jpg","type":"image\/jpeg"}],"author":"Paula Gajownik","twitter_card":"summary_large_image","twitter_misc":{"Napisane przez":"Paula Gajownik","Szacowany czas czytania":"3 minuty"},"schema":{"@context":"https:\/\/schema.org","@graph":[{"@type":"Article","@id":"https:\/\/famesphere.pl\/index.php\/2025\/03\/13\/magda-gessler-wyznala-ktora-plotka-na-jej-temat-boli-ja-najbardziej-jest-kompletnie-absurdalna\/#article","isPartOf":{"@id":"https:\/\/famesphere.pl\/index.php\/2025\/03\/13\/magda-gessler-wyznala-ktora-plotka-na-jej-temat-boli-ja-najbardziej-jest-kompletnie-absurdalna\/"},"author":{"name":"Paula Gajownik","@id":"https:\/\/famesphere.pl\/#\/schema\/person\/acc9ff3d8fd31e29f6e12403dba892d2"},"headline":"Magda Gessler wyzna\u0142a, kt\u00f3ra plotka na jej temat boli j\u0105 najbardziej: &#8222;Jest kompletnie absurdalna&#8221;","datePublished":"2025-03-13T22:16:00+00:00","dateModified":"2025-05-05T17:26:59+00:00","mainEntityOfPage":{"@id":"https:\/\/famesphere.pl\/index.php\/2025\/03\/13\/magda-gessler-wyznala-ktora-plotka-na-jej-temat-boli-ja-najbardziej-jest-kompletnie-absurdalna\/"},"wordCount":546,"commentCount":0,"publisher":{"@id":"https:\/\/famesphere.pl\/#\/schema\/person\/acc9ff3d8fd31e29f6e12403dba892d2"},"image":{"@id":"https:\/\/famesphere.pl\/index.php\/2025\/03\/13\/magda-gessler-wyznala-ktora-plotka-na-jej-temat-boli-ja-najbardziej-jest-kompletnie-absurdalna\/#primaryimage"},"thumbnailUrl":"https:\/\/famesphere.pl\/wp-content\/uploads\/2025\/03\/Snapinst.app_482348245_18491158822056755_8057685334066894686_n_1080.jpg","keywords":["Magda Gessler"],"articleSection":["Tego nie wiesz o..."],"inLanguage":"pl-PL","potentialAction":[{"@type":"CommentAction","name":"Comment","target":["https:\/\/famesphere.pl\/index.php\/2025\/03\/13\/magda-gessler-wyznala-ktora-plotka-na-jej-temat-boli-ja-najbardziej-jest-kompletnie-absurdalna\/#respond"]}]},{"@type":"WebPage","@id":"https:\/\/famesphere.pl\/index.php\/2025\/03\/13\/magda-gessler-wyznala-ktora-plotka-na-jej-temat-boli-ja-najbardziej-jest-kompletnie-absurdalna\/","url":"https:\/\/famesphere.pl\/index.php\/2025\/03\/13\/magda-gessler-wyznala-ktora-plotka-na-jej-temat-boli-ja-najbardziej-jest-kompletnie-absurdalna\/","name":"Magda Gessler wyzna\u0142a, kt\u00f3ra plotka na jej temat boli j\u0105 najbardziej: \"Jest kompletnie absurdalna\" - FameSphere","isPartOf":{"@id":"https:\/\/famesphere.pl\/#website"},"primaryImageOfPage":{"@id":"https:\/\/famesphere.pl\/index.php\/2025\/03\/13\/magda-gessler-wyznala-ktora-plotka-na-jej-temat-boli-ja-najbardziej-jest-kompletnie-absurdalna\/#primaryimage"},"image":{"@id":"https:\/\/famesphere.pl\/index.php\/2025\/03\/13\/magda-gessler-wyznala-ktora-plotka-na-jej-temat-boli-ja-najbardziej-jest-kompletnie-absurdalna\/#primaryimage"},"thumbnailUrl":"https:\/\/famesphere.pl\/wp-content\/uploads\/2025\/03\/Snapinst.app_482348245_18491158822056755_8057685334066894686_n_1080.jpg","datePublished":"2025-03-13T22:16:00+00:00","dateModified":"2025-05-05T17:26:59+00:00","description":"Kreatorka smaku przyzna\u0142a, \u017ce istnieje jedna nieprawdziwa informacja, kt\u00f3ra j\u0105 dotyka. O jakiej plotce mowa?","breadcrumb":{"@id":"https:\/\/famesphere.pl\/index.php\/2025\/03\/13\/magda-gessler-wyznala-ktora-plotka-na-jej-temat-boli-ja-najbardziej-jest-kompletnie-absurdalna\/#breadcrumb"},"inLanguage":"pl-PL","potentialAction":[{"@type":"ReadAction","target":["https:\/\/famesphere.pl\/index.php\/2025\/03\/13\/magda-gessler-wyznala-ktora-plotka-na-jej-temat-boli-ja-najbardziej-jest-kompletnie-absurdalna\/"]}]},{"@type":"ImageObject","inLanguage":"pl-PL","@id":"https:\/\/famesphere.pl\/index.php\/2025\/03\/13\/magda-gessler-wyznala-ktora-plotka-na-jej-temat-boli-ja-najbardziej-jest-kompletnie-absurdalna\/#primaryimage","url":"https:\/\/famesphere.pl\/wp-content\/uploads\/2025\/03\/Snapinst.app_482348245_18491158822056755_8057685334066894686_n_1080.jpg","contentUrl":"https:\/\/famesphere.pl\/wp-content\/uploads\/2025\/03\/Snapinst.app_482348245_18491158822056755_8057685334066894686_n_1080.jpg","width":1080,"height":1151},{"@type":"BreadcrumbList","@id":"https:\/\/famesphere.pl\/index.php\/2025\/03\/13\/magda-gessler-wyznala-ktora-plotka-na-jej-temat-boli-ja-najbardziej-jest-kompletnie-absurdalna\/#breadcrumb","itemListElement":[{"@type":"ListItem","position":1,"name":"Strona g\u0142\u00f3wna","item":"https:\/\/famesphere.pl\/"},{"@type":"ListItem","position":2,"name":"Magda Gessler wyzna\u0142a, kt\u00f3ra plotka na jej temat boli j\u0105 najbardziej: &#8222;Jest kompletnie absurdalna&#8221;"}]},{"@type":"WebSite","@id":"https:\/\/famesphere.pl\/#website","url":"https:\/\/famesphere.pl\/","name":"FameSphere","description":"Z show-biznesem jeste\u015bmy na bie\u017c\u0105co!","publisher":{"@id":"https:\/\/famesphere.pl\/#\/schema\/person\/acc9ff3d8fd31e29f6e12403dba892d2"},"potentialAction":[{"@type":"SearchAction","target":{"@type":"EntryPoint","urlTemplate":"https:\/\/famesphere.pl\/?s={search_term_string}"},"query-input":{"@type":"PropertyValueSpecification","valueRequired":true,"valueName":"search_term_string"}}],"inLanguage":"pl-PL"},{"@type":["Person","Organization"],"@id":"https:\/\/famesphere.pl\/#\/schema\/person\/acc9ff3d8fd31e29f6e12403dba892d2","name":"Paula Gajownik","image":{"@type":"ImageObject","inLanguage":"pl-PL","@id":"https:\/\/famesphere.pl\/wp-content\/uploads\/2024\/07\/cropped-cropped-DALL\u00b7E-2024-07-16-17.19.05-Create-a-logo-for-a-website-named-FameSphere.-The-logo-should-be-modern-and-sleek-incorporating-elements-that-suggest-fame-and-a-sphere.-Use-a-vibr-2.webp","url":"https:\/\/famesphere.pl\/wp-content\/uploads\/2024\/07\/cropped-cropped-DALL\u00b7E-2024-07-16-17.19.05-Create-a-logo-for-a-website-named-FameSphere.-The-logo-should-be-modern-and-sleek-incorporating-elements-that-suggest-fame-and-a-sphere.-Use-a-vibr-2.webp","contentUrl":"https:\/\/famesphere.pl\/wp-content\/uploads\/2024\/07\/cropped-cropped-DALL\u00b7E-2024-07-16-17.19.05-Create-a-logo-for-a-website-named-FameSphere.-The-logo-should-be-modern-and-sleek-incorporating-elements-that-suggest-fame-and-a-sphere.-Use-a-vibr-2.webp","width":512,"height":400,"caption":"Paula Gajownik"},"logo":{"@id":"https:\/\/famesphere.pl\/wp-content\/uploads\/2024\/07\/cropped-cropped-DALL\u00b7E-2024-07-16-17.19.05-Create-a-logo-for-a-website-named-FameSphere.-The-logo-should-be-modern-and-sleek-incorporating-elements-that-suggest-fame-and-a-sphere.-Use-a-vibr-2.webp"},"description":"Redaktor naczelna FameSphere. Absolwentka dziennikarstwa i komunikacji spo\u0142ecznej oraz specjalistka ds. marketingu i PR-u. Prywatnie posiadaczka dw\u00f3ch kr\u00f3lik\u00f3w, kt\u00f3re kocha ponad \u017cycie.","sameAs":["https:\/\/famesphere.pl"],"url":"https:\/\/famesphere.pl\/index.php\/author\/paula\/"}]}},"cc_featured_image_caption":{"caption_text":"","source_text":"Magda Gessler (Instagram: magdagessler_official)","source_url":""},"jetpack_featured_media_url":"https:\/\/famesphere.pl\/wp-content\/uploads\/2025\/03\/Snapinst.app_482348245_18491158822056755_8057685334066894686_n_1080.jpg","jetpack_sharing_enabled":true,"_links":{"self":[{"href":"https:\/\/famesphere.pl\/index.php\/wp-json\/wp\/v2\/posts\/1542","targetHints":{"allow":["GET"]}}],"collection":[{"href":"https:\/\/famesphere.pl\/index.php\/wp-json\/wp\/v2\/posts"}],"about":[{"href":"https:\/\/famesphere.pl\/index.php\/wp-json\/wp\/v2\/types\/post"}],"author":[{"embeddable":true,"href":"https:\/\/famesphere.pl\/index.php\/wp-json\/wp\/v2\/users\/1"}],"replies":[{"embeddable":true,"href":"https:\/\/famesphere.pl\/index.php\/wp-json\/wp\/v2\/comments?post=1542"}],"version-history":[{"count":9,"href":"https:\/\/famesphere.pl\/index.php\/wp-json\/wp\/v2\/posts\/1542\/revisions"}],"predecessor-version":[{"id":1552,"href":"https:\/\/famesphere.pl\/index.php\/wp-json\/wp\/v2\/posts\/1542\/revisions\/1552"}],"wp:featuredmedia":[{"embeddable":true,"href":"https:\/\/famesphere.pl\/index.php\/wp-json\/wp\/v2\/media\/1543"}],"wp:attachment":[{"href":"https:\/\/famesphere.pl\/index.php\/wp-json\/wp\/v2\/media?parent=1542"}],"wp:term":[{"taxonomy":"category","embeddable":true,"href":"https:\/\/famesphere.pl\/index.php\/wp-json\/wp\/v2\/categories?post=1542"},{"taxonomy":"post_tag","embeddable":true,"href":"https:\/\/famesphere.pl\/index.php\/wp-json\/wp\/v2\/tags?post=1542"}],"curies":[{"name":"wp","href":"https:\/\/api.w.org\/{rel}","templated":true}]}}