{"id":1631,"date":"2025-03-19T23:32:05","date_gmt":"2025-03-19T23:32:05","guid":{"rendered":"https:\/\/famesphere.pl\/?p=1631"},"modified":"2025-05-05T17:26:49","modified_gmt":"2025-05-05T17:26:49","slug":"julia-kaminska-w-akcie-solidarnosci-ze-spolecznoscia-lgbt-nie-decyduje-sie-na-pewna-rzecz-zainspirowala-ja-do-tego-znana-gwiazda","status":"publish","type":"post","link":"https:\/\/famesphere.pl\/index.php\/2025\/03\/19\/julia-kaminska-w-akcie-solidarnosci-ze-spolecznoscia-lgbt-nie-decyduje-sie-na-pewna-rzecz-zainspirowala-ja-do-tego-znana-gwiazda\/","title":{"rendered":"Julia Kami\u0144ska w akcie solidarno\u015bci ze spo\u0142eczno\u015bci\u0105 LGBT nie decyduje si\u0119 na pewn\u0105 rzecz. Zainspirowa\u0142a j\u0105 do tego znana gwiazda"},"content":{"rendered":"\n<p><strong>Aktorka znana z kultowego serialu stacji TVN &#8222;Brzydula&#8221; nie kryje si\u0119 z tym, \u017ce wspiera \u015brodowisko LGBT. W jednym z wywiad\u00f3w wyrazi\u0142a ubolewanie nad faktem, \u017ce pary homoseksualne nie mog\u0105 bra\u0107 \u015blubu w naszym kraju.<\/strong><\/p>\n\n\n\n<p>Popularno\u015b\u0107 Julii Kami\u0144skiej rozpocz\u0119\u0142a si\u0119 w momencie, w kt\u00f3rym wcieli\u0142a si\u0119 w posta\u0107 sympatycznej Uli Cieplak w serialu &#8222;Brzydula&#8221;. Widzowie pokochali posta\u0107 nieatrakcyjnej, pe\u0142nej kompleks\u00f3w, ale ambitnej m\u0142odej kobiety, kt\u00f3ra podkochiwa\u0142a si\u0119 w swoim szefie Marku Dobrza\u0144skim. Teraz Juli\u0119 Kami\u0144sk\u0105 ogl\u0105da\u0107 mo\u017cna w serialu &#8222;Szpital \u015bw. Anny&#8221;, w kt\u00f3rym gra dr Zofi\u0119 Koneck\u0105. Baczni obserwatorzy show-biznesu wiedz\u0105, \u017ce aktorstwo to nie jedyna p\u0142aszczyzna, na kt\u00f3rej rozwija si\u0119 37-latka. Ostatnio cz\u0119\u015bciej s\u0142ycha\u0107 o niej za spraw\u0105 jej muzyki.<\/p>\n\n\n\n<h5 class=\"wp-block-heading\">Julia Kami\u0144ska zabra\u0142a g\u0142os w sprawie ma\u0142\u017ce\u0144stw par homoseksualnych. Jej stanowisko jest jasne.<\/h5>\n\n\n\n<p>Wokalistka od lat g\u0142o\u015bno m\u00f3wi o tym, \u017ce jest sojuszniczk\u0105 spo\u0142eczno\u015bci LGBT. Niejednokrotnie w rozmowach z dziennikarzami wspomina\u0142a, \u017ce jej zdaniem poziom r\u00f3wno\u015bci w stosunku do par nieheteronormatywnych w Polsce jest skandaliczny. Julia Kami\u0144ska chce wykorzystywa\u0107 swoj\u0105 rozpoznawalno\u015b\u0107, by przyczyni\u0107 si\u0119 do zmiany postrzegania os\u00f3b homoseksualnych oraz wzrostu tolerancji w stosunku do nich.<\/p>\n\n\n\n<p>Ostatnio w wywiadzie udzielonym portalowi Jastrz\u0105b Post aktorka potwierdzi\u0142a Karolinie Motylewskiej, \u017ce nie zdecyduje si\u0119 zawrze\u0107 zwi\u0105zku ma\u0142\u017ce\u0144skiego, dop\u00f3ki pary homoseksualne r\u00f3wnie\u017c nie b\u0119d\u0105 mia\u0142y takiej mo\u017cliwo\u015bci. Jak wyznaje Julia Kami\u0144ska, podobn\u0105 wypowied\u017a us\u0142ysza\u0142a najprawdopodobniej od piosenkarki Miley Cyrus. Przypomnijmy, \u017ce ameryka\u0144ska gwiazda estrady sama wiele lat temu ujawni\u0142a, \u017ce jest osob\u0105 panseksualn\u0105. Julia Kami\u0144ska ma w swoim gronie przyjaci\u00f3\u0142 tak\u017ce osoby nieheteronormatywne i odczuwa \u017cal, \u017ce nie maj\u0105 oni mo\u017cliwo\u015bci pobra\u0107 si\u0119.<\/p>\n\n\n\n<blockquote class=\"wp-block-quote is-layout-flow wp-block-quote-is-layout-flow\">\n<p>Wiesz co, ja to us\u0142ysza\u0142am. To powiedzia\u0142a chyba jako pierwsza Miley Cyrus i to by\u0142, wydaje mi si\u0119, taki pierwszy impuls do tego, \u017ceby wi\u0119cej os\u00f3b si\u0119 wypowiedzia\u0142o w\u0142a\u015bnie w tym kontek\u015bcie. Ja to m\u00f3wi\u0142am bardzo dawno temu i nadal mam takie zdanie, \u017ce to jest nie fair, \u017ce nie wszyscy mo\u017cemy bra\u0107 \u015bluby, \u017ce nawet nie ma zwi\u0105zk\u00f3w partnerskich i jest mi strasznie przykro w stosunku do moich przyjaci\u00f3\u0142, kt\u00f3rzy nie mog\u0105 bra\u0107 (\u015blub\u00f3w &#8211; przyp.red). Dlatego sporo os\u00f3b wyje\u017cd\u017ca zagranic\u0119 \u017ceby tam sobie po prostu \u017cy\u0107 i funkcjonowa\u0107 na r\u00f3wni, w spo\u0142ecze\u0144stwie, kt\u00f3re jest bardziej r\u00f3wno\u015bciowe ni\u017c to nasze polskie. I jest mi niezwykle przykro, \u017ce nie ma tej r\u00f3wno\u015bci.<\/p>\n<\/blockquote>\n\n\n\n<p>Zgadzacie si\u0119 z wypowiedzi\u0105 Julii Kami\u0144skiej?<\/p>\n\n\n\n<figure class=\"wp-block-embed is-type-video is-provider-youtube wp-block-embed-youtube wp-embed-aspect-16-9 wp-has-aspect-ratio\"><div class=\"wp-block-embed__wrapper\">\n<iframe loading=\"lazy\" title=\"Julia Kami\u0144ska chce legalizacji ma\u0142\u017ce\u0144stw jednop\u0142ciowych: &quot;jest mi niezwykle przykro&quot;\" width=\"500\" height=\"281\" src=\"https:\/\/www.youtube.com\/embed\/wi1x1KHcQgY?feature=oembed\" frameborder=\"0\" allow=\"accelerometer; autoplay; clipboard-write; encrypted-media; gyroscope; picture-in-picture; web-share\" referrerpolicy=\"strict-origin-when-cross-origin\" allowfullscreen><\/iframe>\n<\/div><figcaption class=\"wp-element-caption\">\u0179r\u00f3d\u0142o video: Jastrz\u0105b Post<\/figcaption><\/figure>\n","protected":false},"excerpt":{"rendered":"<p>Aktorka znana z kultowego serialu stacji TVN &#8222;Brzydula&#8221; nie kryje si\u0119 z tym, \u017ce wspiera \u015brodowisko LGBT. W jednym z wywiad\u00f3w wyrazi\u0142a ubolewanie nad faktem, \u017ce pary homoseksualne nie mog\u0105&hellip;<\/p>\n","protected":false},"author":1,"featured_media":1633,"comment_status":"open","ping_status":"open","sticky":false,"template":"","format":"standard","meta":{"_jetpack_memberships_contains_paid_content":false,"footnotes":""},"categories":[101],"tags":[88],"class_list":["post-1631","post","type-post","status-publish","format-standard","has-post-thumbnail","hentry","category-tego-nie-wiesz-o","tag-julia-kaminska"],"yoast_head":"<!-- This site is optimized with the Yoast SEO plugin v27.4 - https:\/\/yoast.com\/product\/yoast-seo-wordpress\/ -->\n<title>Julia Kami\u0144ska w akcie solidarno\u015bci ze spo\u0142eczno\u015bci\u0105 LGBT nie decyduje si\u0119 na pewn\u0105 rzecz. Zainspirowa\u0142a j\u0105 do tego znana gwiazda - FameSphere<\/title>\n<meta name=\"robots\" content=\"index, follow, max-snippet:-1, max-image-preview:large, max-video-preview:-1\" \/>\n<link rel=\"canonical\" href=\"https:\/\/famesphere.pl\/index.php\/2025\/03\/19\/julia-kaminska-w-akcie-solidarnosci-ze-spolecznoscia-lgbt-nie-decyduje-sie-na-pewna-rzecz-zainspirowala-ja-do-tego-znana-gwiazda\/\" \/>\n<meta property=\"og:locale\" content=\"pl_PL\" \/>\n<meta property=\"og:type\" content=\"article\" \/>\n<meta property=\"og:title\" content=\"Julia Kami\u0144ska w akcie solidarno\u015bci ze spo\u0142eczno\u015bci\u0105 LGBT nie decyduje si\u0119 na pewn\u0105 rzecz. Zainspirowa\u0142a j\u0105 do tego znana gwiazda - FameSphere\" \/>\n<meta property=\"og:description\" content=\"Aktorka znana z kultowego serialu stacji TVN &#8222;Brzydula&#8221; nie kryje si\u0119 z tym, \u017ce wspiera \u015brodowisko LGBT. W jednym z wywiad\u00f3w wyrazi\u0142a ubolewanie nad faktem, \u017ce pary homoseksualne nie mog\u0105&hellip;\" \/>\n<meta property=\"og:url\" content=\"https:\/\/famesphere.pl\/index.php\/2025\/03\/19\/julia-kaminska-w-akcie-solidarnosci-ze-spolecznoscia-lgbt-nie-decyduje-sie-na-pewna-rzecz-zainspirowala-ja-do-tego-znana-gwiazda\/\" \/>\n<meta property=\"og:site_name\" content=\"FameSphere\" \/>\n<meta property=\"article:published_time\" content=\"2025-03-19T23:32:05+00:00\" \/>\n<meta property=\"article:modified_time\" content=\"2025-05-05T17:26:49+00:00\" \/>\n<meta property=\"og:image\" content=\"https:\/\/famesphere.pl\/wp-content\/uploads\/2025\/03\/Snapinst.app_461064906_18458311081007898_865224797028881039_n_1080.jpg\" \/>\n\t<meta property=\"og:image:width\" content=\"1080\" \/>\n\t<meta property=\"og:image:height\" content=\"1350\" \/>\n\t<meta property=\"og:image:type\" content=\"image\/jpeg\" \/>\n<meta name=\"author\" content=\"Paula Gajownik\" \/>\n<meta name=\"twitter:card\" content=\"summary_large_image\" \/>\n<meta name=\"twitter:label1\" content=\"Napisane przez\" \/>\n\t<meta name=\"twitter:data1\" content=\"Paula Gajownik\" \/>\n\t<meta name=\"twitter:label2\" content=\"Szacowany czas czytania\" \/>\n\t<meta name=\"twitter:data2\" content=\"2 minuty\" \/>\n<script type=\"application\/ld+json\" class=\"yoast-schema-graph\">{\"@context\":\"https:\\\/\\\/schema.org\",\"@graph\":[{\"@type\":\"Article\",\"@id\":\"https:\\\/\\\/famesphere.pl\\\/index.php\\\/2025\\\/03\\\/19\\\/julia-kaminska-w-akcie-solidarnosci-ze-spolecznoscia-lgbt-nie-decyduje-sie-na-pewna-rzecz-zainspirowala-ja-do-tego-znana-gwiazda\\\/#article\",\"isPartOf\":{\"@id\":\"https:\\\/\\\/famesphere.pl\\\/index.php\\\/2025\\\/03\\\/19\\\/julia-kaminska-w-akcie-solidarnosci-ze-spolecznoscia-lgbt-nie-decyduje-sie-na-pewna-rzecz-zainspirowala-ja-do-tego-znana-gwiazda\\\/\"},\"author\":{\"name\":\"Paula Gajownik\",\"@id\":\"https:\\\/\\\/famesphere.pl\\\/#\\\/schema\\\/person\\\/acc9ff3d8fd31e29f6e12403dba892d2\"},\"headline\":\"Julia Kami\u0144ska w akcie solidarno\u015bci ze spo\u0142eczno\u015bci\u0105 LGBT nie decyduje si\u0119 na pewn\u0105 rzecz. Zainspirowa\u0142a j\u0105 do tego znana gwiazda\",\"datePublished\":\"2025-03-19T23:32:05+00:00\",\"dateModified\":\"2025-05-05T17:26:49+00:00\",\"mainEntityOfPage\":{\"@id\":\"https:\\\/\\\/famesphere.pl\\\/index.php\\\/2025\\\/03\\\/19\\\/julia-kaminska-w-akcie-solidarnosci-ze-spolecznoscia-lgbt-nie-decyduje-sie-na-pewna-rzecz-zainspirowala-ja-do-tego-znana-gwiazda\\\/\"},\"wordCount\":498,\"commentCount\":0,\"publisher\":{\"@id\":\"https:\\\/\\\/famesphere.pl\\\/#\\\/schema\\\/person\\\/acc9ff3d8fd31e29f6e12403dba892d2\"},\"image\":{\"@id\":\"https:\\\/\\\/famesphere.pl\\\/index.php\\\/2025\\\/03\\\/19\\\/julia-kaminska-w-akcie-solidarnosci-ze-spolecznoscia-lgbt-nie-decyduje-sie-na-pewna-rzecz-zainspirowala-ja-do-tego-znana-gwiazda\\\/#primaryimage\"},\"thumbnailUrl\":\"https:\\\/\\\/famesphere.pl\\\/wp-content\\\/uploads\\\/2025\\\/03\\\/Snapinst.app_461064906_18458311081007898_865224797028881039_n_1080.jpg\",\"keywords\":[\"Julia Kami\u0144ska\"],\"articleSection\":[\"Tego nie wiesz o...\"],\"inLanguage\":\"pl-PL\",\"potentialAction\":[{\"@type\":\"CommentAction\",\"name\":\"Comment\",\"target\":[\"https:\\\/\\\/famesphere.pl\\\/index.php\\\/2025\\\/03\\\/19\\\/julia-kaminska-w-akcie-solidarnosci-ze-spolecznoscia-lgbt-nie-decyduje-sie-na-pewna-rzecz-zainspirowala-ja-do-tego-znana-gwiazda\\\/#respond\"]}]},{\"@type\":\"WebPage\",\"@id\":\"https:\\\/\\\/famesphere.pl\\\/index.php\\\/2025\\\/03\\\/19\\\/julia-kaminska-w-akcie-solidarnosci-ze-spolecznoscia-lgbt-nie-decyduje-sie-na-pewna-rzecz-zainspirowala-ja-do-tego-znana-gwiazda\\\/\",\"url\":\"https:\\\/\\\/famesphere.pl\\\/index.php\\\/2025\\\/03\\\/19\\\/julia-kaminska-w-akcie-solidarnosci-ze-spolecznoscia-lgbt-nie-decyduje-sie-na-pewna-rzecz-zainspirowala-ja-do-tego-znana-gwiazda\\\/\",\"name\":\"Julia Kami\u0144ska w akcie solidarno\u015bci ze spo\u0142eczno\u015bci\u0105 LGBT nie decyduje si\u0119 na pewn\u0105 rzecz. Zainspirowa\u0142a j\u0105 do tego znana gwiazda - FameSphere\",\"isPartOf\":{\"@id\":\"https:\\\/\\\/famesphere.pl\\\/#website\"},\"primaryImageOfPage\":{\"@id\":\"https:\\\/\\\/famesphere.pl\\\/index.php\\\/2025\\\/03\\\/19\\\/julia-kaminska-w-akcie-solidarnosci-ze-spolecznoscia-lgbt-nie-decyduje-sie-na-pewna-rzecz-zainspirowala-ja-do-tego-znana-gwiazda\\\/#primaryimage\"},\"image\":{\"@id\":\"https:\\\/\\\/famesphere.pl\\\/index.php\\\/2025\\\/03\\\/19\\\/julia-kaminska-w-akcie-solidarnosci-ze-spolecznoscia-lgbt-nie-decyduje-sie-na-pewna-rzecz-zainspirowala-ja-do-tego-znana-gwiazda\\\/#primaryimage\"},\"thumbnailUrl\":\"https:\\\/\\\/famesphere.pl\\\/wp-content\\\/uploads\\\/2025\\\/03\\\/Snapinst.app_461064906_18458311081007898_865224797028881039_n_1080.jpg\",\"datePublished\":\"2025-03-19T23:32:05+00:00\",\"dateModified\":\"2025-05-05T17:26:49+00:00\",\"breadcrumb\":{\"@id\":\"https:\\\/\\\/famesphere.pl\\\/index.php\\\/2025\\\/03\\\/19\\\/julia-kaminska-w-akcie-solidarnosci-ze-spolecznoscia-lgbt-nie-decyduje-sie-na-pewna-rzecz-zainspirowala-ja-do-tego-znana-gwiazda\\\/#breadcrumb\"},\"inLanguage\":\"pl-PL\",\"potentialAction\":[{\"@type\":\"ReadAction\",\"target\":[\"https:\\\/\\\/famesphere.pl\\\/index.php\\\/2025\\\/03\\\/19\\\/julia-kaminska-w-akcie-solidarnosci-ze-spolecznoscia-lgbt-nie-decyduje-sie-na-pewna-rzecz-zainspirowala-ja-do-tego-znana-gwiazda\\\/\"]}]},{\"@type\":\"ImageObject\",\"inLanguage\":\"pl-PL\",\"@id\":\"https:\\\/\\\/famesphere.pl\\\/index.php\\\/2025\\\/03\\\/19\\\/julia-kaminska-w-akcie-solidarnosci-ze-spolecznoscia-lgbt-nie-decyduje-sie-na-pewna-rzecz-zainspirowala-ja-do-tego-znana-gwiazda\\\/#primaryimage\",\"url\":\"https:\\\/\\\/famesphere.pl\\\/wp-content\\\/uploads\\\/2025\\\/03\\\/Snapinst.app_461064906_18458311081007898_865224797028881039_n_1080.jpg\",\"contentUrl\":\"https:\\\/\\\/famesphere.pl\\\/wp-content\\\/uploads\\\/2025\\\/03\\\/Snapinst.app_461064906_18458311081007898_865224797028881039_n_1080.jpg\",\"width\":1080,\"height\":1350},{\"@type\":\"BreadcrumbList\",\"@id\":\"https:\\\/\\\/famesphere.pl\\\/index.php\\\/2025\\\/03\\\/19\\\/julia-kaminska-w-akcie-solidarnosci-ze-spolecznoscia-lgbt-nie-decyduje-sie-na-pewna-rzecz-zainspirowala-ja-do-tego-znana-gwiazda\\\/#breadcrumb\",\"itemListElement\":[{\"@type\":\"ListItem\",\"position\":1,\"name\":\"Strona g\u0142\u00f3wna\",\"item\":\"https:\\\/\\\/famesphere.pl\\\/\"},{\"@type\":\"ListItem\",\"position\":2,\"name\":\"Julia Kami\u0144ska w akcie solidarno\u015bci ze spo\u0142eczno\u015bci\u0105 LGBT nie decyduje si\u0119 na pewn\u0105 rzecz. Zainspirowa\u0142a j\u0105 do tego znana gwiazda\"}]},{\"@type\":\"WebSite\",\"@id\":\"https:\\\/\\\/famesphere.pl\\\/#website\",\"url\":\"https:\\\/\\\/famesphere.pl\\\/\",\"name\":\"FameSphere\",\"description\":\"Z show-biznesem jeste\u015bmy na bie\u017c\u0105co!\",\"publisher\":{\"@id\":\"https:\\\/\\\/famesphere.pl\\\/#\\\/schema\\\/person\\\/acc9ff3d8fd31e29f6e12403dba892d2\"},\"potentialAction\":[{\"@type\":\"SearchAction\",\"target\":{\"@type\":\"EntryPoint\",\"urlTemplate\":\"https:\\\/\\\/famesphere.pl\\\/?s={search_term_string}\"},\"query-input\":{\"@type\":\"PropertyValueSpecification\",\"valueRequired\":true,\"valueName\":\"search_term_string\"}}],\"inLanguage\":\"pl-PL\"},{\"@type\":[\"Person\",\"Organization\"],\"@id\":\"https:\\\/\\\/famesphere.pl\\\/#\\\/schema\\\/person\\\/acc9ff3d8fd31e29f6e12403dba892d2\",\"name\":\"Paula Gajownik\",\"image\":{\"@type\":\"ImageObject\",\"inLanguage\":\"pl-PL\",\"@id\":\"https:\\\/\\\/famesphere.pl\\\/wp-content\\\/uploads\\\/2024\\\/07\\\/cropped-cropped-DALL\u00b7E-2024-07-16-17.19.05-Create-a-logo-for-a-website-named-FameSphere.-The-logo-should-be-modern-and-sleek-incorporating-elements-that-suggest-fame-and-a-sphere.-Use-a-vibr-2.webp\",\"url\":\"https:\\\/\\\/famesphere.pl\\\/wp-content\\\/uploads\\\/2024\\\/07\\\/cropped-cropped-DALL\u00b7E-2024-07-16-17.19.05-Create-a-logo-for-a-website-named-FameSphere.-The-logo-should-be-modern-and-sleek-incorporating-elements-that-suggest-fame-and-a-sphere.-Use-a-vibr-2.webp\",\"contentUrl\":\"https:\\\/\\\/famesphere.pl\\\/wp-content\\\/uploads\\\/2024\\\/07\\\/cropped-cropped-DALL\u00b7E-2024-07-16-17.19.05-Create-a-logo-for-a-website-named-FameSphere.-The-logo-should-be-modern-and-sleek-incorporating-elements-that-suggest-fame-and-a-sphere.-Use-a-vibr-2.webp\",\"width\":512,\"height\":400,\"caption\":\"Paula Gajownik\"},\"logo\":{\"@id\":\"https:\\\/\\\/famesphere.pl\\\/wp-content\\\/uploads\\\/2024\\\/07\\\/cropped-cropped-DALL\u00b7E-2024-07-16-17.19.05-Create-a-logo-for-a-website-named-FameSphere.-The-logo-should-be-modern-and-sleek-incorporating-elements-that-suggest-fame-and-a-sphere.-Use-a-vibr-2.webp\"},\"description\":\"Redaktor naczelna FameSphere. Absolwentka dziennikarstwa i komunikacji spo\u0142ecznej oraz specjalistka ds. marketingu i PR-u. Prywatnie posiadaczka dw\u00f3ch kr\u00f3lik\u00f3w, kt\u00f3re kocha ponad \u017cycie.\",\"sameAs\":[\"https:\\\/\\\/famesphere.pl\"],\"url\":\"https:\\\/\\\/famesphere.pl\\\/index.php\\\/author\\\/paula\\\/\"}]}<\/script>\n<!-- \/ Yoast SEO plugin. -->","yoast_head_json":{"title":"Julia Kami\u0144ska w akcie solidarno\u015bci ze spo\u0142eczno\u015bci\u0105 LGBT nie decyduje si\u0119 na pewn\u0105 rzecz. Zainspirowa\u0142a j\u0105 do tego znana gwiazda - FameSphere","robots":{"index":"index","follow":"follow","max-snippet":"max-snippet:-1","max-image-preview":"max-image-preview:large","max-video-preview":"max-video-preview:-1"},"canonical":"https:\/\/famesphere.pl\/index.php\/2025\/03\/19\/julia-kaminska-w-akcie-solidarnosci-ze-spolecznoscia-lgbt-nie-decyduje-sie-na-pewna-rzecz-zainspirowala-ja-do-tego-znana-gwiazda\/","og_locale":"pl_PL","og_type":"article","og_title":"Julia Kami\u0144ska w akcie solidarno\u015bci ze spo\u0142eczno\u015bci\u0105 LGBT nie decyduje si\u0119 na pewn\u0105 rzecz. Zainspirowa\u0142a j\u0105 do tego znana gwiazda - FameSphere","og_description":"Aktorka znana z kultowego serialu stacji TVN &#8222;Brzydula&#8221; nie kryje si\u0119 z tym, \u017ce wspiera \u015brodowisko LGBT. W jednym z wywiad\u00f3w wyrazi\u0142a ubolewanie nad faktem, \u017ce pary homoseksualne nie mog\u0105&hellip;","og_url":"https:\/\/famesphere.pl\/index.php\/2025\/03\/19\/julia-kaminska-w-akcie-solidarnosci-ze-spolecznoscia-lgbt-nie-decyduje-sie-na-pewna-rzecz-zainspirowala-ja-do-tego-znana-gwiazda\/","og_site_name":"FameSphere","article_published_time":"2025-03-19T23:32:05+00:00","article_modified_time":"2025-05-05T17:26:49+00:00","og_image":[{"width":1080,"height":1350,"url":"https:\/\/famesphere.pl\/wp-content\/uploads\/2025\/03\/Snapinst.app_461064906_18458311081007898_865224797028881039_n_1080.jpg","type":"image\/jpeg"}],"author":"Paula Gajownik","twitter_card":"summary_large_image","twitter_misc":{"Napisane przez":"Paula Gajownik","Szacowany czas czytania":"2 minuty"},"schema":{"@context":"https:\/\/schema.org","@graph":[{"@type":"Article","@id":"https:\/\/famesphere.pl\/index.php\/2025\/03\/19\/julia-kaminska-w-akcie-solidarnosci-ze-spolecznoscia-lgbt-nie-decyduje-sie-na-pewna-rzecz-zainspirowala-ja-do-tego-znana-gwiazda\/#article","isPartOf":{"@id":"https:\/\/famesphere.pl\/index.php\/2025\/03\/19\/julia-kaminska-w-akcie-solidarnosci-ze-spolecznoscia-lgbt-nie-decyduje-sie-na-pewna-rzecz-zainspirowala-ja-do-tego-znana-gwiazda\/"},"author":{"name":"Paula Gajownik","@id":"https:\/\/famesphere.pl\/#\/schema\/person\/acc9ff3d8fd31e29f6e12403dba892d2"},"headline":"Julia Kami\u0144ska w akcie solidarno\u015bci ze spo\u0142eczno\u015bci\u0105 LGBT nie decyduje si\u0119 na pewn\u0105 rzecz. Zainspirowa\u0142a j\u0105 do tego znana gwiazda","datePublished":"2025-03-19T23:32:05+00:00","dateModified":"2025-05-05T17:26:49+00:00","mainEntityOfPage":{"@id":"https:\/\/famesphere.pl\/index.php\/2025\/03\/19\/julia-kaminska-w-akcie-solidarnosci-ze-spolecznoscia-lgbt-nie-decyduje-sie-na-pewna-rzecz-zainspirowala-ja-do-tego-znana-gwiazda\/"},"wordCount":498,"commentCount":0,"publisher":{"@id":"https:\/\/famesphere.pl\/#\/schema\/person\/acc9ff3d8fd31e29f6e12403dba892d2"},"image":{"@id":"https:\/\/famesphere.pl\/index.php\/2025\/03\/19\/julia-kaminska-w-akcie-solidarnosci-ze-spolecznoscia-lgbt-nie-decyduje-sie-na-pewna-rzecz-zainspirowala-ja-do-tego-znana-gwiazda\/#primaryimage"},"thumbnailUrl":"https:\/\/famesphere.pl\/wp-content\/uploads\/2025\/03\/Snapinst.app_461064906_18458311081007898_865224797028881039_n_1080.jpg","keywords":["Julia Kami\u0144ska"],"articleSection":["Tego nie wiesz o..."],"inLanguage":"pl-PL","potentialAction":[{"@type":"CommentAction","name":"Comment","target":["https:\/\/famesphere.pl\/index.php\/2025\/03\/19\/julia-kaminska-w-akcie-solidarnosci-ze-spolecznoscia-lgbt-nie-decyduje-sie-na-pewna-rzecz-zainspirowala-ja-do-tego-znana-gwiazda\/#respond"]}]},{"@type":"WebPage","@id":"https:\/\/famesphere.pl\/index.php\/2025\/03\/19\/julia-kaminska-w-akcie-solidarnosci-ze-spolecznoscia-lgbt-nie-decyduje-sie-na-pewna-rzecz-zainspirowala-ja-do-tego-znana-gwiazda\/","url":"https:\/\/famesphere.pl\/index.php\/2025\/03\/19\/julia-kaminska-w-akcie-solidarnosci-ze-spolecznoscia-lgbt-nie-decyduje-sie-na-pewna-rzecz-zainspirowala-ja-do-tego-znana-gwiazda\/","name":"Julia Kami\u0144ska w akcie solidarno\u015bci ze spo\u0142eczno\u015bci\u0105 LGBT nie decyduje si\u0119 na pewn\u0105 rzecz. Zainspirowa\u0142a j\u0105 do tego znana gwiazda - FameSphere","isPartOf":{"@id":"https:\/\/famesphere.pl\/#website"},"primaryImageOfPage":{"@id":"https:\/\/famesphere.pl\/index.php\/2025\/03\/19\/julia-kaminska-w-akcie-solidarnosci-ze-spolecznoscia-lgbt-nie-decyduje-sie-na-pewna-rzecz-zainspirowala-ja-do-tego-znana-gwiazda\/#primaryimage"},"image":{"@id":"https:\/\/famesphere.pl\/index.php\/2025\/03\/19\/julia-kaminska-w-akcie-solidarnosci-ze-spolecznoscia-lgbt-nie-decyduje-sie-na-pewna-rzecz-zainspirowala-ja-do-tego-znana-gwiazda\/#primaryimage"},"thumbnailUrl":"https:\/\/famesphere.pl\/wp-content\/uploads\/2025\/03\/Snapinst.app_461064906_18458311081007898_865224797028881039_n_1080.jpg","datePublished":"2025-03-19T23:32:05+00:00","dateModified":"2025-05-05T17:26:49+00:00","breadcrumb":{"@id":"https:\/\/famesphere.pl\/index.php\/2025\/03\/19\/julia-kaminska-w-akcie-solidarnosci-ze-spolecznoscia-lgbt-nie-decyduje-sie-na-pewna-rzecz-zainspirowala-ja-do-tego-znana-gwiazda\/#breadcrumb"},"inLanguage":"pl-PL","potentialAction":[{"@type":"ReadAction","target":["https:\/\/famesphere.pl\/index.php\/2025\/03\/19\/julia-kaminska-w-akcie-solidarnosci-ze-spolecznoscia-lgbt-nie-decyduje-sie-na-pewna-rzecz-zainspirowala-ja-do-tego-znana-gwiazda\/"]}]},{"@type":"ImageObject","inLanguage":"pl-PL","@id":"https:\/\/famesphere.pl\/index.php\/2025\/03\/19\/julia-kaminska-w-akcie-solidarnosci-ze-spolecznoscia-lgbt-nie-decyduje-sie-na-pewna-rzecz-zainspirowala-ja-do-tego-znana-gwiazda\/#primaryimage","url":"https:\/\/famesphere.pl\/wp-content\/uploads\/2025\/03\/Snapinst.app_461064906_18458311081007898_865224797028881039_n_1080.jpg","contentUrl":"https:\/\/famesphere.pl\/wp-content\/uploads\/2025\/03\/Snapinst.app_461064906_18458311081007898_865224797028881039_n_1080.jpg","width":1080,"height":1350},{"@type":"BreadcrumbList","@id":"https:\/\/famesphere.pl\/index.php\/2025\/03\/19\/julia-kaminska-w-akcie-solidarnosci-ze-spolecznoscia-lgbt-nie-decyduje-sie-na-pewna-rzecz-zainspirowala-ja-do-tego-znana-gwiazda\/#breadcrumb","itemListElement":[{"@type":"ListItem","position":1,"name":"Strona g\u0142\u00f3wna","item":"https:\/\/famesphere.pl\/"},{"@type":"ListItem","position":2,"name":"Julia Kami\u0144ska w akcie solidarno\u015bci ze spo\u0142eczno\u015bci\u0105 LGBT nie decyduje si\u0119 na pewn\u0105 rzecz. Zainspirowa\u0142a j\u0105 do tego znana gwiazda"}]},{"@type":"WebSite","@id":"https:\/\/famesphere.pl\/#website","url":"https:\/\/famesphere.pl\/","name":"FameSphere","description":"Z show-biznesem jeste\u015bmy na bie\u017c\u0105co!","publisher":{"@id":"https:\/\/famesphere.pl\/#\/schema\/person\/acc9ff3d8fd31e29f6e12403dba892d2"},"potentialAction":[{"@type":"SearchAction","target":{"@type":"EntryPoint","urlTemplate":"https:\/\/famesphere.pl\/?s={search_term_string}"},"query-input":{"@type":"PropertyValueSpecification","valueRequired":true,"valueName":"search_term_string"}}],"inLanguage":"pl-PL"},{"@type":["Person","Organization"],"@id":"https:\/\/famesphere.pl\/#\/schema\/person\/acc9ff3d8fd31e29f6e12403dba892d2","name":"Paula Gajownik","image":{"@type":"ImageObject","inLanguage":"pl-PL","@id":"https:\/\/famesphere.pl\/wp-content\/uploads\/2024\/07\/cropped-cropped-DALL\u00b7E-2024-07-16-17.19.05-Create-a-logo-for-a-website-named-FameSphere.-The-logo-should-be-modern-and-sleek-incorporating-elements-that-suggest-fame-and-a-sphere.-Use-a-vibr-2.webp","url":"https:\/\/famesphere.pl\/wp-content\/uploads\/2024\/07\/cropped-cropped-DALL\u00b7E-2024-07-16-17.19.05-Create-a-logo-for-a-website-named-FameSphere.-The-logo-should-be-modern-and-sleek-incorporating-elements-that-suggest-fame-and-a-sphere.-Use-a-vibr-2.webp","contentUrl":"https:\/\/famesphere.pl\/wp-content\/uploads\/2024\/07\/cropped-cropped-DALL\u00b7E-2024-07-16-17.19.05-Create-a-logo-for-a-website-named-FameSphere.-The-logo-should-be-modern-and-sleek-incorporating-elements-that-suggest-fame-and-a-sphere.-Use-a-vibr-2.webp","width":512,"height":400,"caption":"Paula Gajownik"},"logo":{"@id":"https:\/\/famesphere.pl\/wp-content\/uploads\/2024\/07\/cropped-cropped-DALL\u00b7E-2024-07-16-17.19.05-Create-a-logo-for-a-website-named-FameSphere.-The-logo-should-be-modern-and-sleek-incorporating-elements-that-suggest-fame-and-a-sphere.-Use-a-vibr-2.webp"},"description":"Redaktor naczelna FameSphere. Absolwentka dziennikarstwa i komunikacji spo\u0142ecznej oraz specjalistka ds. marketingu i PR-u. Prywatnie posiadaczka dw\u00f3ch kr\u00f3lik\u00f3w, kt\u00f3re kocha ponad \u017cycie.","sameAs":["https:\/\/famesphere.pl"],"url":"https:\/\/famesphere.pl\/index.php\/author\/paula\/"}]}},"cc_featured_image_caption":{"caption_text":"","source_text":"Julia Kami\u0144ska (Instagram: _julia_kaminska_)","source_url":""},"jetpack_featured_media_url":"https:\/\/famesphere.pl\/wp-content\/uploads\/2025\/03\/Snapinst.app_461064906_18458311081007898_865224797028881039_n_1080.jpg","jetpack_sharing_enabled":true,"_links":{"self":[{"href":"https:\/\/famesphere.pl\/index.php\/wp-json\/wp\/v2\/posts\/1631","targetHints":{"allow":["GET"]}}],"collection":[{"href":"https:\/\/famesphere.pl\/index.php\/wp-json\/wp\/v2\/posts"}],"about":[{"href":"https:\/\/famesphere.pl\/index.php\/wp-json\/wp\/v2\/types\/post"}],"author":[{"embeddable":true,"href":"https:\/\/famesphere.pl\/index.php\/wp-json\/wp\/v2\/users\/1"}],"replies":[{"embeddable":true,"href":"https:\/\/famesphere.pl\/index.php\/wp-json\/wp\/v2\/comments?post=1631"}],"version-history":[{"count":15,"href":"https:\/\/famesphere.pl\/index.php\/wp-json\/wp\/v2\/posts\/1631\/revisions"}],"predecessor-version":[{"id":1647,"href":"https:\/\/famesphere.pl\/index.php\/wp-json\/wp\/v2\/posts\/1631\/revisions\/1647"}],"wp:featuredmedia":[{"embeddable":true,"href":"https:\/\/famesphere.pl\/index.php\/wp-json\/wp\/v2\/media\/1633"}],"wp:attachment":[{"href":"https:\/\/famesphere.pl\/index.php\/wp-json\/wp\/v2\/media?parent=1631"}],"wp:term":[{"taxonomy":"category","embeddable":true,"href":"https:\/\/famesphere.pl\/index.php\/wp-json\/wp\/v2\/categories?post=1631"},{"taxonomy":"post_tag","embeddable":true,"href":"https:\/\/famesphere.pl\/index.php\/wp-json\/wp\/v2\/tags?post=1631"}],"curies":[{"name":"wp","href":"https:\/\/api.w.org\/{rel}","templated":true}]}}