{"id":1658,"date":"2025-03-21T21:55:00","date_gmt":"2025-03-21T21:55:00","guid":{"rendered":"https:\/\/famesphere.pl\/?p=1658"},"modified":"2025-05-05T11:20:07","modified_gmt":"2025-05-05T11:20:07","slug":"blanka-lipinska-obejrzala-drugi-sezon-krolowych-przetrwania-wspomniala-o-dzwiekowcu-z-ktorym-laczono-agnieszke-kaczorowska","status":"publish","type":"post","link":"https:\/\/famesphere.pl\/index.php\/2025\/03\/21\/blanka-lipinska-obejrzala-drugi-sezon-krolowych-przetrwania-wspomniala-o-dzwiekowcu-z-ktorym-laczono-agnieszke-kaczorowska\/","title":{"rendered":"Blanka Lipi\u0144ska obejrza\u0142a drugi sezon &#8222;Kr\u00f3lowych Przetrwania&#8221;. Wspomnia\u0142a o d\u017awi\u0119kowcu, z kt\u00f3rym \u0142\u0105czono Agnieszk\u0119 Kaczorowsk\u0105"},"content":{"rendered":"\n<p><strong>Autorka bestsellerowej trylogii w wywiadzie udzielonym portalowi Pudelek wyzna\u0142a, \u017ce obejrza\u0142a ca\u0142y drugi sezon &#8222;Kr\u00f3lowych Przetrwania&#8221;. Da\u0142a r\u00f3wnie\u017c do zrozumienia, \u017ce dosz\u0142y do niej plotki kim jest m\u0119\u017cczyzna z produkcji programu, z kt\u00f3rym Agnieszka Kaczorowska mia\u0142a si\u0119 spotyka\u0107.<\/strong><\/p>\n\n\n\n<p>Blanka Lipi\u0144ska odnios\u0142a sukces dzi\u0119ki swojej serii ksi\u0105\u017cek o romansie Massimo Torricelli i Laury Biel. Jej erotyk zrobi\u0142 furor\u0119 nie tylko w Polsce, ale r\u00f3wnie\u017c za granicami naszego kraju. Celebrytka niejednokrotnie wspomina\u0142a, \u017ce tak wzbogaci\u0142a si\u0119 na swoich filmach oraz ksi\u0105\u017ckach, \u017ce nie musi robi\u0107 nic dla pieni\u0119dzy. Ostatnim jej projektem by\u0142 &#8222;(Nie)Poradnik Turystyczny&#8221;, kt\u00f3ry ogl\u0105da\u0107 mo\u017cna na Prime Video. Pisarka wraz ze swoim partnerem oraz przyjacielem podr\u00f3\u017cowa\u0142a po r\u00f3\u017cnych zak\u0105tkach \u015bwiata. Blanka Lipi\u0144ska wyzna\u0142a, \u017ce to w\u0142a\u015bnie jeden z tych projekt\u00f3w, kt\u00f3rego podj\u0119\u0142a si\u0119 z pasji ni\u017c z ch\u0119ci zarobku. Jak sama przyzna\u0142a, nie tylko nie musia\u0142a p\u0142aci\u0107 za podr\u00f3\u017ce, ale w dodatku zap\u0142acono jej za prowadzenie programu. Program okaza\u0142 si\u0119 strza\u0142em w dziesi\u0105tk\u0119 i zosta\u0142 nominowany do nagrody w kategorii &#8222;Najlepsze reality show w streamingu&#8221;.<\/p>\n\n\n\n<h5 class=\"wp-block-heading\">Blanka Lipi\u0144ska zdradzi\u0142a co uwa\u017ca o najnowszym sezonie &#8222;Kr\u00f3lowych Przetrwania&#8221;. Nawi\u0105za\u0142a te\u017c do domniemanego romansu Agnieszki Kaczorowskiej z d\u017awi\u0119kowcem<\/h5>\n\n\n\n<p>Reporterka portalu Pudelek mia\u0142a okazj\u0119 porozmawia\u0107 z Blank\u0105 Lipi\u0144sk\u0105 przed gal\u0105 &#8222;Top Seriale 2025&#8221;. Zapyta\u0142a j\u0105 o to, czy mia\u0142a sposobno\u015b\u0107 obejrze\u0107 &#8222;Kr\u00f3lowe Przetrwania&#8221;. 39-latka przyzna\u0142a, \u017ce z niecierpliwo\u015bci\u0105 czeka\u0142a na opublikowanie ca\u0142ego sezonu w internecie. Gdy tylko si\u0119 ukaza\u0142, to obejrza\u0142a go wraz ze swoim partnerem Paw\u0142em Bary\u0142\u0105. Wed\u0142ug niej drugi sezon programu by\u0142 kontrowersyjny. To jednak nie wszystko. Autorka poczytnych ksi\u0105\u017cek z u\u015bmiechem na twarzy wyzna\u0142a, \u017ce znajomi z show-biznesu donie\u015bli jej kim jest m\u0119\u017cczyzna, z kt\u00f3rym mia\u0142a mie\u0107 romans Agnieszka Kaczorowska.<\/p>\n\n\n\n<blockquote class=\"wp-block-quote is-layout-flow wp-block-quote-is-layout-flow\">\n<p>&#8222;Kr\u00f3lowe Przetrwania&#8221; drugi sezon &#8211; ostry jak maczeta. Wiadomo, za jednym zamachem (obejrza\u0142a ca\u0142y sezon &#8211; przyp.red). Czeka\u0142am a\u017c wyjdzie ca\u0142y sezon. Ma\u0142o tego, czasem zerkn\u0119 na Pudelka, nie ukrywam, \u017ce zerkn\u0119, i jak widzia\u0142am, \u017ce jest spoiler, to szybko przewija\u0142am, bo ja wiesz, chc\u0119 to prze\u017cy\u0107, i m\u00f3wi\u0119 do Bary\u0142y: &#8222;Dzisiaj jest ten weekend. Siadaj, ogl\u0105damy.&#8221; I powiem Ci tak, prawie 24 godziny, wiesz o co chodzi, ogl\u0105dania. No trzeba przyzna\u0107, \u017ce ostro. A jak jeszcze jeste\u015b w bran\u017cy i masz donosy zza kulis, to patrzysz i my\u015blisz sobie: &#8222;Ha! Ten d\u017awi\u0119kowiec&#8221;. Wiesz o co chodzi.<\/p>\n<\/blockquote>\n\n\n\n<p>Sama Lipi\u0144ska nie dosta\u0142a propozycji udzia\u0142u w &#8222;Kr\u00f3lowych Przetrwania&#8221;. Nie ma jednak zamiaru i\u015b\u0107 do programu.<\/p>\n\n\n\n<figure class=\"wp-block-embed is-type-video is-provider-youtube wp-block-embed-youtube wp-embed-aspect-16-9 wp-has-aspect-ratio\"><div class=\"wp-block-embed__wrapper\">\n<iframe loading=\"lazy\" title=\"Blanka Lipi\u0144ska kupi\u0142a ogromny dom w Hiszpanii, ale przera\u017caj\u0105 j\u0105 ceny bilet\u00f3w lotniczych\" width=\"500\" height=\"281\" src=\"https:\/\/www.youtube.com\/embed\/x1isD85vD4I?feature=oembed\" frameborder=\"0\" allow=\"accelerometer; autoplay; clipboard-write; encrypted-media; gyroscope; picture-in-picture; web-share\" referrerpolicy=\"strict-origin-when-cross-origin\" allowfullscreen><\/iframe>\n<\/div><figcaption class=\"wp-element-caption\">\u0179r\u00f3d\u0142o video: Pudelek<\/figcaption><\/figure>\n","protected":false},"excerpt":{"rendered":"<p>Autorka bestsellerowej trylogii w wywiadzie udzielonym portalowi Pudelek wyzna\u0142a, \u017ce obejrza\u0142a ca\u0142y drugi sezon &#8222;Kr\u00f3lowych Przetrwania&#8221;. Da\u0142a r\u00f3wnie\u017c do zrozumienia, \u017ce dosz\u0142y do niej plotki kim jest m\u0119\u017cczyzna z produkcji&hellip;<\/p>\n","protected":false},"author":1,"featured_media":1659,"comment_status":"open","ping_status":"open","sticky":false,"template":"","format":"standard","meta":{"_jetpack_memberships_contains_paid_content":false,"footnotes":""},"categories":[97],"tags":[90],"class_list":["post-1658","post","type-post","status-publish","format-standard","has-post-thumbnail","hentry","category-dramy-i-komentarze","tag-blanka-lipinska"],"yoast_head":"<!-- This site is optimized with the Yoast SEO plugin v27.4 - https:\/\/yoast.com\/product\/yoast-seo-wordpress\/ -->\n<title>Blanka Lipi\u0144ska obejrza\u0142a drugi sezon &quot;Kr\u00f3lowych Przetrwania&quot;. Wspomnia\u0142a o d\u017awi\u0119kowcu, z kt\u00f3rym \u0142\u0105czono Agnieszk\u0119 Kaczorowsk\u0105 - FameSphere<\/title>\n<meta name=\"robots\" content=\"index, follow, max-snippet:-1, max-image-preview:large, max-video-preview:-1\" \/>\n<link rel=\"canonical\" href=\"https:\/\/famesphere.pl\/index.php\/2025\/03\/21\/blanka-lipinska-obejrzala-drugi-sezon-krolowych-przetrwania-wspomniala-o-dzwiekowcu-z-ktorym-laczono-agnieszke-kaczorowska\/\" \/>\n<meta property=\"og:locale\" content=\"pl_PL\" \/>\n<meta property=\"og:type\" content=\"article\" \/>\n<meta property=\"og:title\" content=\"Blanka Lipi\u0144ska obejrza\u0142a drugi sezon &quot;Kr\u00f3lowych Przetrwania&quot;. Wspomnia\u0142a o d\u017awi\u0119kowcu, z kt\u00f3rym \u0142\u0105czono Agnieszk\u0119 Kaczorowsk\u0105 - FameSphere\" \/>\n<meta property=\"og:description\" content=\"Autorka bestsellerowej trylogii w wywiadzie udzielonym portalowi Pudelek wyzna\u0142a, \u017ce obejrza\u0142a ca\u0142y drugi sezon &#8222;Kr\u00f3lowych Przetrwania&#8221;. Da\u0142a r\u00f3wnie\u017c do zrozumienia, \u017ce dosz\u0142y do niej plotki kim jest m\u0119\u017cczyzna z produkcji&hellip;\" \/>\n<meta property=\"og:url\" content=\"https:\/\/famesphere.pl\/index.php\/2025\/03\/21\/blanka-lipinska-obejrzala-drugi-sezon-krolowych-przetrwania-wspomniala-o-dzwiekowcu-z-ktorym-laczono-agnieszke-kaczorowska\/\" \/>\n<meta property=\"og:site_name\" content=\"FameSphere\" \/>\n<meta property=\"article:published_time\" content=\"2025-03-21T21:55:00+00:00\" \/>\n<meta property=\"article:modified_time\" content=\"2025-05-05T11:20:07+00:00\" \/>\n<meta property=\"og:image\" content=\"https:\/\/famesphere.pl\/wp-content\/uploads\/2025\/03\/Snapinst.app_472958657_18481291180037544_5023567237790296461_n_1080.jpg\" \/>\n\t<meta property=\"og:image:width\" content=\"1080\" \/>\n\t<meta property=\"og:image:height\" content=\"1350\" \/>\n\t<meta property=\"og:image:type\" content=\"image\/jpeg\" \/>\n<meta name=\"author\" content=\"Paula Gajownik\" \/>\n<meta name=\"twitter:card\" content=\"summary_large_image\" \/>\n<meta name=\"twitter:label1\" content=\"Napisane przez\" \/>\n\t<meta name=\"twitter:data1\" content=\"Paula Gajownik\" \/>\n\t<meta name=\"twitter:label2\" content=\"Szacowany czas czytania\" \/>\n\t<meta name=\"twitter:data2\" content=\"2 minuty\" \/>\n<script type=\"application\/ld+json\" class=\"yoast-schema-graph\">{\"@context\":\"https:\\\/\\\/schema.org\",\"@graph\":[{\"@type\":\"Article\",\"@id\":\"https:\\\/\\\/famesphere.pl\\\/index.php\\\/2025\\\/03\\\/21\\\/blanka-lipinska-obejrzala-drugi-sezon-krolowych-przetrwania-wspomniala-o-dzwiekowcu-z-ktorym-laczono-agnieszke-kaczorowska\\\/#article\",\"isPartOf\":{\"@id\":\"https:\\\/\\\/famesphere.pl\\\/index.php\\\/2025\\\/03\\\/21\\\/blanka-lipinska-obejrzala-drugi-sezon-krolowych-przetrwania-wspomniala-o-dzwiekowcu-z-ktorym-laczono-agnieszke-kaczorowska\\\/\"},\"author\":{\"name\":\"Paula Gajownik\",\"@id\":\"https:\\\/\\\/famesphere.pl\\\/#\\\/schema\\\/person\\\/acc9ff3d8fd31e29f6e12403dba892d2\"},\"headline\":\"Blanka Lipi\u0144ska obejrza\u0142a drugi sezon &#8222;Kr\u00f3lowych Przetrwania&#8221;. Wspomnia\u0142a o d\u017awi\u0119kowcu, z kt\u00f3rym \u0142\u0105czono Agnieszk\u0119 Kaczorowsk\u0105\",\"datePublished\":\"2025-03-21T21:55:00+00:00\",\"dateModified\":\"2025-05-05T11:20:07+00:00\",\"mainEntityOfPage\":{\"@id\":\"https:\\\/\\\/famesphere.pl\\\/index.php\\\/2025\\\/03\\\/21\\\/blanka-lipinska-obejrzala-drugi-sezon-krolowych-przetrwania-wspomniala-o-dzwiekowcu-z-ktorym-laczono-agnieszke-kaczorowska\\\/\"},\"wordCount\":511,\"commentCount\":0,\"publisher\":{\"@id\":\"https:\\\/\\\/famesphere.pl\\\/#\\\/schema\\\/person\\\/acc9ff3d8fd31e29f6e12403dba892d2\"},\"image\":{\"@id\":\"https:\\\/\\\/famesphere.pl\\\/index.php\\\/2025\\\/03\\\/21\\\/blanka-lipinska-obejrzala-drugi-sezon-krolowych-przetrwania-wspomniala-o-dzwiekowcu-z-ktorym-laczono-agnieszke-kaczorowska\\\/#primaryimage\"},\"thumbnailUrl\":\"https:\\\/\\\/famesphere.pl\\\/wp-content\\\/uploads\\\/2025\\\/03\\\/Snapinst.app_472958657_18481291180037544_5023567237790296461_n_1080.jpg\",\"keywords\":[\"Blanka Lipi\u0144ska\"],\"articleSection\":[\"Dramy i komentarze\"],\"inLanguage\":\"pl-PL\",\"potentialAction\":[{\"@type\":\"CommentAction\",\"name\":\"Comment\",\"target\":[\"https:\\\/\\\/famesphere.pl\\\/index.php\\\/2025\\\/03\\\/21\\\/blanka-lipinska-obejrzala-drugi-sezon-krolowych-przetrwania-wspomniala-o-dzwiekowcu-z-ktorym-laczono-agnieszke-kaczorowska\\\/#respond\"]}]},{\"@type\":\"WebPage\",\"@id\":\"https:\\\/\\\/famesphere.pl\\\/index.php\\\/2025\\\/03\\\/21\\\/blanka-lipinska-obejrzala-drugi-sezon-krolowych-przetrwania-wspomniala-o-dzwiekowcu-z-ktorym-laczono-agnieszke-kaczorowska\\\/\",\"url\":\"https:\\\/\\\/famesphere.pl\\\/index.php\\\/2025\\\/03\\\/21\\\/blanka-lipinska-obejrzala-drugi-sezon-krolowych-przetrwania-wspomniala-o-dzwiekowcu-z-ktorym-laczono-agnieszke-kaczorowska\\\/\",\"name\":\"Blanka Lipi\u0144ska obejrza\u0142a drugi sezon \\\"Kr\u00f3lowych Przetrwania\\\". Wspomnia\u0142a o d\u017awi\u0119kowcu, z kt\u00f3rym \u0142\u0105czono Agnieszk\u0119 Kaczorowsk\u0105 - FameSphere\",\"isPartOf\":{\"@id\":\"https:\\\/\\\/famesphere.pl\\\/#website\"},\"primaryImageOfPage\":{\"@id\":\"https:\\\/\\\/famesphere.pl\\\/index.php\\\/2025\\\/03\\\/21\\\/blanka-lipinska-obejrzala-drugi-sezon-krolowych-przetrwania-wspomniala-o-dzwiekowcu-z-ktorym-laczono-agnieszke-kaczorowska\\\/#primaryimage\"},\"image\":{\"@id\":\"https:\\\/\\\/famesphere.pl\\\/index.php\\\/2025\\\/03\\\/21\\\/blanka-lipinska-obejrzala-drugi-sezon-krolowych-przetrwania-wspomniala-o-dzwiekowcu-z-ktorym-laczono-agnieszke-kaczorowska\\\/#primaryimage\"},\"thumbnailUrl\":\"https:\\\/\\\/famesphere.pl\\\/wp-content\\\/uploads\\\/2025\\\/03\\\/Snapinst.app_472958657_18481291180037544_5023567237790296461_n_1080.jpg\",\"datePublished\":\"2025-03-21T21:55:00+00:00\",\"dateModified\":\"2025-05-05T11:20:07+00:00\",\"breadcrumb\":{\"@id\":\"https:\\\/\\\/famesphere.pl\\\/index.php\\\/2025\\\/03\\\/21\\\/blanka-lipinska-obejrzala-drugi-sezon-krolowych-przetrwania-wspomniala-o-dzwiekowcu-z-ktorym-laczono-agnieszke-kaczorowska\\\/#breadcrumb\"},\"inLanguage\":\"pl-PL\",\"potentialAction\":[{\"@type\":\"ReadAction\",\"target\":[\"https:\\\/\\\/famesphere.pl\\\/index.php\\\/2025\\\/03\\\/21\\\/blanka-lipinska-obejrzala-drugi-sezon-krolowych-przetrwania-wspomniala-o-dzwiekowcu-z-ktorym-laczono-agnieszke-kaczorowska\\\/\"]}]},{\"@type\":\"ImageObject\",\"inLanguage\":\"pl-PL\",\"@id\":\"https:\\\/\\\/famesphere.pl\\\/index.php\\\/2025\\\/03\\\/21\\\/blanka-lipinska-obejrzala-drugi-sezon-krolowych-przetrwania-wspomniala-o-dzwiekowcu-z-ktorym-laczono-agnieszke-kaczorowska\\\/#primaryimage\",\"url\":\"https:\\\/\\\/famesphere.pl\\\/wp-content\\\/uploads\\\/2025\\\/03\\\/Snapinst.app_472958657_18481291180037544_5023567237790296461_n_1080.jpg\",\"contentUrl\":\"https:\\\/\\\/famesphere.pl\\\/wp-content\\\/uploads\\\/2025\\\/03\\\/Snapinst.app_472958657_18481291180037544_5023567237790296461_n_1080.jpg\",\"width\":1080,\"height\":1350},{\"@type\":\"BreadcrumbList\",\"@id\":\"https:\\\/\\\/famesphere.pl\\\/index.php\\\/2025\\\/03\\\/21\\\/blanka-lipinska-obejrzala-drugi-sezon-krolowych-przetrwania-wspomniala-o-dzwiekowcu-z-ktorym-laczono-agnieszke-kaczorowska\\\/#breadcrumb\",\"itemListElement\":[{\"@type\":\"ListItem\",\"position\":1,\"name\":\"Strona g\u0142\u00f3wna\",\"item\":\"https:\\\/\\\/famesphere.pl\\\/\"},{\"@type\":\"ListItem\",\"position\":2,\"name\":\"Blanka Lipi\u0144ska obejrza\u0142a drugi sezon &#8222;Kr\u00f3lowych Przetrwania&#8221;. Wspomnia\u0142a o d\u017awi\u0119kowcu, z kt\u00f3rym \u0142\u0105czono Agnieszk\u0119 Kaczorowsk\u0105\"}]},{\"@type\":\"WebSite\",\"@id\":\"https:\\\/\\\/famesphere.pl\\\/#website\",\"url\":\"https:\\\/\\\/famesphere.pl\\\/\",\"name\":\"FameSphere\",\"description\":\"Z show-biznesem jeste\u015bmy na bie\u017c\u0105co!\",\"publisher\":{\"@id\":\"https:\\\/\\\/famesphere.pl\\\/#\\\/schema\\\/person\\\/acc9ff3d8fd31e29f6e12403dba892d2\"},\"potentialAction\":[{\"@type\":\"SearchAction\",\"target\":{\"@type\":\"EntryPoint\",\"urlTemplate\":\"https:\\\/\\\/famesphere.pl\\\/?s={search_term_string}\"},\"query-input\":{\"@type\":\"PropertyValueSpecification\",\"valueRequired\":true,\"valueName\":\"search_term_string\"}}],\"inLanguage\":\"pl-PL\"},{\"@type\":[\"Person\",\"Organization\"],\"@id\":\"https:\\\/\\\/famesphere.pl\\\/#\\\/schema\\\/person\\\/acc9ff3d8fd31e29f6e12403dba892d2\",\"name\":\"Paula Gajownik\",\"image\":{\"@type\":\"ImageObject\",\"inLanguage\":\"pl-PL\",\"@id\":\"https:\\\/\\\/famesphere.pl\\\/wp-content\\\/uploads\\\/2024\\\/07\\\/cropped-cropped-DALL\u00b7E-2024-07-16-17.19.05-Create-a-logo-for-a-website-named-FameSphere.-The-logo-should-be-modern-and-sleek-incorporating-elements-that-suggest-fame-and-a-sphere.-Use-a-vibr-2.webp\",\"url\":\"https:\\\/\\\/famesphere.pl\\\/wp-content\\\/uploads\\\/2024\\\/07\\\/cropped-cropped-DALL\u00b7E-2024-07-16-17.19.05-Create-a-logo-for-a-website-named-FameSphere.-The-logo-should-be-modern-and-sleek-incorporating-elements-that-suggest-fame-and-a-sphere.-Use-a-vibr-2.webp\",\"contentUrl\":\"https:\\\/\\\/famesphere.pl\\\/wp-content\\\/uploads\\\/2024\\\/07\\\/cropped-cropped-DALL\u00b7E-2024-07-16-17.19.05-Create-a-logo-for-a-website-named-FameSphere.-The-logo-should-be-modern-and-sleek-incorporating-elements-that-suggest-fame-and-a-sphere.-Use-a-vibr-2.webp\",\"width\":512,\"height\":400,\"caption\":\"Paula Gajownik\"},\"logo\":{\"@id\":\"https:\\\/\\\/famesphere.pl\\\/wp-content\\\/uploads\\\/2024\\\/07\\\/cropped-cropped-DALL\u00b7E-2024-07-16-17.19.05-Create-a-logo-for-a-website-named-FameSphere.-The-logo-should-be-modern-and-sleek-incorporating-elements-that-suggest-fame-and-a-sphere.-Use-a-vibr-2.webp\"},\"description\":\"Redaktor naczelna FameSphere. Absolwentka dziennikarstwa i komunikacji spo\u0142ecznej oraz specjalistka ds. marketingu i PR-u. Prywatnie posiadaczka dw\u00f3ch kr\u00f3lik\u00f3w, kt\u00f3re kocha ponad \u017cycie.\",\"sameAs\":[\"https:\\\/\\\/famesphere.pl\"],\"url\":\"https:\\\/\\\/famesphere.pl\\\/index.php\\\/author\\\/paula\\\/\"}]}<\/script>\n<!-- \/ Yoast SEO plugin. -->","yoast_head_json":{"title":"Blanka Lipi\u0144ska obejrza\u0142a drugi sezon \"Kr\u00f3lowych Przetrwania\". Wspomnia\u0142a o d\u017awi\u0119kowcu, z kt\u00f3rym \u0142\u0105czono Agnieszk\u0119 Kaczorowsk\u0105 - FameSphere","robots":{"index":"index","follow":"follow","max-snippet":"max-snippet:-1","max-image-preview":"max-image-preview:large","max-video-preview":"max-video-preview:-1"},"canonical":"https:\/\/famesphere.pl\/index.php\/2025\/03\/21\/blanka-lipinska-obejrzala-drugi-sezon-krolowych-przetrwania-wspomniala-o-dzwiekowcu-z-ktorym-laczono-agnieszke-kaczorowska\/","og_locale":"pl_PL","og_type":"article","og_title":"Blanka Lipi\u0144ska obejrza\u0142a drugi sezon \"Kr\u00f3lowych Przetrwania\". Wspomnia\u0142a o d\u017awi\u0119kowcu, z kt\u00f3rym \u0142\u0105czono Agnieszk\u0119 Kaczorowsk\u0105 - FameSphere","og_description":"Autorka bestsellerowej trylogii w wywiadzie udzielonym portalowi Pudelek wyzna\u0142a, \u017ce obejrza\u0142a ca\u0142y drugi sezon &#8222;Kr\u00f3lowych Przetrwania&#8221;. Da\u0142a r\u00f3wnie\u017c do zrozumienia, \u017ce dosz\u0142y do niej plotki kim jest m\u0119\u017cczyzna z produkcji&hellip;","og_url":"https:\/\/famesphere.pl\/index.php\/2025\/03\/21\/blanka-lipinska-obejrzala-drugi-sezon-krolowych-przetrwania-wspomniala-o-dzwiekowcu-z-ktorym-laczono-agnieszke-kaczorowska\/","og_site_name":"FameSphere","article_published_time":"2025-03-21T21:55:00+00:00","article_modified_time":"2025-05-05T11:20:07+00:00","og_image":[{"width":1080,"height":1350,"url":"https:\/\/famesphere.pl\/wp-content\/uploads\/2025\/03\/Snapinst.app_472958657_18481291180037544_5023567237790296461_n_1080.jpg","type":"image\/jpeg"}],"author":"Paula Gajownik","twitter_card":"summary_large_image","twitter_misc":{"Napisane przez":"Paula Gajownik","Szacowany czas czytania":"2 minuty"},"schema":{"@context":"https:\/\/schema.org","@graph":[{"@type":"Article","@id":"https:\/\/famesphere.pl\/index.php\/2025\/03\/21\/blanka-lipinska-obejrzala-drugi-sezon-krolowych-przetrwania-wspomniala-o-dzwiekowcu-z-ktorym-laczono-agnieszke-kaczorowska\/#article","isPartOf":{"@id":"https:\/\/famesphere.pl\/index.php\/2025\/03\/21\/blanka-lipinska-obejrzala-drugi-sezon-krolowych-przetrwania-wspomniala-o-dzwiekowcu-z-ktorym-laczono-agnieszke-kaczorowska\/"},"author":{"name":"Paula Gajownik","@id":"https:\/\/famesphere.pl\/#\/schema\/person\/acc9ff3d8fd31e29f6e12403dba892d2"},"headline":"Blanka Lipi\u0144ska obejrza\u0142a drugi sezon &#8222;Kr\u00f3lowych Przetrwania&#8221;. Wspomnia\u0142a o d\u017awi\u0119kowcu, z kt\u00f3rym \u0142\u0105czono Agnieszk\u0119 Kaczorowsk\u0105","datePublished":"2025-03-21T21:55:00+00:00","dateModified":"2025-05-05T11:20:07+00:00","mainEntityOfPage":{"@id":"https:\/\/famesphere.pl\/index.php\/2025\/03\/21\/blanka-lipinska-obejrzala-drugi-sezon-krolowych-przetrwania-wspomniala-o-dzwiekowcu-z-ktorym-laczono-agnieszke-kaczorowska\/"},"wordCount":511,"commentCount":0,"publisher":{"@id":"https:\/\/famesphere.pl\/#\/schema\/person\/acc9ff3d8fd31e29f6e12403dba892d2"},"image":{"@id":"https:\/\/famesphere.pl\/index.php\/2025\/03\/21\/blanka-lipinska-obejrzala-drugi-sezon-krolowych-przetrwania-wspomniala-o-dzwiekowcu-z-ktorym-laczono-agnieszke-kaczorowska\/#primaryimage"},"thumbnailUrl":"https:\/\/famesphere.pl\/wp-content\/uploads\/2025\/03\/Snapinst.app_472958657_18481291180037544_5023567237790296461_n_1080.jpg","keywords":["Blanka Lipi\u0144ska"],"articleSection":["Dramy i komentarze"],"inLanguage":"pl-PL","potentialAction":[{"@type":"CommentAction","name":"Comment","target":["https:\/\/famesphere.pl\/index.php\/2025\/03\/21\/blanka-lipinska-obejrzala-drugi-sezon-krolowych-przetrwania-wspomniala-o-dzwiekowcu-z-ktorym-laczono-agnieszke-kaczorowska\/#respond"]}]},{"@type":"WebPage","@id":"https:\/\/famesphere.pl\/index.php\/2025\/03\/21\/blanka-lipinska-obejrzala-drugi-sezon-krolowych-przetrwania-wspomniala-o-dzwiekowcu-z-ktorym-laczono-agnieszke-kaczorowska\/","url":"https:\/\/famesphere.pl\/index.php\/2025\/03\/21\/blanka-lipinska-obejrzala-drugi-sezon-krolowych-przetrwania-wspomniala-o-dzwiekowcu-z-ktorym-laczono-agnieszke-kaczorowska\/","name":"Blanka Lipi\u0144ska obejrza\u0142a drugi sezon \"Kr\u00f3lowych Przetrwania\". Wspomnia\u0142a o d\u017awi\u0119kowcu, z kt\u00f3rym \u0142\u0105czono Agnieszk\u0119 Kaczorowsk\u0105 - FameSphere","isPartOf":{"@id":"https:\/\/famesphere.pl\/#website"},"primaryImageOfPage":{"@id":"https:\/\/famesphere.pl\/index.php\/2025\/03\/21\/blanka-lipinska-obejrzala-drugi-sezon-krolowych-przetrwania-wspomniala-o-dzwiekowcu-z-ktorym-laczono-agnieszke-kaczorowska\/#primaryimage"},"image":{"@id":"https:\/\/famesphere.pl\/index.php\/2025\/03\/21\/blanka-lipinska-obejrzala-drugi-sezon-krolowych-przetrwania-wspomniala-o-dzwiekowcu-z-ktorym-laczono-agnieszke-kaczorowska\/#primaryimage"},"thumbnailUrl":"https:\/\/famesphere.pl\/wp-content\/uploads\/2025\/03\/Snapinst.app_472958657_18481291180037544_5023567237790296461_n_1080.jpg","datePublished":"2025-03-21T21:55:00+00:00","dateModified":"2025-05-05T11:20:07+00:00","breadcrumb":{"@id":"https:\/\/famesphere.pl\/index.php\/2025\/03\/21\/blanka-lipinska-obejrzala-drugi-sezon-krolowych-przetrwania-wspomniala-o-dzwiekowcu-z-ktorym-laczono-agnieszke-kaczorowska\/#breadcrumb"},"inLanguage":"pl-PL","potentialAction":[{"@type":"ReadAction","target":["https:\/\/famesphere.pl\/index.php\/2025\/03\/21\/blanka-lipinska-obejrzala-drugi-sezon-krolowych-przetrwania-wspomniala-o-dzwiekowcu-z-ktorym-laczono-agnieszke-kaczorowska\/"]}]},{"@type":"ImageObject","inLanguage":"pl-PL","@id":"https:\/\/famesphere.pl\/index.php\/2025\/03\/21\/blanka-lipinska-obejrzala-drugi-sezon-krolowych-przetrwania-wspomniala-o-dzwiekowcu-z-ktorym-laczono-agnieszke-kaczorowska\/#primaryimage","url":"https:\/\/famesphere.pl\/wp-content\/uploads\/2025\/03\/Snapinst.app_472958657_18481291180037544_5023567237790296461_n_1080.jpg","contentUrl":"https:\/\/famesphere.pl\/wp-content\/uploads\/2025\/03\/Snapinst.app_472958657_18481291180037544_5023567237790296461_n_1080.jpg","width":1080,"height":1350},{"@type":"BreadcrumbList","@id":"https:\/\/famesphere.pl\/index.php\/2025\/03\/21\/blanka-lipinska-obejrzala-drugi-sezon-krolowych-przetrwania-wspomniala-o-dzwiekowcu-z-ktorym-laczono-agnieszke-kaczorowska\/#breadcrumb","itemListElement":[{"@type":"ListItem","position":1,"name":"Strona g\u0142\u00f3wna","item":"https:\/\/famesphere.pl\/"},{"@type":"ListItem","position":2,"name":"Blanka Lipi\u0144ska obejrza\u0142a drugi sezon &#8222;Kr\u00f3lowych Przetrwania&#8221;. Wspomnia\u0142a o d\u017awi\u0119kowcu, z kt\u00f3rym \u0142\u0105czono Agnieszk\u0119 Kaczorowsk\u0105"}]},{"@type":"WebSite","@id":"https:\/\/famesphere.pl\/#website","url":"https:\/\/famesphere.pl\/","name":"FameSphere","description":"Z show-biznesem jeste\u015bmy na bie\u017c\u0105co!","publisher":{"@id":"https:\/\/famesphere.pl\/#\/schema\/person\/acc9ff3d8fd31e29f6e12403dba892d2"},"potentialAction":[{"@type":"SearchAction","target":{"@type":"EntryPoint","urlTemplate":"https:\/\/famesphere.pl\/?s={search_term_string}"},"query-input":{"@type":"PropertyValueSpecification","valueRequired":true,"valueName":"search_term_string"}}],"inLanguage":"pl-PL"},{"@type":["Person","Organization"],"@id":"https:\/\/famesphere.pl\/#\/schema\/person\/acc9ff3d8fd31e29f6e12403dba892d2","name":"Paula Gajownik","image":{"@type":"ImageObject","inLanguage":"pl-PL","@id":"https:\/\/famesphere.pl\/wp-content\/uploads\/2024\/07\/cropped-cropped-DALL\u00b7E-2024-07-16-17.19.05-Create-a-logo-for-a-website-named-FameSphere.-The-logo-should-be-modern-and-sleek-incorporating-elements-that-suggest-fame-and-a-sphere.-Use-a-vibr-2.webp","url":"https:\/\/famesphere.pl\/wp-content\/uploads\/2024\/07\/cropped-cropped-DALL\u00b7E-2024-07-16-17.19.05-Create-a-logo-for-a-website-named-FameSphere.-The-logo-should-be-modern-and-sleek-incorporating-elements-that-suggest-fame-and-a-sphere.-Use-a-vibr-2.webp","contentUrl":"https:\/\/famesphere.pl\/wp-content\/uploads\/2024\/07\/cropped-cropped-DALL\u00b7E-2024-07-16-17.19.05-Create-a-logo-for-a-website-named-FameSphere.-The-logo-should-be-modern-and-sleek-incorporating-elements-that-suggest-fame-and-a-sphere.-Use-a-vibr-2.webp","width":512,"height":400,"caption":"Paula Gajownik"},"logo":{"@id":"https:\/\/famesphere.pl\/wp-content\/uploads\/2024\/07\/cropped-cropped-DALL\u00b7E-2024-07-16-17.19.05-Create-a-logo-for-a-website-named-FameSphere.-The-logo-should-be-modern-and-sleek-incorporating-elements-that-suggest-fame-and-a-sphere.-Use-a-vibr-2.webp"},"description":"Redaktor naczelna FameSphere. Absolwentka dziennikarstwa i komunikacji spo\u0142ecznej oraz specjalistka ds. marketingu i PR-u. Prywatnie posiadaczka dw\u00f3ch kr\u00f3lik\u00f3w, kt\u00f3re kocha ponad \u017cycie.","sameAs":["https:\/\/famesphere.pl"],"url":"https:\/\/famesphere.pl\/index.php\/author\/paula\/"}]}},"cc_featured_image_caption":{"caption_text":"","source_text":"Blanka Lipi\u0144ska (Instagram: blanka_lipinska)","source_url":""},"jetpack_featured_media_url":"https:\/\/famesphere.pl\/wp-content\/uploads\/2025\/03\/Snapinst.app_472958657_18481291180037544_5023567237790296461_n_1080.jpg","jetpack_sharing_enabled":true,"_links":{"self":[{"href":"https:\/\/famesphere.pl\/index.php\/wp-json\/wp\/v2\/posts\/1658","targetHints":{"allow":["GET"]}}],"collection":[{"href":"https:\/\/famesphere.pl\/index.php\/wp-json\/wp\/v2\/posts"}],"about":[{"href":"https:\/\/famesphere.pl\/index.php\/wp-json\/wp\/v2\/types\/post"}],"author":[{"embeddable":true,"href":"https:\/\/famesphere.pl\/index.php\/wp-json\/wp\/v2\/users\/1"}],"replies":[{"embeddable":true,"href":"https:\/\/famesphere.pl\/index.php\/wp-json\/wp\/v2\/comments?post=1658"}],"version-history":[{"count":5,"href":"https:\/\/famesphere.pl\/index.php\/wp-json\/wp\/v2\/posts\/1658\/revisions"}],"predecessor-version":[{"id":1664,"href":"https:\/\/famesphere.pl\/index.php\/wp-json\/wp\/v2\/posts\/1658\/revisions\/1664"}],"wp:featuredmedia":[{"embeddable":true,"href":"https:\/\/famesphere.pl\/index.php\/wp-json\/wp\/v2\/media\/1659"}],"wp:attachment":[{"href":"https:\/\/famesphere.pl\/index.php\/wp-json\/wp\/v2\/media?parent=1658"}],"wp:term":[{"taxonomy":"category","embeddable":true,"href":"https:\/\/famesphere.pl\/index.php\/wp-json\/wp\/v2\/categories?post=1658"},{"taxonomy":"post_tag","embeddable":true,"href":"https:\/\/famesphere.pl\/index.php\/wp-json\/wp\/v2\/tags?post=1658"}],"curies":[{"name":"wp","href":"https:\/\/api.w.org\/{rel}","templated":true}]}}