{"id":1665,"date":"2025-03-16T23:33:00","date_gmt":"2025-03-16T23:33:00","guid":{"rendered":"https:\/\/famesphere.pl\/?p=1665"},"modified":"2025-05-05T17:18:05","modified_gmt":"2025-05-05T17:18:05","slug":"zaskakujace-wyznanie-caroline-derpienski-w-halo-tu-polsat-wystapi-na-roztanczony-pge-narodowy","status":"publish","type":"post","link":"https:\/\/famesphere.pl\/index.php\/2025\/03\/16\/zaskakujace-wyznanie-caroline-derpienski-w-halo-tu-polsat-wystapi-na-roztanczony-pge-narodowy\/","title":{"rendered":"Zaskakuj\u0105ce wyznanie Caroline Derpie\u0144ski w &#8222;Halo Tu Polsat&#8221;. Wyst\u0105pi na &#8222;Rozta\u0144czony PGE Narodowy&#8221;"},"content":{"rendered":"\n<p><strong>Tego chyba nikt si\u0119 nie spodziewa\u0142. Caroline Derpie\u0144ski na kanapie w programie \u015bniadaniowym &#8222;Halo tu Polsat&#8221; poinformowa\u0142a widz\u00f3w, \u017ce zobacz\u0105 j\u0105 na &#8222;Rozta\u0144czony PGE Narodowy&#8221;. W jednym z wywiad\u00f3w zdradzi\u0142a jak mo\u017ce wygl\u0105da\u0107 jej wyst\u0119p.<\/strong><\/p>\n\n\n\n<p>Caroline Derpie\u0144ski bawi si\u0119 show-biznesem jak ma\u0142o kto. 25-latka nie traktuje go na powa\u017cnie i wyra\u017anie z niego kpi. Jej media posta\u0107 jest po prostu dobrze obmy\u015blan\u0105 kreacj\u0105 medialn\u0105. Celebrytka kojarzona jest z zami\u0142owania do &#8222;dolars\u00f3w&#8221; oraz \u017cycia w przepychu. Na swoim Instagramie ma ponad 10 milion\u00f3w obserwuj\u0105cych j\u0105 os\u00f3b. Jej profil na mediach spo\u0142eczno\u015bciowych ukazuje luksus, bogate kreacje oraz dalekie podr\u00f3\u017ce. Kobieta fotografuje si\u0119 cz\u0119sto na tle drogich samochod\u00f3w oraz w ekskluzywnych restauracjach. Caroline od pi\u0119ciu lat jest w zwi\u0105zku z du\u017co starszym od siebie m\u0119\u017cczyzn\u0105. Nie chcia\u0142a ujawnia\u0107 to\u017csamo\u015bci swojego partnera, kt\u00f3rego nazywa &#8222;D\u017cakiem&#8221;, jednak <a href=\"https:\/\/www.pudelek.pl\/tajemniczy-jack-od-caroline-derpienski-to-krzysztof-porowski-co-o-nim-wiemy-6987829344787264a\">dziennikarze odkryli, \u017ce jest to 61-letni biznesmen Krzysztof Porowski<\/a>.<\/p>\n\n\n\n<h5 class=\"wp-block-heading\">Caroline Derpie\u0144ski za\u015bpiewa na &#8222;Rozta\u0144czony PGE Narodowy&#8221;. Opowiedzia\u0142a jak wyobra\u017ca sobie sw\u00f3j wyst\u0119p<\/h5>\n\n\n\n<p>Mi\u0142o\u015bniczka bogatego \u017cycia pojawi\u0142a si\u0119 na kanapie w programie \u015bniadaniowym &#8222;Halo Tu Polsat&#8221;. Prowadz\u0105cy Maciej Rock oraz Agnieszka Hy\u017cy wypytali Caroline Derpie\u0144ski o jej plany zawodowe. Kobieta zdradzi\u0142a, \u017ce aktualnie chce si\u0119 skupi\u0107 swojej karierze muzycznej. Celebrytka nie pr\u00f3\u017cnuje i od roku szlifuje sw\u00f3j wokal chodz\u0105c na zaj\u0119cia wokalne. Ci\u0119\u017cka praca ma ociepli\u0107 jej wizerunek w mediach. Obecnie chce si\u0119 skoncentrowa\u0107 na koncertowaniu, a skandale j\u0105 nie interesuj\u0105. Na koniec postanowi\u0142a pochwali\u0107 si\u0119 informacj\u0105, \u017ce b\u0119dzie mo\u017cna j\u0105 us\u0142ysze\u0107 na &#8222;Rozta\u0144czony PGE Narodowy&#8221;.<\/p>\n\n\n\n<p>Damian Glinka z portalu Plotek dopyta\u0142 celebrytk\u0119 jak\u0105 ma wizj\u0119 na sw\u00f3j koncert na stadionie narodowym. Influencerka chcia\u0142aby \u017ceby jej wyst\u0119p zawiera\u0142 w sobie mn\u00f3stwo skomplikowanych uk\u0142ad\u00f3w tanecznych. Oto jak opisa\u0142a sw\u00f3j przysz\u0142y koncert.<\/p>\n\n\n\n<blockquote class=\"wp-block-quote is-layout-flow wp-block-quote-is-layout-flow\">\n<p>Petarda. Najlepszy. My\u015bl\u0119, \u017ce par\u0119 piosenek, minimum trzy (za\u015bpiewa na &#8222;Rozta\u0144czony PGE Narodowy&#8221; &#8211; przyp.red). Skomplikowane uk\u0142ady taneczne. Jakie\u015b fajne dance breaki. Troch\u0119 gimnastyczne rzeczy, troch\u0119 mo\u017ce akrobatyczne. Troch\u0119 dancehall. No, miks wszystkiego, zale\u017cy od piosenki.<\/p>\n<\/blockquote>\n\n\n\n<p>Caroline Derpie\u0144ski nie ukrywa te\u017c, \u017ce je\u015bli b\u0119dzie trzeba, to za\u015bpiewa r\u00f3wnie\u017c z playbacku. Gdyby mia\u0142a tak\u0105 mo\u017cliwo\u015b\u0107, to mog\u0142aby na scenie bardziej odda\u0107 si\u0119 ta\u0144cu i nie musia\u0142aby si\u0119 martwi\u0107 o ewentualny fa\u0142sz.<\/p>\n\n\n\n<blockquote class=\"wp-block-quote is-layout-flow wp-block-quote-is-layout-flow\">\n<p>Szczerze to mi jest oboj\u0119tne (czy b\u0119dzie \u015bpiewa\u0142a z playbacku czy nie &#8211; przyp.red). Do wrze\u015bnia jest du\u017co czasu. I te\u017c niejednokrotnie b\u0119d\u0119 \u015bpiewa\u0107 na \u017cywo, raz z playbacku. Dla mnie to nie jest problem. (&#8230;) Nie wiem jak b\u0119dzie, ale w sumie to bym si\u0119 ucieszy\u0142a, bo b\u0119d\u0119 mog\u0142a bardziej si\u0119 skupi\u0107 na ta\u0144cu i m\u00f3j g\u0142os nie b\u0119dzie mia\u0142 zadyszki.<\/p>\n<\/blockquote>\n\n\n\n<p>Cieszycie si\u0119, \u017ce Caroline Derpie\u0144ski wyst\u0105pi na &#8222;Rozta\u0144czony PGE Narodowy&#8221;?<\/p>\n\n\n\n<figure class=\"wp-block-embed is-type-video is-provider-youtube wp-block-embed-youtube wp-embed-aspect-16-9 wp-has-aspect-ratio\"><div class=\"wp-block-embed__wrapper\">\n<iframe loading=\"lazy\" title=\"Caroline Derpie\u0144ski gorzko o Kubickiej. Czy D\u017bAK si\u0119 jej wstydzi?\" width=\"500\" height=\"281\" src=\"https:\/\/www.youtube.com\/embed\/Kb2oclMSF1U?feature=oembed\" frameborder=\"0\" allow=\"accelerometer; autoplay; clipboard-write; encrypted-media; gyroscope; picture-in-picture; web-share\" referrerpolicy=\"strict-origin-when-cross-origin\" allowfullscreen><\/iframe>\n<\/div><figcaption class=\"wp-element-caption\">\u0179r\u00f3d\u0142o video: Pomponik<\/figcaption><\/figure>\n","protected":false},"excerpt":{"rendered":"<p>Tego chyba nikt si\u0119 nie spodziewa\u0142. Caroline Derpie\u0144ski na kanapie w programie \u015bniadaniowym &#8222;Halo tu Polsat&#8221; poinformowa\u0142a widz\u00f3w, \u017ce zobacz\u0105 j\u0105 na &#8222;Rozta\u0144czony PGE Narodowy&#8221;. W jednym z wywiad\u00f3w zdradzi\u0142a&hellip;<\/p>\n","protected":false},"author":1,"featured_media":1666,"comment_status":"open","ping_status":"open","sticky":false,"template":"","format":"standard","meta":{"_jetpack_memberships_contains_paid_content":false,"footnotes":""},"categories":[104],"tags":[75],"class_list":["post-1665","post","type-post","status-publish","format-standard","has-post-thumbnail","hentry","category-showmix","tag-caroline-derpienski"],"yoast_head":"<!-- This site is optimized with the Yoast SEO plugin v27.4 - https:\/\/yoast.com\/product\/yoast-seo-wordpress\/ -->\n<title>Zaskakuj\u0105ce wyznanie Caroline Derpie\u0144ski w &quot;Halo Tu Polsat&quot;. Wyst\u0105pi na &quot;Rozta\u0144czony PGE Narodowy&quot; - FameSphere<\/title>\n<meta name=\"robots\" content=\"index, follow, max-snippet:-1, max-image-preview:large, max-video-preview:-1\" \/>\n<link rel=\"canonical\" href=\"https:\/\/famesphere.pl\/index.php\/2025\/03\/16\/zaskakujace-wyznanie-caroline-derpienski-w-halo-tu-polsat-wystapi-na-roztanczony-pge-narodowy\/\" \/>\n<meta property=\"og:locale\" content=\"pl_PL\" \/>\n<meta property=\"og:type\" content=\"article\" \/>\n<meta property=\"og:title\" content=\"Zaskakuj\u0105ce wyznanie Caroline Derpie\u0144ski w &quot;Halo Tu Polsat&quot;. Wyst\u0105pi na &quot;Rozta\u0144czony PGE Narodowy&quot; - FameSphere\" \/>\n<meta property=\"og:description\" content=\"Tego chyba nikt si\u0119 nie spodziewa\u0142. Caroline Derpie\u0144ski na kanapie w programie \u015bniadaniowym &#8222;Halo tu Polsat&#8221; poinformowa\u0142a widz\u00f3w, \u017ce zobacz\u0105 j\u0105 na &#8222;Rozta\u0144czony PGE Narodowy&#8221;. W jednym z wywiad\u00f3w zdradzi\u0142a&hellip;\" \/>\n<meta property=\"og:url\" content=\"https:\/\/famesphere.pl\/index.php\/2025\/03\/16\/zaskakujace-wyznanie-caroline-derpienski-w-halo-tu-polsat-wystapi-na-roztanczony-pge-narodowy\/\" \/>\n<meta property=\"og:site_name\" content=\"FameSphere\" \/>\n<meta property=\"article:published_time\" content=\"2025-03-16T23:33:00+00:00\" \/>\n<meta property=\"article:modified_time\" content=\"2025-05-05T17:18:05+00:00\" \/>\n<meta property=\"og:image\" content=\"https:\/\/famesphere.pl\/wp-content\/uploads\/2025\/03\/Snapinst.app_482958856_18390813256106948_1108975336176057093_n_1080.jpg\" \/>\n\t<meta property=\"og:image:width\" content=\"1080\" \/>\n\t<meta property=\"og:image:height\" content=\"1349\" \/>\n\t<meta property=\"og:image:type\" content=\"image\/jpeg\" \/>\n<meta name=\"author\" content=\"Paula Gajownik\" \/>\n<meta name=\"twitter:card\" content=\"summary_large_image\" \/>\n<meta name=\"twitter:label1\" content=\"Napisane przez\" \/>\n\t<meta name=\"twitter:data1\" content=\"Paula Gajownik\" \/>\n\t<meta name=\"twitter:label2\" content=\"Szacowany czas czytania\" \/>\n\t<meta name=\"twitter:data2\" content=\"2 minuty\" \/>\n<script type=\"application\/ld+json\" class=\"yoast-schema-graph\">{\"@context\":\"https:\\\/\\\/schema.org\",\"@graph\":[{\"@type\":\"Article\",\"@id\":\"https:\\\/\\\/famesphere.pl\\\/index.php\\\/2025\\\/03\\\/16\\\/zaskakujace-wyznanie-caroline-derpienski-w-halo-tu-polsat-wystapi-na-roztanczony-pge-narodowy\\\/#article\",\"isPartOf\":{\"@id\":\"https:\\\/\\\/famesphere.pl\\\/index.php\\\/2025\\\/03\\\/16\\\/zaskakujace-wyznanie-caroline-derpienski-w-halo-tu-polsat-wystapi-na-roztanczony-pge-narodowy\\\/\"},\"author\":{\"name\":\"Paula Gajownik\",\"@id\":\"https:\\\/\\\/famesphere.pl\\\/#\\\/schema\\\/person\\\/acc9ff3d8fd31e29f6e12403dba892d2\"},\"headline\":\"Zaskakuj\u0105ce wyznanie Caroline Derpie\u0144ski w &#8222;Halo Tu Polsat&#8221;. Wyst\u0105pi na &#8222;Rozta\u0144czony PGE Narodowy&#8221;\",\"datePublished\":\"2025-03-16T23:33:00+00:00\",\"dateModified\":\"2025-05-05T17:18:05+00:00\",\"mainEntityOfPage\":{\"@id\":\"https:\\\/\\\/famesphere.pl\\\/index.php\\\/2025\\\/03\\\/16\\\/zaskakujace-wyznanie-caroline-derpienski-w-halo-tu-polsat-wystapi-na-roztanczony-pge-narodowy\\\/\"},\"wordCount\":548,\"commentCount\":0,\"publisher\":{\"@id\":\"https:\\\/\\\/famesphere.pl\\\/#\\\/schema\\\/person\\\/acc9ff3d8fd31e29f6e12403dba892d2\"},\"image\":{\"@id\":\"https:\\\/\\\/famesphere.pl\\\/index.php\\\/2025\\\/03\\\/16\\\/zaskakujace-wyznanie-caroline-derpienski-w-halo-tu-polsat-wystapi-na-roztanczony-pge-narodowy\\\/#primaryimage\"},\"thumbnailUrl\":\"https:\\\/\\\/famesphere.pl\\\/wp-content\\\/uploads\\\/2025\\\/03\\\/Snapinst.app_482958856_18390813256106948_1108975336176057093_n_1080.jpg\",\"keywords\":[\"Caroline Derpie\u0144ski\"],\"articleSection\":[\"ShowMix\"],\"inLanguage\":\"pl-PL\",\"potentialAction\":[{\"@type\":\"CommentAction\",\"name\":\"Comment\",\"target\":[\"https:\\\/\\\/famesphere.pl\\\/index.php\\\/2025\\\/03\\\/16\\\/zaskakujace-wyznanie-caroline-derpienski-w-halo-tu-polsat-wystapi-na-roztanczony-pge-narodowy\\\/#respond\"]}]},{\"@type\":\"WebPage\",\"@id\":\"https:\\\/\\\/famesphere.pl\\\/index.php\\\/2025\\\/03\\\/16\\\/zaskakujace-wyznanie-caroline-derpienski-w-halo-tu-polsat-wystapi-na-roztanczony-pge-narodowy\\\/\",\"url\":\"https:\\\/\\\/famesphere.pl\\\/index.php\\\/2025\\\/03\\\/16\\\/zaskakujace-wyznanie-caroline-derpienski-w-halo-tu-polsat-wystapi-na-roztanczony-pge-narodowy\\\/\",\"name\":\"Zaskakuj\u0105ce wyznanie Caroline Derpie\u0144ski w \\\"Halo Tu Polsat\\\". Wyst\u0105pi na \\\"Rozta\u0144czony PGE Narodowy\\\" - FameSphere\",\"isPartOf\":{\"@id\":\"https:\\\/\\\/famesphere.pl\\\/#website\"},\"primaryImageOfPage\":{\"@id\":\"https:\\\/\\\/famesphere.pl\\\/index.php\\\/2025\\\/03\\\/16\\\/zaskakujace-wyznanie-caroline-derpienski-w-halo-tu-polsat-wystapi-na-roztanczony-pge-narodowy\\\/#primaryimage\"},\"image\":{\"@id\":\"https:\\\/\\\/famesphere.pl\\\/index.php\\\/2025\\\/03\\\/16\\\/zaskakujace-wyznanie-caroline-derpienski-w-halo-tu-polsat-wystapi-na-roztanczony-pge-narodowy\\\/#primaryimage\"},\"thumbnailUrl\":\"https:\\\/\\\/famesphere.pl\\\/wp-content\\\/uploads\\\/2025\\\/03\\\/Snapinst.app_482958856_18390813256106948_1108975336176057093_n_1080.jpg\",\"datePublished\":\"2025-03-16T23:33:00+00:00\",\"dateModified\":\"2025-05-05T17:18:05+00:00\",\"breadcrumb\":{\"@id\":\"https:\\\/\\\/famesphere.pl\\\/index.php\\\/2025\\\/03\\\/16\\\/zaskakujace-wyznanie-caroline-derpienski-w-halo-tu-polsat-wystapi-na-roztanczony-pge-narodowy\\\/#breadcrumb\"},\"inLanguage\":\"pl-PL\",\"potentialAction\":[{\"@type\":\"ReadAction\",\"target\":[\"https:\\\/\\\/famesphere.pl\\\/index.php\\\/2025\\\/03\\\/16\\\/zaskakujace-wyznanie-caroline-derpienski-w-halo-tu-polsat-wystapi-na-roztanczony-pge-narodowy\\\/\"]}]},{\"@type\":\"ImageObject\",\"inLanguage\":\"pl-PL\",\"@id\":\"https:\\\/\\\/famesphere.pl\\\/index.php\\\/2025\\\/03\\\/16\\\/zaskakujace-wyznanie-caroline-derpienski-w-halo-tu-polsat-wystapi-na-roztanczony-pge-narodowy\\\/#primaryimage\",\"url\":\"https:\\\/\\\/famesphere.pl\\\/wp-content\\\/uploads\\\/2025\\\/03\\\/Snapinst.app_482958856_18390813256106948_1108975336176057093_n_1080.jpg\",\"contentUrl\":\"https:\\\/\\\/famesphere.pl\\\/wp-content\\\/uploads\\\/2025\\\/03\\\/Snapinst.app_482958856_18390813256106948_1108975336176057093_n_1080.jpg\",\"width\":1080,\"height\":1349},{\"@type\":\"BreadcrumbList\",\"@id\":\"https:\\\/\\\/famesphere.pl\\\/index.php\\\/2025\\\/03\\\/16\\\/zaskakujace-wyznanie-caroline-derpienski-w-halo-tu-polsat-wystapi-na-roztanczony-pge-narodowy\\\/#breadcrumb\",\"itemListElement\":[{\"@type\":\"ListItem\",\"position\":1,\"name\":\"Strona g\u0142\u00f3wna\",\"item\":\"https:\\\/\\\/famesphere.pl\\\/\"},{\"@type\":\"ListItem\",\"position\":2,\"name\":\"Zaskakuj\u0105ce wyznanie Caroline Derpie\u0144ski w &#8222;Halo Tu Polsat&#8221;. Wyst\u0105pi na &#8222;Rozta\u0144czony PGE Narodowy&#8221;\"}]},{\"@type\":\"WebSite\",\"@id\":\"https:\\\/\\\/famesphere.pl\\\/#website\",\"url\":\"https:\\\/\\\/famesphere.pl\\\/\",\"name\":\"FameSphere\",\"description\":\"Z show-biznesem jeste\u015bmy na bie\u017c\u0105co!\",\"publisher\":{\"@id\":\"https:\\\/\\\/famesphere.pl\\\/#\\\/schema\\\/person\\\/acc9ff3d8fd31e29f6e12403dba892d2\"},\"potentialAction\":[{\"@type\":\"SearchAction\",\"target\":{\"@type\":\"EntryPoint\",\"urlTemplate\":\"https:\\\/\\\/famesphere.pl\\\/?s={search_term_string}\"},\"query-input\":{\"@type\":\"PropertyValueSpecification\",\"valueRequired\":true,\"valueName\":\"search_term_string\"}}],\"inLanguage\":\"pl-PL\"},{\"@type\":[\"Person\",\"Organization\"],\"@id\":\"https:\\\/\\\/famesphere.pl\\\/#\\\/schema\\\/person\\\/acc9ff3d8fd31e29f6e12403dba892d2\",\"name\":\"Paula Gajownik\",\"image\":{\"@type\":\"ImageObject\",\"inLanguage\":\"pl-PL\",\"@id\":\"https:\\\/\\\/famesphere.pl\\\/wp-content\\\/uploads\\\/2024\\\/07\\\/cropped-cropped-DALL\u00b7E-2024-07-16-17.19.05-Create-a-logo-for-a-website-named-FameSphere.-The-logo-should-be-modern-and-sleek-incorporating-elements-that-suggest-fame-and-a-sphere.-Use-a-vibr-2.webp\",\"url\":\"https:\\\/\\\/famesphere.pl\\\/wp-content\\\/uploads\\\/2024\\\/07\\\/cropped-cropped-DALL\u00b7E-2024-07-16-17.19.05-Create-a-logo-for-a-website-named-FameSphere.-The-logo-should-be-modern-and-sleek-incorporating-elements-that-suggest-fame-and-a-sphere.-Use-a-vibr-2.webp\",\"contentUrl\":\"https:\\\/\\\/famesphere.pl\\\/wp-content\\\/uploads\\\/2024\\\/07\\\/cropped-cropped-DALL\u00b7E-2024-07-16-17.19.05-Create-a-logo-for-a-website-named-FameSphere.-The-logo-should-be-modern-and-sleek-incorporating-elements-that-suggest-fame-and-a-sphere.-Use-a-vibr-2.webp\",\"width\":512,\"height\":400,\"caption\":\"Paula Gajownik\"},\"logo\":{\"@id\":\"https:\\\/\\\/famesphere.pl\\\/wp-content\\\/uploads\\\/2024\\\/07\\\/cropped-cropped-DALL\u00b7E-2024-07-16-17.19.05-Create-a-logo-for-a-website-named-FameSphere.-The-logo-should-be-modern-and-sleek-incorporating-elements-that-suggest-fame-and-a-sphere.-Use-a-vibr-2.webp\"},\"description\":\"Redaktor naczelna FameSphere. Absolwentka dziennikarstwa i komunikacji spo\u0142ecznej oraz specjalistka ds. marketingu i PR-u. Prywatnie posiadaczka dw\u00f3ch kr\u00f3lik\u00f3w, kt\u00f3re kocha ponad \u017cycie.\",\"sameAs\":[\"https:\\\/\\\/famesphere.pl\"],\"url\":\"https:\\\/\\\/famesphere.pl\\\/index.php\\\/author\\\/paula\\\/\"}]}<\/script>\n<!-- \/ Yoast SEO plugin. -->","yoast_head_json":{"title":"Zaskakuj\u0105ce wyznanie Caroline Derpie\u0144ski w \"Halo Tu Polsat\". Wyst\u0105pi na \"Rozta\u0144czony PGE Narodowy\" - FameSphere","robots":{"index":"index","follow":"follow","max-snippet":"max-snippet:-1","max-image-preview":"max-image-preview:large","max-video-preview":"max-video-preview:-1"},"canonical":"https:\/\/famesphere.pl\/index.php\/2025\/03\/16\/zaskakujace-wyznanie-caroline-derpienski-w-halo-tu-polsat-wystapi-na-roztanczony-pge-narodowy\/","og_locale":"pl_PL","og_type":"article","og_title":"Zaskakuj\u0105ce wyznanie Caroline Derpie\u0144ski w \"Halo Tu Polsat\". Wyst\u0105pi na \"Rozta\u0144czony PGE Narodowy\" - FameSphere","og_description":"Tego chyba nikt si\u0119 nie spodziewa\u0142. Caroline Derpie\u0144ski na kanapie w programie \u015bniadaniowym &#8222;Halo tu Polsat&#8221; poinformowa\u0142a widz\u00f3w, \u017ce zobacz\u0105 j\u0105 na &#8222;Rozta\u0144czony PGE Narodowy&#8221;. W jednym z wywiad\u00f3w zdradzi\u0142a&hellip;","og_url":"https:\/\/famesphere.pl\/index.php\/2025\/03\/16\/zaskakujace-wyznanie-caroline-derpienski-w-halo-tu-polsat-wystapi-na-roztanczony-pge-narodowy\/","og_site_name":"FameSphere","article_published_time":"2025-03-16T23:33:00+00:00","article_modified_time":"2025-05-05T17:18:05+00:00","og_image":[{"width":1080,"height":1349,"url":"https:\/\/famesphere.pl\/wp-content\/uploads\/2025\/03\/Snapinst.app_482958856_18390813256106948_1108975336176057093_n_1080.jpg","type":"image\/jpeg"}],"author":"Paula Gajownik","twitter_card":"summary_large_image","twitter_misc":{"Napisane przez":"Paula Gajownik","Szacowany czas czytania":"2 minuty"},"schema":{"@context":"https:\/\/schema.org","@graph":[{"@type":"Article","@id":"https:\/\/famesphere.pl\/index.php\/2025\/03\/16\/zaskakujace-wyznanie-caroline-derpienski-w-halo-tu-polsat-wystapi-na-roztanczony-pge-narodowy\/#article","isPartOf":{"@id":"https:\/\/famesphere.pl\/index.php\/2025\/03\/16\/zaskakujace-wyznanie-caroline-derpienski-w-halo-tu-polsat-wystapi-na-roztanczony-pge-narodowy\/"},"author":{"name":"Paula Gajownik","@id":"https:\/\/famesphere.pl\/#\/schema\/person\/acc9ff3d8fd31e29f6e12403dba892d2"},"headline":"Zaskakuj\u0105ce wyznanie Caroline Derpie\u0144ski w &#8222;Halo Tu Polsat&#8221;. Wyst\u0105pi na &#8222;Rozta\u0144czony PGE Narodowy&#8221;","datePublished":"2025-03-16T23:33:00+00:00","dateModified":"2025-05-05T17:18:05+00:00","mainEntityOfPage":{"@id":"https:\/\/famesphere.pl\/index.php\/2025\/03\/16\/zaskakujace-wyznanie-caroline-derpienski-w-halo-tu-polsat-wystapi-na-roztanczony-pge-narodowy\/"},"wordCount":548,"commentCount":0,"publisher":{"@id":"https:\/\/famesphere.pl\/#\/schema\/person\/acc9ff3d8fd31e29f6e12403dba892d2"},"image":{"@id":"https:\/\/famesphere.pl\/index.php\/2025\/03\/16\/zaskakujace-wyznanie-caroline-derpienski-w-halo-tu-polsat-wystapi-na-roztanczony-pge-narodowy\/#primaryimage"},"thumbnailUrl":"https:\/\/famesphere.pl\/wp-content\/uploads\/2025\/03\/Snapinst.app_482958856_18390813256106948_1108975336176057093_n_1080.jpg","keywords":["Caroline Derpie\u0144ski"],"articleSection":["ShowMix"],"inLanguage":"pl-PL","potentialAction":[{"@type":"CommentAction","name":"Comment","target":["https:\/\/famesphere.pl\/index.php\/2025\/03\/16\/zaskakujace-wyznanie-caroline-derpienski-w-halo-tu-polsat-wystapi-na-roztanczony-pge-narodowy\/#respond"]}]},{"@type":"WebPage","@id":"https:\/\/famesphere.pl\/index.php\/2025\/03\/16\/zaskakujace-wyznanie-caroline-derpienski-w-halo-tu-polsat-wystapi-na-roztanczony-pge-narodowy\/","url":"https:\/\/famesphere.pl\/index.php\/2025\/03\/16\/zaskakujace-wyznanie-caroline-derpienski-w-halo-tu-polsat-wystapi-na-roztanczony-pge-narodowy\/","name":"Zaskakuj\u0105ce wyznanie Caroline Derpie\u0144ski w \"Halo Tu Polsat\". Wyst\u0105pi na \"Rozta\u0144czony PGE Narodowy\" - FameSphere","isPartOf":{"@id":"https:\/\/famesphere.pl\/#website"},"primaryImageOfPage":{"@id":"https:\/\/famesphere.pl\/index.php\/2025\/03\/16\/zaskakujace-wyznanie-caroline-derpienski-w-halo-tu-polsat-wystapi-na-roztanczony-pge-narodowy\/#primaryimage"},"image":{"@id":"https:\/\/famesphere.pl\/index.php\/2025\/03\/16\/zaskakujace-wyznanie-caroline-derpienski-w-halo-tu-polsat-wystapi-na-roztanczony-pge-narodowy\/#primaryimage"},"thumbnailUrl":"https:\/\/famesphere.pl\/wp-content\/uploads\/2025\/03\/Snapinst.app_482958856_18390813256106948_1108975336176057093_n_1080.jpg","datePublished":"2025-03-16T23:33:00+00:00","dateModified":"2025-05-05T17:18:05+00:00","breadcrumb":{"@id":"https:\/\/famesphere.pl\/index.php\/2025\/03\/16\/zaskakujace-wyznanie-caroline-derpienski-w-halo-tu-polsat-wystapi-na-roztanczony-pge-narodowy\/#breadcrumb"},"inLanguage":"pl-PL","potentialAction":[{"@type":"ReadAction","target":["https:\/\/famesphere.pl\/index.php\/2025\/03\/16\/zaskakujace-wyznanie-caroline-derpienski-w-halo-tu-polsat-wystapi-na-roztanczony-pge-narodowy\/"]}]},{"@type":"ImageObject","inLanguage":"pl-PL","@id":"https:\/\/famesphere.pl\/index.php\/2025\/03\/16\/zaskakujace-wyznanie-caroline-derpienski-w-halo-tu-polsat-wystapi-na-roztanczony-pge-narodowy\/#primaryimage","url":"https:\/\/famesphere.pl\/wp-content\/uploads\/2025\/03\/Snapinst.app_482958856_18390813256106948_1108975336176057093_n_1080.jpg","contentUrl":"https:\/\/famesphere.pl\/wp-content\/uploads\/2025\/03\/Snapinst.app_482958856_18390813256106948_1108975336176057093_n_1080.jpg","width":1080,"height":1349},{"@type":"BreadcrumbList","@id":"https:\/\/famesphere.pl\/index.php\/2025\/03\/16\/zaskakujace-wyznanie-caroline-derpienski-w-halo-tu-polsat-wystapi-na-roztanczony-pge-narodowy\/#breadcrumb","itemListElement":[{"@type":"ListItem","position":1,"name":"Strona g\u0142\u00f3wna","item":"https:\/\/famesphere.pl\/"},{"@type":"ListItem","position":2,"name":"Zaskakuj\u0105ce wyznanie Caroline Derpie\u0144ski w &#8222;Halo Tu Polsat&#8221;. Wyst\u0105pi na &#8222;Rozta\u0144czony PGE Narodowy&#8221;"}]},{"@type":"WebSite","@id":"https:\/\/famesphere.pl\/#website","url":"https:\/\/famesphere.pl\/","name":"FameSphere","description":"Z show-biznesem jeste\u015bmy na bie\u017c\u0105co!","publisher":{"@id":"https:\/\/famesphere.pl\/#\/schema\/person\/acc9ff3d8fd31e29f6e12403dba892d2"},"potentialAction":[{"@type":"SearchAction","target":{"@type":"EntryPoint","urlTemplate":"https:\/\/famesphere.pl\/?s={search_term_string}"},"query-input":{"@type":"PropertyValueSpecification","valueRequired":true,"valueName":"search_term_string"}}],"inLanguage":"pl-PL"},{"@type":["Person","Organization"],"@id":"https:\/\/famesphere.pl\/#\/schema\/person\/acc9ff3d8fd31e29f6e12403dba892d2","name":"Paula Gajownik","image":{"@type":"ImageObject","inLanguage":"pl-PL","@id":"https:\/\/famesphere.pl\/wp-content\/uploads\/2024\/07\/cropped-cropped-DALL\u00b7E-2024-07-16-17.19.05-Create-a-logo-for-a-website-named-FameSphere.-The-logo-should-be-modern-and-sleek-incorporating-elements-that-suggest-fame-and-a-sphere.-Use-a-vibr-2.webp","url":"https:\/\/famesphere.pl\/wp-content\/uploads\/2024\/07\/cropped-cropped-DALL\u00b7E-2024-07-16-17.19.05-Create-a-logo-for-a-website-named-FameSphere.-The-logo-should-be-modern-and-sleek-incorporating-elements-that-suggest-fame-and-a-sphere.-Use-a-vibr-2.webp","contentUrl":"https:\/\/famesphere.pl\/wp-content\/uploads\/2024\/07\/cropped-cropped-DALL\u00b7E-2024-07-16-17.19.05-Create-a-logo-for-a-website-named-FameSphere.-The-logo-should-be-modern-and-sleek-incorporating-elements-that-suggest-fame-and-a-sphere.-Use-a-vibr-2.webp","width":512,"height":400,"caption":"Paula Gajownik"},"logo":{"@id":"https:\/\/famesphere.pl\/wp-content\/uploads\/2024\/07\/cropped-cropped-DALL\u00b7E-2024-07-16-17.19.05-Create-a-logo-for-a-website-named-FameSphere.-The-logo-should-be-modern-and-sleek-incorporating-elements-that-suggest-fame-and-a-sphere.-Use-a-vibr-2.webp"},"description":"Redaktor naczelna FameSphere. Absolwentka dziennikarstwa i komunikacji spo\u0142ecznej oraz specjalistka ds. marketingu i PR-u. Prywatnie posiadaczka dw\u00f3ch kr\u00f3lik\u00f3w, kt\u00f3re kocha ponad \u017cycie.","sameAs":["https:\/\/famesphere.pl"],"url":"https:\/\/famesphere.pl\/index.php\/author\/paula\/"}]}},"cc_featured_image_caption":{"caption_text":"","source_text":"Caroline Derpie\u0144ski (Instagram: carolinederpienski)","source_url":""},"jetpack_featured_media_url":"https:\/\/famesphere.pl\/wp-content\/uploads\/2025\/03\/Snapinst.app_482958856_18390813256106948_1108975336176057093_n_1080.jpg","jetpack_sharing_enabled":true,"_links":{"self":[{"href":"https:\/\/famesphere.pl\/index.php\/wp-json\/wp\/v2\/posts\/1665","targetHints":{"allow":["GET"]}}],"collection":[{"href":"https:\/\/famesphere.pl\/index.php\/wp-json\/wp\/v2\/posts"}],"about":[{"href":"https:\/\/famesphere.pl\/index.php\/wp-json\/wp\/v2\/types\/post"}],"author":[{"embeddable":true,"href":"https:\/\/famesphere.pl\/index.php\/wp-json\/wp\/v2\/users\/1"}],"replies":[{"embeddable":true,"href":"https:\/\/famesphere.pl\/index.php\/wp-json\/wp\/v2\/comments?post=1665"}],"version-history":[{"count":9,"href":"https:\/\/famesphere.pl\/index.php\/wp-json\/wp\/v2\/posts\/1665\/revisions"}],"predecessor-version":[{"id":1675,"href":"https:\/\/famesphere.pl\/index.php\/wp-json\/wp\/v2\/posts\/1665\/revisions\/1675"}],"wp:featuredmedia":[{"embeddable":true,"href":"https:\/\/famesphere.pl\/index.php\/wp-json\/wp\/v2\/media\/1666"}],"wp:attachment":[{"href":"https:\/\/famesphere.pl\/index.php\/wp-json\/wp\/v2\/media?parent=1665"}],"wp:term":[{"taxonomy":"category","embeddable":true,"href":"https:\/\/famesphere.pl\/index.php\/wp-json\/wp\/v2\/categories?post=1665"},{"taxonomy":"post_tag","embeddable":true,"href":"https:\/\/famesphere.pl\/index.php\/wp-json\/wp\/v2\/tags?post=1665"}],"curies":[{"name":"wp","href":"https:\/\/api.w.org\/{rel}","templated":true}]}}