{"id":2204,"date":"2026-01-20T23:55:00","date_gmt":"2026-01-20T22:55:00","guid":{"rendered":"https:\/\/famesphere.pl\/?p=2204"},"modified":"2026-01-22T14:07:29","modified_gmt":"2026-01-22T13:07:29","slug":"janja-lesar-otwarcie-o-tym-jak-sie-czuje-przy-katarzynie-zillmann-moje-odbicie-kiedy-ona-jest-obok-jest-dla-mnie-bardziej-ciekawe","status":"publish","type":"post","link":"https:\/\/famesphere.pl\/index.php\/2026\/01\/20\/janja-lesar-otwarcie-o-tym-jak-sie-czuje-przy-katarzynie-zillmann-moje-odbicie-kiedy-ona-jest-obok-jest-dla-mnie-bardziej-ciekawe\/","title":{"rendered":"Janja Lesar otwarcie o tym, jak si\u0119 czuje przy Katarzynie Zillmann: &#8222;Moje odbicie, kiedy ona jest obok, jest dla mnie bardziej ciekawe&#8221;"},"content":{"rendered":"\n<p><strong>Tancerka znana z &#8222;Ta\u0144ca z Gwiazdami&#8221; udzieli\u0142a niedawno niezwykle szczerego wywiadu jednemu z portali plotkarskich. Opowiedzia\u0142a w nim o jej relacji z Katarzyn\u0105 Zillmann, o rozstaniu z Krzysztofem Hulbojem i swojej metamorfozie.<\/strong><\/p>\n\n\n\n<p>Ostatnia edycja tanecznego programu stacji Polsat odbi\u0142a si\u0119 szerokim echem w mediach. By\u0142a to pierwsza edycja, w kt\u00f3rej w parze wyst\u0105pi\u0142y dwie kobiety. Katarzyna Zillmann bior\u0105c udzia\u0142 w &#8222;Dancing with the Stars. Taniec z gwiazdami&#8221; by\u0142a jeszcze w zwi\u0105zku z kajakark\u0105 Juli\u0105 Walczak. Z ka\u017cdym kolejnym odcinkiem programu coraz cz\u0119\u015bciej spekulowano czy mi\u0119dzy wio\u015blark\u0105, a jej trenerk\u0105 rodzi si\u0119 uczucie. W ko\u0144cu nadszed\u0142 moment, w kt\u00f3rym <a href=\"https:\/\/www.youtube.com\/watch?v=rNItTkKLiKU\">kobiety w trakcie ta\u0144ca poca\u0142owa\u0142y si\u0119 na oczach milion\u00f3w Polak\u00f3w<\/a>. Media zacz\u0119\u0142y wtedy pyta\u0107 wio\u015blark\u0119, czy jej partnerce nie przeszkadza takie zachowanie na parkiecie. Kobieta odpowiada\u0142a w\u00f3wczas wymijaj\u0105co. Z czasem Julia Walczak na swoim Instagramie ujawni\u0142a, \u017ce nie jest ju\u017c w zwi\u0105zku z Katarzyn\u0105 Zillmann. P\u00f3\u017aniej mogli\u015bmy zobaczy\u0107 zdj\u0119cia, na kt\u00f3rych Janja Lesar i Katarzyna Zillmann okazuj\u0105 sobie czu\u0142o\u015bci podczas afterparty tanecznego show.<\/p>\n\n\n\n<h5 class=\"wp-block-heading\">Janja Lesar zdradzi\u0142a, czy wci\u0105\u017c utrzymuje kontakt z by\u0142ym partnerem. Powiedzia\u0142a te\u017c jak wygl\u0105da\u0142 ich zwi\u0105zek<\/h5>\n\n\n\n<p>Tancerka znana z &#8222;Dancing with the Stars. Taniec z gwiazdami&#8221; przed poznaniem Katarzyny Zillmann by\u0142a zadowolona ze swojego dotychczasowego \u017cycia i nie chcia\u0142a go zmienia\u0107. Jej zwi\u0105zek z by\u0142ym partnerem trwa\u0142 22 lata. Ich relacj\u0119 nazywa &#8222;szcz\u0119\u015bliw\u0105, harmonijn\u0105, spokojn\u0105, wywa\u017con\u0105&#8221;. Janj\u0119 Lesar i Krzysztofa Hulboja \u0142\u0105czy\u0142a pasja do ta\u0144ca. Kobieta uwa\u017ca, \u017ce mia\u0142a idealnego partnera, kt\u00f3ry by\u0142 bardzo wspieraj\u0105cy i dawa\u0142 jej du\u017co przestrzeni. Wtedy nie mia\u0142a ochoty by\u0107 w relacji z kobiet\u0105.<\/p>\n\n\n\n<p>Gdy mi\u0119dzy ni\u0105 a Katarzyn\u0105 Zillmann zacz\u0119\u0142o pojawia\u0107 si\u0119 uczucie, to od razu wyzna\u0142a to Krzysztofowi Hulbojowi. Nie ba\u0142a si\u0119 mu o tym powiedzie\u0107, bo traktuje go r\u00f3wnie\u017c jako przyjaciela. Byli partnerzy nadal maj\u0105 ze sob\u0105 kontakt. Janja Lesar nie wyobra\u017ca sobie, by mog\u0142o by\u0107 inaczej.<\/p>\n\n\n\n<blockquote class=\"wp-block-quote is-layout-flow wp-block-quote-is-layout-flow\">\n<p>Tak, oczywi\u015bcie (mamy ze sob\u0105 kontakt &#8211; przyp.red). To jest niemo\u017cliwe \u017ceby nie mie\u0107 (kontaktu &#8211; przyp.red). Ja bardzo ceni\u0119 sobie wszystko co mnie wi\u0105\u017ce z nim, jakby, i bardzo, bardzo chcia\u0142abym dalej z nim pracowa\u0107 i ta\u0144czy\u0107 przede wszystkim.<\/p>\n<\/blockquote>\n\n\n\n<h5 class=\"wp-block-heading\">Tancerka wyjawi\u0142a co podoba si\u0119 jej w relacji z Katarzyn\u0105 Zillman. Jakie by\u0142o jej pierwsze wra\u017cenie, gdy j\u0105 pozna\u0142a?<\/h5>\n\n\n\n<p>Pierwsze spotkanie kobiet mia\u0142o miejsce na sali treningowej przed konferencj\u0105 stacji Polsat. Janja Lesar pracowa\u0142a wtedy przy choreografii, kt\u00f3ra mia\u0142a przedstawia\u0107 gwiazdy programu. Tancerka wspomina, \u017ce jej pierwsze wra\u017cenie o Katarzynie Zillmann by\u0142o pozytywne. Od pocz\u0105tku postrzega\u0142a j\u0105 jako bardzo \u017cywio\u0142ow\u0105 osob\u0119. Wio\u015blarka mia\u0142a sp\u00f3\u017ani\u0107 si\u0119 na sal\u0119 treningow\u0105, ale rozbawi\u0142a Lesar tym, jak pe\u0142na emocji t\u0142umaczy\u0142a dlaczego nie przysz\u0142a na czas. Zdaniem Janji Lesar, uczestniczka ostatniej edycji programu &#8222;Dancing with the Stars. Taniec z gwiazdami&#8221; by\u0142a bardzo mi\u0142a i od razu z\u0142apa\u0142a dobry kontakt ze wszystkimi. Trenerce ta\u0144ca spodoba\u0142o si\u0119, \u017ce Zillmann mia\u0142a pomys\u0142 na to, jak chce si\u0119 zaprezentowa\u0107 na konferencji Polsatu.<\/p>\n\n\n\n<p>S\u0142owe\u0144ska choreografka w rozmowie z portalem \u015awiat Gwiazd powiedzia\u0142a, \u017ce propozycja udzia\u0142u w trzydziestej edycji &#8222;Dancing with the Stars. Taniec z gwiazdami&#8221; bardzo j\u0105 ucieszy\u0142a. Janja Lesar cieszy\u0142a si\u0119, \u017ce b\u0119dzie mog\u0142a dalej realizowa\u0107 swoj\u0105 pasj\u0119. By\u0142a zadowolona r\u00f3wnie\u017c dlatego, \u017ce w programie b\u0119d\u0105 mog\u0142y zata\u0144czy\u0107 dwie kobiety. Janja Lesar kojarzy\u0142a Katarzyn\u0119 Zillmann z dzia\u0142alno\u015bci sportowej, bo w jej rodzinnym domu na bie\u017c\u0105co \u015bledzi si\u0119 wydarzenia sportowe.<\/p>\n\n\n\n<p>Wio\u015blarka wtedy jeszcze nie wiedzia\u0142a, \u017ce b\u0119dzie ta\u0144czy\u0142a z Janj\u0105 Lesar. Choreografka trzyma\u0142a t\u0119 informacj\u0119 w tajemnicy. W rozmowie z dziennikarzem Mateuszem Szymkowiakiem przyzna\u0142a, \u017ce gdy ju\u017c si\u0119 pozna\u0142y, to od razu si\u0119 polubi\u0142y. Wyzna\u0142a te\u017c, \u017ce nie pami\u0119ta kiedy zauwa\u017cy\u0142a, \u017ce Katarzyna Zillmann bardziej zacz\u0119\u0142a j\u0105 fascynowa\u0107, ale zdradzi\u0142a co jej si\u0119 spodoba\u0142o w ich relacji.<\/p>\n\n\n\n<blockquote class=\"wp-block-quote is-layout-flow wp-block-quote-is-layout-flow\">\n<p>Bardzo lubi\u0142am si\u0119 przegl\u0105da\u0107 w jej oczach sobie, podoba\u0142o mi si\u0119 jaka ja przy niej jestem: prawdziwa. Jeszcze bardziej mog\u0142am by\u0107 sob\u0105, co jest \u015bmieszne, bo ja jestem zawsze sob\u0105, to nie o to chodzi, tylko by\u0142am bardziej zrelaksowana. (\u2026) Pierwszy raz mia\u0142am takie uczucie, \u017ce nikt mnie nie ocenia. (\u2026) Przy niej tak poczu\u0142am, \u017ce mog\u0119 jakby dok\u0142adnie w tym momencie jak czuj\u0119 by\u0107 sob\u0105. I tak zacz\u0119\u0142am si\u0119 czu\u0107 bardziej bli\u017cej siebie.<\/p>\n<\/blockquote>\n\n\n\n<p>Na koniec wywiadu zdradzi\u0142a r\u00f3wnie\u017c jak wygl\u0105da obecnie jej relacja z Katarzyn\u0105 Zillmann.<\/p>\n\n\n\n<blockquote class=\"wp-block-quote is-layout-flow wp-block-quote-is-layout-flow\">\n<p>My jeste\u015bmy uwa\u017cam, \u017ce w bardzo dobrym miejscu. Jest bardzo dalej intensywna, codzienna (relacja &#8211; przyp.red), \u0142\u0105czy nas bardzo du\u017co pasji &#8211; czy do ta\u0144ca czy w og\u00f3le do sportowego \u017cycia. (&#8230;)<\/p>\n<\/blockquote>\n\n\n\n<p>Po tym jak dziennikarz portalu \u015awiat Gwiazd powiedzia\u0142, \u017ce teraz s\u0105 wolne i \u017ce jest to wymarzona sytuacja, odpowiedzia\u0142a:<\/p>\n\n\n\n<blockquote class=\"wp-block-quote is-layout-flow wp-block-quote-is-layout-flow\">\n<p>Wierz\u0119, \u017ce tak, no (\u017ce to wymarzona sytuacja &#8211; przyp.red). Ja bardzo sobie jestem wdzi\u0119czna za ten czas, kt\u00f3ry mog\u0119 teraz prze\u017cywa\u0107 z ni\u0105. Bo lubi\u0119, bo mi to sprawia przyjemno\u015b\u0107 i rado\u015b\u0107, bo czuj\u0119 si\u0119 przy tym dobrze. Jako\u015b widz\u0119 inne rzeczy, jakich wcze\u015bniej nie widzia\u0142am, inne moje mo\u017cliwo\u015bci jakie mam. Jak ona jest obok mnie, to jestem du\u017co bardziej odwa\u017cna. Nie mam tak du\u017co w\u0105tpliwo\u015bci w siebie. Bardziej chc\u0119 wyj\u015b\u0107 do ludzi ze swoj\u0105 osob\u0105, z tym kim jestem. Wcze\u015bniej mi si\u0119 wydawa\u0142o, \u017ce nie mam nic do powiedzenia, \u017ce nie jestem wystarczaj\u0105co ciekawa. \u017be inni ludzie mog\u0105 to robi\u0107, ale ja nie. A przy niej tak czuj\u0119, \u017ce mog\u0119. Mi si\u0119 wydaje, \u017ce z ni\u0105 jestem bardziej ciekawa. Moje odbicie jakby teraz, gdy ona jest obok, jest dla mnie bardziej ciekawe.<\/p>\n<\/blockquote>\n\n\n\n<p>Jak Wy reagujecie na tak otwarte wyznania ludzi z show-biznesu?<\/p>\n\n\n\n<figure class=\"wp-block-embed is-type-video is-provider-youtube wp-block-embed-youtube wp-embed-aspect-16-9 wp-has-aspect-ratio\"><div class=\"wp-block-embed__wrapper\">\n<iframe loading=\"lazy\" title=\"Janja Lesar o zamieszkaniu z Kasi\u0105 Zillmann. &quot;Miotam si\u0119 mi\u0119dzy domami&quot;\" width=\"500\" height=\"281\" src=\"https:\/\/www.youtube.com\/embed\/3DWRTxPFvAY?feature=oembed\" frameborder=\"0\" allow=\"accelerometer; autoplay; clipboard-write; encrypted-media; gyroscope; picture-in-picture; web-share\" referrerpolicy=\"strict-origin-when-cross-origin\" allowfullscreen><\/iframe>\n<\/div><figcaption class=\"wp-element-caption\">\u0179r\u00f3d\u0142o: \u015awiat Gwiazd<\/figcaption><\/figure>\n","protected":false},"excerpt":{"rendered":"<p>Tancerka znana z &#8222;Ta\u0144ca z Gwiazdami&#8221; udzieli\u0142a niedawno niezwykle szczerego wywiadu jednemu z portali plotkarskich. Opowiedzia\u0142a w nim o jej relacji z Katarzyn\u0105 Zillmann, o rozstaniu z Krzysztofem Hulbojem i&hellip;<\/p>\n","protected":false},"author":1,"featured_media":2205,"comment_status":"open","ping_status":"open","sticky":false,"template":"","format":"standard","meta":{"_jetpack_memberships_contains_paid_content":false,"footnotes":""},"categories":[98],"tags":[125,126],"class_list":["post-2204","post","type-post","status-publish","format-standard","has-post-thumbnail","hentry","category-love-update","tag-janja-lesar","tag-katarzyna-zillmann"],"yoast_head":"<!-- This site is optimized with the Yoast SEO plugin v27.4 - https:\/\/yoast.com\/product\/yoast-seo-wordpress\/ -->\n<title>Janja Lesar otwarcie o tym, jak si\u0119 czuje przy Katarzynie Zillmann: &quot;Moje odbicie, kiedy ona jest obok, jest dla mnie bardziej ciekawe&quot; - FameSphere<\/title>\n<meta name=\"robots\" content=\"index, follow, max-snippet:-1, max-image-preview:large, max-video-preview:-1\" \/>\n<link rel=\"canonical\" href=\"https:\/\/famesphere.pl\/index.php\/2026\/01\/20\/janja-lesar-otwarcie-o-tym-jak-sie-czuje-przy-katarzynie-zillmann-moje-odbicie-kiedy-ona-jest-obok-jest-dla-mnie-bardziej-ciekawe\/\" \/>\n<meta property=\"og:locale\" content=\"pl_PL\" \/>\n<meta property=\"og:type\" content=\"article\" \/>\n<meta property=\"og:title\" content=\"Janja Lesar otwarcie o tym, jak si\u0119 czuje przy Katarzynie Zillmann: &quot;Moje odbicie, kiedy ona jest obok, jest dla mnie bardziej ciekawe&quot; - FameSphere\" \/>\n<meta property=\"og:description\" content=\"Tancerka znana z &#8222;Ta\u0144ca z Gwiazdami&#8221; udzieli\u0142a niedawno niezwykle szczerego wywiadu jednemu z portali plotkarskich. Opowiedzia\u0142a w nim o jej relacji z Katarzyn\u0105 Zillmann, o rozstaniu z Krzysztofem Hulbojem i&hellip;\" \/>\n<meta property=\"og:url\" content=\"https:\/\/famesphere.pl\/index.php\/2026\/01\/20\/janja-lesar-otwarcie-o-tym-jak-sie-czuje-przy-katarzynie-zillmann-moje-odbicie-kiedy-ona-jest-obok-jest-dla-mnie-bardziej-ciekawe\/\" \/>\n<meta property=\"og:site_name\" content=\"FameSphere\" \/>\n<meta property=\"article:published_time\" content=\"2026-01-20T22:55:00+00:00\" \/>\n<meta property=\"article:modified_time\" content=\"2026-01-22T13:07:29+00:00\" \/>\n<meta property=\"og:image\" content=\"https:\/\/famesphere.pl\/wp-content\/uploads\/2026\/01\/SnapInsta.to_551575791_18372477907151088_4161922940857987078_n.jpg\" \/>\n\t<meta property=\"og:image:width\" content=\"1080\" \/>\n\t<meta property=\"og:image:height\" content=\"1439\" \/>\n\t<meta property=\"og:image:type\" content=\"image\/jpeg\" \/>\n<meta name=\"author\" content=\"Paula Gajownik\" \/>\n<meta name=\"twitter:card\" content=\"summary_large_image\" \/>\n<meta name=\"twitter:label1\" content=\"Napisane przez\" \/>\n\t<meta name=\"twitter:data1\" content=\"Paula Gajownik\" \/>\n\t<meta name=\"twitter:label2\" content=\"Szacowany czas czytania\" \/>\n\t<meta name=\"twitter:data2\" content=\"4 minuty\" \/>\n<script type=\"application\/ld+json\" class=\"yoast-schema-graph\">{\"@context\":\"https:\\\/\\\/schema.org\",\"@graph\":[{\"@type\":\"Article\",\"@id\":\"https:\\\/\\\/famesphere.pl\\\/index.php\\\/2026\\\/01\\\/20\\\/janja-lesar-otwarcie-o-tym-jak-sie-czuje-przy-katarzynie-zillmann-moje-odbicie-kiedy-ona-jest-obok-jest-dla-mnie-bardziej-ciekawe\\\/#article\",\"isPartOf\":{\"@id\":\"https:\\\/\\\/famesphere.pl\\\/index.php\\\/2026\\\/01\\\/20\\\/janja-lesar-otwarcie-o-tym-jak-sie-czuje-przy-katarzynie-zillmann-moje-odbicie-kiedy-ona-jest-obok-jest-dla-mnie-bardziej-ciekawe\\\/\"},\"author\":{\"name\":\"Paula Gajownik\",\"@id\":\"https:\\\/\\\/famesphere.pl\\\/#\\\/schema\\\/person\\\/acc9ff3d8fd31e29f6e12403dba892d2\"},\"headline\":\"Janja Lesar otwarcie o tym, jak si\u0119 czuje przy Katarzynie Zillmann: &#8222;Moje odbicie, kiedy ona jest obok, jest dla mnie bardziej ciekawe&#8221;\",\"datePublished\":\"2026-01-20T22:55:00+00:00\",\"dateModified\":\"2026-01-22T13:07:29+00:00\",\"mainEntityOfPage\":{\"@id\":\"https:\\\/\\\/famesphere.pl\\\/index.php\\\/2026\\\/01\\\/20\\\/janja-lesar-otwarcie-o-tym-jak-sie-czuje-przy-katarzynie-zillmann-moje-odbicie-kiedy-ona-jest-obok-jest-dla-mnie-bardziej-ciekawe\\\/\"},\"wordCount\":1061,\"commentCount\":0,\"publisher\":{\"@id\":\"https:\\\/\\\/famesphere.pl\\\/#\\\/schema\\\/person\\\/acc9ff3d8fd31e29f6e12403dba892d2\"},\"image\":{\"@id\":\"https:\\\/\\\/famesphere.pl\\\/index.php\\\/2026\\\/01\\\/20\\\/janja-lesar-otwarcie-o-tym-jak-sie-czuje-przy-katarzynie-zillmann-moje-odbicie-kiedy-ona-jest-obok-jest-dla-mnie-bardziej-ciekawe\\\/#primaryimage\"},\"thumbnailUrl\":\"https:\\\/\\\/famesphere.pl\\\/wp-content\\\/uploads\\\/2026\\\/01\\\/SnapInsta.to_551575791_18372477907151088_4161922940857987078_n.jpg\",\"keywords\":[\"Janja Lesar\",\"Katarzyna Zillmann\"],\"articleSection\":[\"Love Update\"],\"inLanguage\":\"pl-PL\",\"potentialAction\":[{\"@type\":\"CommentAction\",\"name\":\"Comment\",\"target\":[\"https:\\\/\\\/famesphere.pl\\\/index.php\\\/2026\\\/01\\\/20\\\/janja-lesar-otwarcie-o-tym-jak-sie-czuje-przy-katarzynie-zillmann-moje-odbicie-kiedy-ona-jest-obok-jest-dla-mnie-bardziej-ciekawe\\\/#respond\"]}]},{\"@type\":\"WebPage\",\"@id\":\"https:\\\/\\\/famesphere.pl\\\/index.php\\\/2026\\\/01\\\/20\\\/janja-lesar-otwarcie-o-tym-jak-sie-czuje-przy-katarzynie-zillmann-moje-odbicie-kiedy-ona-jest-obok-jest-dla-mnie-bardziej-ciekawe\\\/\",\"url\":\"https:\\\/\\\/famesphere.pl\\\/index.php\\\/2026\\\/01\\\/20\\\/janja-lesar-otwarcie-o-tym-jak-sie-czuje-przy-katarzynie-zillmann-moje-odbicie-kiedy-ona-jest-obok-jest-dla-mnie-bardziej-ciekawe\\\/\",\"name\":\"Janja Lesar otwarcie o tym, jak si\u0119 czuje przy Katarzynie Zillmann: \\\"Moje odbicie, kiedy ona jest obok, jest dla mnie bardziej ciekawe\\\" - FameSphere\",\"isPartOf\":{\"@id\":\"https:\\\/\\\/famesphere.pl\\\/#website\"},\"primaryImageOfPage\":{\"@id\":\"https:\\\/\\\/famesphere.pl\\\/index.php\\\/2026\\\/01\\\/20\\\/janja-lesar-otwarcie-o-tym-jak-sie-czuje-przy-katarzynie-zillmann-moje-odbicie-kiedy-ona-jest-obok-jest-dla-mnie-bardziej-ciekawe\\\/#primaryimage\"},\"image\":{\"@id\":\"https:\\\/\\\/famesphere.pl\\\/index.php\\\/2026\\\/01\\\/20\\\/janja-lesar-otwarcie-o-tym-jak-sie-czuje-przy-katarzynie-zillmann-moje-odbicie-kiedy-ona-jest-obok-jest-dla-mnie-bardziej-ciekawe\\\/#primaryimage\"},\"thumbnailUrl\":\"https:\\\/\\\/famesphere.pl\\\/wp-content\\\/uploads\\\/2026\\\/01\\\/SnapInsta.to_551575791_18372477907151088_4161922940857987078_n.jpg\",\"datePublished\":\"2026-01-20T22:55:00+00:00\",\"dateModified\":\"2026-01-22T13:07:29+00:00\",\"breadcrumb\":{\"@id\":\"https:\\\/\\\/famesphere.pl\\\/index.php\\\/2026\\\/01\\\/20\\\/janja-lesar-otwarcie-o-tym-jak-sie-czuje-przy-katarzynie-zillmann-moje-odbicie-kiedy-ona-jest-obok-jest-dla-mnie-bardziej-ciekawe\\\/#breadcrumb\"},\"inLanguage\":\"pl-PL\",\"potentialAction\":[{\"@type\":\"ReadAction\",\"target\":[\"https:\\\/\\\/famesphere.pl\\\/index.php\\\/2026\\\/01\\\/20\\\/janja-lesar-otwarcie-o-tym-jak-sie-czuje-przy-katarzynie-zillmann-moje-odbicie-kiedy-ona-jest-obok-jest-dla-mnie-bardziej-ciekawe\\\/\"]}]},{\"@type\":\"ImageObject\",\"inLanguage\":\"pl-PL\",\"@id\":\"https:\\\/\\\/famesphere.pl\\\/index.php\\\/2026\\\/01\\\/20\\\/janja-lesar-otwarcie-o-tym-jak-sie-czuje-przy-katarzynie-zillmann-moje-odbicie-kiedy-ona-jest-obok-jest-dla-mnie-bardziej-ciekawe\\\/#primaryimage\",\"url\":\"https:\\\/\\\/famesphere.pl\\\/wp-content\\\/uploads\\\/2026\\\/01\\\/SnapInsta.to_551575791_18372477907151088_4161922940857987078_n.jpg\",\"contentUrl\":\"https:\\\/\\\/famesphere.pl\\\/wp-content\\\/uploads\\\/2026\\\/01\\\/SnapInsta.to_551575791_18372477907151088_4161922940857987078_n.jpg\",\"width\":1080,\"height\":1439},{\"@type\":\"BreadcrumbList\",\"@id\":\"https:\\\/\\\/famesphere.pl\\\/index.php\\\/2026\\\/01\\\/20\\\/janja-lesar-otwarcie-o-tym-jak-sie-czuje-przy-katarzynie-zillmann-moje-odbicie-kiedy-ona-jest-obok-jest-dla-mnie-bardziej-ciekawe\\\/#breadcrumb\",\"itemListElement\":[{\"@type\":\"ListItem\",\"position\":1,\"name\":\"Strona g\u0142\u00f3wna\",\"item\":\"https:\\\/\\\/famesphere.pl\\\/\"},{\"@type\":\"ListItem\",\"position\":2,\"name\":\"Janja Lesar otwarcie o tym, jak si\u0119 czuje przy Katarzynie Zillmann: &#8222;Moje odbicie, kiedy ona jest obok, jest dla mnie bardziej ciekawe&#8221;\"}]},{\"@type\":\"WebSite\",\"@id\":\"https:\\\/\\\/famesphere.pl\\\/#website\",\"url\":\"https:\\\/\\\/famesphere.pl\\\/\",\"name\":\"FameSphere\",\"description\":\"Z show-biznesem jeste\u015bmy na bie\u017c\u0105co!\",\"publisher\":{\"@id\":\"https:\\\/\\\/famesphere.pl\\\/#\\\/schema\\\/person\\\/acc9ff3d8fd31e29f6e12403dba892d2\"},\"potentialAction\":[{\"@type\":\"SearchAction\",\"target\":{\"@type\":\"EntryPoint\",\"urlTemplate\":\"https:\\\/\\\/famesphere.pl\\\/?s={search_term_string}\"},\"query-input\":{\"@type\":\"PropertyValueSpecification\",\"valueRequired\":true,\"valueName\":\"search_term_string\"}}],\"inLanguage\":\"pl-PL\"},{\"@type\":[\"Person\",\"Organization\"],\"@id\":\"https:\\\/\\\/famesphere.pl\\\/#\\\/schema\\\/person\\\/acc9ff3d8fd31e29f6e12403dba892d2\",\"name\":\"Paula Gajownik\",\"image\":{\"@type\":\"ImageObject\",\"inLanguage\":\"pl-PL\",\"@id\":\"https:\\\/\\\/famesphere.pl\\\/wp-content\\\/uploads\\\/2024\\\/07\\\/cropped-cropped-DALL\u00b7E-2024-07-16-17.19.05-Create-a-logo-for-a-website-named-FameSphere.-The-logo-should-be-modern-and-sleek-incorporating-elements-that-suggest-fame-and-a-sphere.-Use-a-vibr-2.webp\",\"url\":\"https:\\\/\\\/famesphere.pl\\\/wp-content\\\/uploads\\\/2024\\\/07\\\/cropped-cropped-DALL\u00b7E-2024-07-16-17.19.05-Create-a-logo-for-a-website-named-FameSphere.-The-logo-should-be-modern-and-sleek-incorporating-elements-that-suggest-fame-and-a-sphere.-Use-a-vibr-2.webp\",\"contentUrl\":\"https:\\\/\\\/famesphere.pl\\\/wp-content\\\/uploads\\\/2024\\\/07\\\/cropped-cropped-DALL\u00b7E-2024-07-16-17.19.05-Create-a-logo-for-a-website-named-FameSphere.-The-logo-should-be-modern-and-sleek-incorporating-elements-that-suggest-fame-and-a-sphere.-Use-a-vibr-2.webp\",\"width\":512,\"height\":400,\"caption\":\"Paula Gajownik\"},\"logo\":{\"@id\":\"https:\\\/\\\/famesphere.pl\\\/wp-content\\\/uploads\\\/2024\\\/07\\\/cropped-cropped-DALL\u00b7E-2024-07-16-17.19.05-Create-a-logo-for-a-website-named-FameSphere.-The-logo-should-be-modern-and-sleek-incorporating-elements-that-suggest-fame-and-a-sphere.-Use-a-vibr-2.webp\"},\"description\":\"Redaktor naczelna FameSphere. Absolwentka dziennikarstwa i komunikacji spo\u0142ecznej oraz specjalistka ds. marketingu i PR-u. Prywatnie posiadaczka dw\u00f3ch kr\u00f3lik\u00f3w, kt\u00f3re kocha ponad \u017cycie.\",\"sameAs\":[\"https:\\\/\\\/famesphere.pl\"],\"url\":\"https:\\\/\\\/famesphere.pl\\\/index.php\\\/author\\\/paula\\\/\"}]}<\/script>\n<!-- \/ Yoast SEO plugin. -->","yoast_head_json":{"title":"Janja Lesar otwarcie o tym, jak si\u0119 czuje przy Katarzynie Zillmann: \"Moje odbicie, kiedy ona jest obok, jest dla mnie bardziej ciekawe\" - FameSphere","robots":{"index":"index","follow":"follow","max-snippet":"max-snippet:-1","max-image-preview":"max-image-preview:large","max-video-preview":"max-video-preview:-1"},"canonical":"https:\/\/famesphere.pl\/index.php\/2026\/01\/20\/janja-lesar-otwarcie-o-tym-jak-sie-czuje-przy-katarzynie-zillmann-moje-odbicie-kiedy-ona-jest-obok-jest-dla-mnie-bardziej-ciekawe\/","og_locale":"pl_PL","og_type":"article","og_title":"Janja Lesar otwarcie o tym, jak si\u0119 czuje przy Katarzynie Zillmann: \"Moje odbicie, kiedy ona jest obok, jest dla mnie bardziej ciekawe\" - FameSphere","og_description":"Tancerka znana z &#8222;Ta\u0144ca z Gwiazdami&#8221; udzieli\u0142a niedawno niezwykle szczerego wywiadu jednemu z portali plotkarskich. Opowiedzia\u0142a w nim o jej relacji z Katarzyn\u0105 Zillmann, o rozstaniu z Krzysztofem Hulbojem i&hellip;","og_url":"https:\/\/famesphere.pl\/index.php\/2026\/01\/20\/janja-lesar-otwarcie-o-tym-jak-sie-czuje-przy-katarzynie-zillmann-moje-odbicie-kiedy-ona-jest-obok-jest-dla-mnie-bardziej-ciekawe\/","og_site_name":"FameSphere","article_published_time":"2026-01-20T22:55:00+00:00","article_modified_time":"2026-01-22T13:07:29+00:00","og_image":[{"width":1080,"height":1439,"url":"https:\/\/famesphere.pl\/wp-content\/uploads\/2026\/01\/SnapInsta.to_551575791_18372477907151088_4161922940857987078_n.jpg","type":"image\/jpeg"}],"author":"Paula Gajownik","twitter_card":"summary_large_image","twitter_misc":{"Napisane przez":"Paula Gajownik","Szacowany czas czytania":"4 minuty"},"schema":{"@context":"https:\/\/schema.org","@graph":[{"@type":"Article","@id":"https:\/\/famesphere.pl\/index.php\/2026\/01\/20\/janja-lesar-otwarcie-o-tym-jak-sie-czuje-przy-katarzynie-zillmann-moje-odbicie-kiedy-ona-jest-obok-jest-dla-mnie-bardziej-ciekawe\/#article","isPartOf":{"@id":"https:\/\/famesphere.pl\/index.php\/2026\/01\/20\/janja-lesar-otwarcie-o-tym-jak-sie-czuje-przy-katarzynie-zillmann-moje-odbicie-kiedy-ona-jest-obok-jest-dla-mnie-bardziej-ciekawe\/"},"author":{"name":"Paula Gajownik","@id":"https:\/\/famesphere.pl\/#\/schema\/person\/acc9ff3d8fd31e29f6e12403dba892d2"},"headline":"Janja Lesar otwarcie o tym, jak si\u0119 czuje przy Katarzynie Zillmann: &#8222;Moje odbicie, kiedy ona jest obok, jest dla mnie bardziej ciekawe&#8221;","datePublished":"2026-01-20T22:55:00+00:00","dateModified":"2026-01-22T13:07:29+00:00","mainEntityOfPage":{"@id":"https:\/\/famesphere.pl\/index.php\/2026\/01\/20\/janja-lesar-otwarcie-o-tym-jak-sie-czuje-przy-katarzynie-zillmann-moje-odbicie-kiedy-ona-jest-obok-jest-dla-mnie-bardziej-ciekawe\/"},"wordCount":1061,"commentCount":0,"publisher":{"@id":"https:\/\/famesphere.pl\/#\/schema\/person\/acc9ff3d8fd31e29f6e12403dba892d2"},"image":{"@id":"https:\/\/famesphere.pl\/index.php\/2026\/01\/20\/janja-lesar-otwarcie-o-tym-jak-sie-czuje-przy-katarzynie-zillmann-moje-odbicie-kiedy-ona-jest-obok-jest-dla-mnie-bardziej-ciekawe\/#primaryimage"},"thumbnailUrl":"https:\/\/famesphere.pl\/wp-content\/uploads\/2026\/01\/SnapInsta.to_551575791_18372477907151088_4161922940857987078_n.jpg","keywords":["Janja Lesar","Katarzyna Zillmann"],"articleSection":["Love Update"],"inLanguage":"pl-PL","potentialAction":[{"@type":"CommentAction","name":"Comment","target":["https:\/\/famesphere.pl\/index.php\/2026\/01\/20\/janja-lesar-otwarcie-o-tym-jak-sie-czuje-przy-katarzynie-zillmann-moje-odbicie-kiedy-ona-jest-obok-jest-dla-mnie-bardziej-ciekawe\/#respond"]}]},{"@type":"WebPage","@id":"https:\/\/famesphere.pl\/index.php\/2026\/01\/20\/janja-lesar-otwarcie-o-tym-jak-sie-czuje-przy-katarzynie-zillmann-moje-odbicie-kiedy-ona-jest-obok-jest-dla-mnie-bardziej-ciekawe\/","url":"https:\/\/famesphere.pl\/index.php\/2026\/01\/20\/janja-lesar-otwarcie-o-tym-jak-sie-czuje-przy-katarzynie-zillmann-moje-odbicie-kiedy-ona-jest-obok-jest-dla-mnie-bardziej-ciekawe\/","name":"Janja Lesar otwarcie o tym, jak si\u0119 czuje przy Katarzynie Zillmann: \"Moje odbicie, kiedy ona jest obok, jest dla mnie bardziej ciekawe\" - FameSphere","isPartOf":{"@id":"https:\/\/famesphere.pl\/#website"},"primaryImageOfPage":{"@id":"https:\/\/famesphere.pl\/index.php\/2026\/01\/20\/janja-lesar-otwarcie-o-tym-jak-sie-czuje-przy-katarzynie-zillmann-moje-odbicie-kiedy-ona-jest-obok-jest-dla-mnie-bardziej-ciekawe\/#primaryimage"},"image":{"@id":"https:\/\/famesphere.pl\/index.php\/2026\/01\/20\/janja-lesar-otwarcie-o-tym-jak-sie-czuje-przy-katarzynie-zillmann-moje-odbicie-kiedy-ona-jest-obok-jest-dla-mnie-bardziej-ciekawe\/#primaryimage"},"thumbnailUrl":"https:\/\/famesphere.pl\/wp-content\/uploads\/2026\/01\/SnapInsta.to_551575791_18372477907151088_4161922940857987078_n.jpg","datePublished":"2026-01-20T22:55:00+00:00","dateModified":"2026-01-22T13:07:29+00:00","breadcrumb":{"@id":"https:\/\/famesphere.pl\/index.php\/2026\/01\/20\/janja-lesar-otwarcie-o-tym-jak-sie-czuje-przy-katarzynie-zillmann-moje-odbicie-kiedy-ona-jest-obok-jest-dla-mnie-bardziej-ciekawe\/#breadcrumb"},"inLanguage":"pl-PL","potentialAction":[{"@type":"ReadAction","target":["https:\/\/famesphere.pl\/index.php\/2026\/01\/20\/janja-lesar-otwarcie-o-tym-jak-sie-czuje-przy-katarzynie-zillmann-moje-odbicie-kiedy-ona-jest-obok-jest-dla-mnie-bardziej-ciekawe\/"]}]},{"@type":"ImageObject","inLanguage":"pl-PL","@id":"https:\/\/famesphere.pl\/index.php\/2026\/01\/20\/janja-lesar-otwarcie-o-tym-jak-sie-czuje-przy-katarzynie-zillmann-moje-odbicie-kiedy-ona-jest-obok-jest-dla-mnie-bardziej-ciekawe\/#primaryimage","url":"https:\/\/famesphere.pl\/wp-content\/uploads\/2026\/01\/SnapInsta.to_551575791_18372477907151088_4161922940857987078_n.jpg","contentUrl":"https:\/\/famesphere.pl\/wp-content\/uploads\/2026\/01\/SnapInsta.to_551575791_18372477907151088_4161922940857987078_n.jpg","width":1080,"height":1439},{"@type":"BreadcrumbList","@id":"https:\/\/famesphere.pl\/index.php\/2026\/01\/20\/janja-lesar-otwarcie-o-tym-jak-sie-czuje-przy-katarzynie-zillmann-moje-odbicie-kiedy-ona-jest-obok-jest-dla-mnie-bardziej-ciekawe\/#breadcrumb","itemListElement":[{"@type":"ListItem","position":1,"name":"Strona g\u0142\u00f3wna","item":"https:\/\/famesphere.pl\/"},{"@type":"ListItem","position":2,"name":"Janja Lesar otwarcie o tym, jak si\u0119 czuje przy Katarzynie Zillmann: &#8222;Moje odbicie, kiedy ona jest obok, jest dla mnie bardziej ciekawe&#8221;"}]},{"@type":"WebSite","@id":"https:\/\/famesphere.pl\/#website","url":"https:\/\/famesphere.pl\/","name":"FameSphere","description":"Z show-biznesem jeste\u015bmy na bie\u017c\u0105co!","publisher":{"@id":"https:\/\/famesphere.pl\/#\/schema\/person\/acc9ff3d8fd31e29f6e12403dba892d2"},"potentialAction":[{"@type":"SearchAction","target":{"@type":"EntryPoint","urlTemplate":"https:\/\/famesphere.pl\/?s={search_term_string}"},"query-input":{"@type":"PropertyValueSpecification","valueRequired":true,"valueName":"search_term_string"}}],"inLanguage":"pl-PL"},{"@type":["Person","Organization"],"@id":"https:\/\/famesphere.pl\/#\/schema\/person\/acc9ff3d8fd31e29f6e12403dba892d2","name":"Paula Gajownik","image":{"@type":"ImageObject","inLanguage":"pl-PL","@id":"https:\/\/famesphere.pl\/wp-content\/uploads\/2024\/07\/cropped-cropped-DALL\u00b7E-2024-07-16-17.19.05-Create-a-logo-for-a-website-named-FameSphere.-The-logo-should-be-modern-and-sleek-incorporating-elements-that-suggest-fame-and-a-sphere.-Use-a-vibr-2.webp","url":"https:\/\/famesphere.pl\/wp-content\/uploads\/2024\/07\/cropped-cropped-DALL\u00b7E-2024-07-16-17.19.05-Create-a-logo-for-a-website-named-FameSphere.-The-logo-should-be-modern-and-sleek-incorporating-elements-that-suggest-fame-and-a-sphere.-Use-a-vibr-2.webp","contentUrl":"https:\/\/famesphere.pl\/wp-content\/uploads\/2024\/07\/cropped-cropped-DALL\u00b7E-2024-07-16-17.19.05-Create-a-logo-for-a-website-named-FameSphere.-The-logo-should-be-modern-and-sleek-incorporating-elements-that-suggest-fame-and-a-sphere.-Use-a-vibr-2.webp","width":512,"height":400,"caption":"Paula Gajownik"},"logo":{"@id":"https:\/\/famesphere.pl\/wp-content\/uploads\/2024\/07\/cropped-cropped-DALL\u00b7E-2024-07-16-17.19.05-Create-a-logo-for-a-website-named-FameSphere.-The-logo-should-be-modern-and-sleek-incorporating-elements-that-suggest-fame-and-a-sphere.-Use-a-vibr-2.webp"},"description":"Redaktor naczelna FameSphere. Absolwentka dziennikarstwa i komunikacji spo\u0142ecznej oraz specjalistka ds. marketingu i PR-u. Prywatnie posiadaczka dw\u00f3ch kr\u00f3lik\u00f3w, kt\u00f3re kocha ponad \u017cycie.","sameAs":["https:\/\/famesphere.pl"],"url":"https:\/\/famesphere.pl\/index.php\/author\/paula\/"}]}},"cc_featured_image_caption":{"caption_text":"","source_text":"Janja Lesar i Katarzyna Zillmann (Instagram: kzillmann)","source_url":""},"jetpack_featured_media_url":"https:\/\/famesphere.pl\/wp-content\/uploads\/2026\/01\/SnapInsta.to_551575791_18372477907151088_4161922940857987078_n.jpg","jetpack_sharing_enabled":true,"_links":{"self":[{"href":"https:\/\/famesphere.pl\/index.php\/wp-json\/wp\/v2\/posts\/2204","targetHints":{"allow":["GET"]}}],"collection":[{"href":"https:\/\/famesphere.pl\/index.php\/wp-json\/wp\/v2\/posts"}],"about":[{"href":"https:\/\/famesphere.pl\/index.php\/wp-json\/wp\/v2\/types\/post"}],"author":[{"embeddable":true,"href":"https:\/\/famesphere.pl\/index.php\/wp-json\/wp\/v2\/users\/1"}],"replies":[{"embeddable":true,"href":"https:\/\/famesphere.pl\/index.php\/wp-json\/wp\/v2\/comments?post=2204"}],"version-history":[{"count":18,"href":"https:\/\/famesphere.pl\/index.php\/wp-json\/wp\/v2\/posts\/2204\/revisions"}],"predecessor-version":[{"id":2223,"href":"https:\/\/famesphere.pl\/index.php\/wp-json\/wp\/v2\/posts\/2204\/revisions\/2223"}],"wp:featuredmedia":[{"embeddable":true,"href":"https:\/\/famesphere.pl\/index.php\/wp-json\/wp\/v2\/media\/2205"}],"wp:attachment":[{"href":"https:\/\/famesphere.pl\/index.php\/wp-json\/wp\/v2\/media?parent=2204"}],"wp:term":[{"taxonomy":"category","embeddable":true,"href":"https:\/\/famesphere.pl\/index.php\/wp-json\/wp\/v2\/categories?post=2204"},{"taxonomy":"post_tag","embeddable":true,"href":"https:\/\/famesphere.pl\/index.php\/wp-json\/wp\/v2\/tags?post=2204"}],"curies":[{"name":"wp","href":"https:\/\/api.w.org\/{rel}","templated":true}]}}