{"id":391,"date":"2024-08-08T23:45:00","date_gmt":"2024-08-08T23:45:00","guid":{"rendered":"https:\/\/famesphere.pl\/?p=391"},"modified":"2026-01-02T16:39:49","modified_gmt":"2026-01-02T15:39:49","slug":"szczesliwa-marcela-koterska-pisze-na-instagramie-o-spelnieniu-swojego-marzenia-ja-po-prostu-snie-o-jakim-marzeniu-mowa","status":"publish","type":"post","link":"https:\/\/famesphere.pl\/index.php\/2024\/08\/08\/szczesliwa-marcela-koterska-pisze-na-instagramie-o-spelnieniu-swojego-marzenia-ja-po-prostu-snie-o-jakim-marzeniu-mowa\/","title":{"rendered":"Szcz\u0119\u015bliwa Marcela Koterska pisze na Instagramie o spe\u0142nieniu swojego marzenia: &#8222;Ja po prostu \u015bni\u0119!&#8221;. O jakim marzeniu mowa?"},"content":{"rendered":"\n<p><strong>Partnerka Micha\u0142a Koterskiego postanowi\u0142a nie kry\u0107 si\u0119 ze swoj\u0105 rado\u015bci\u0105 i poinformowa\u0142a swoich obserwuj\u0105cych o spe\u0142nieniu swojego marzenia. Jej pragnieniem by\u0142o wybra\u0107 si\u0119 do pewnego kraju. Zobaczcie dok\u0105d pojecha\u0142a.<\/strong><\/p>\n\n\n\n<p>Marcela Koterska (dawniej Leszczak) rozpoznawalno\u015b\u0107 zyska\u0142a za spraw\u0105 udzia\u0142u w trzeciej edycji programu Top Model. Modelka dosz\u0142a wtedy a\u017c do fina\u0142u przegrywaj\u0105c w nim z Zuzann\u0105 Ko\u0142odziejczyk. Kilka lat p\u00f3\u017aniej los skrzy\u017cowa\u0142 drogi Leszczak i Koterskiego podczas spektaklu &#8222;Mayday 2&#8221;. Marcela zosta\u0142a zaproszona na sztuk\u0119, w kt\u00f3rej gra\u0142 Micha\u0142. Para przechodzi\u0142a przez r\u00f3\u017cne okresy w swoim zwi\u0105zku i nie omin\u0119\u0142o ich r\u00f3wnie\u017c rozstanie. Uczucie jednak zwyci\u0119\u017cy\u0142o i po pewnym czasie zakochani wr\u00f3cili do siebie. W styczniu tego roku Marcela oraz jej ukochany obwie\u015bcili \u015bwiatu, \u017ce zostali ma\u0142\u017ce\u0144stwem. Owocem ich mi\u0142o\u015bci jest syn Fryderyk, kt\u00f3ry w tym roku sko\u0144czy siedem lat.<\/p>\n\n\n\n<p>Celebryci wykorzystuj\u0105 swoje social media g\u0142\u00f3wnie do prezentowania swojej codziennej rutyny i projekt\u00f3w zawodowych. Nie zapominajmy jednak, \u017ce Instagram i inne media spo\u0142eczno\u015bciowe bardzo cz\u0119sto s\u0142u\u017c\u0105 tak\u017ce do dzielenia si\u0119 najszcz\u0119\u015bliwszymi chwilami ze swojego \u017cycia ze \u015bwiatem. Tak te\u017c sta\u0142o si\u0119 w przypadku Marceli, kt\u00f3ra w najnowszym wpisie na Instagramie nie omieszka\u0142a pochwali\u0107 si\u0119 fanom tym, \u017ce uda\u0142o jej si\u0119 zrealizowa\u0107 swoje marzenie.<\/p>\n\n\n\n<p>Z za\u0142\u0105czonego do zdj\u0119cia podpisu mo\u017cna wywnioskowa\u0107, \u017ce marzeniem Marceli by\u0142o wybra\u0107 si\u0119 do Stan\u00f3w Zjednoczonych. Na wycieczk\u0119 do popularnego kraju wybra\u0142a si\u0119 wraz ze swoj\u0105 pociech\u0105 oraz m\u0119\u017cem. Aktualnie znajduj\u0105 si\u0119 oni w Chicago. W swoim wpisie pe\u0142na euforii Marcela zach\u0119ca swoich fan\u00f3w do tego, by d\u0105\u017cyli do swoich cel\u00f3w bez wzgl\u0119du na to w jakim s\u0105 wieku. Jako przyk\u0142ad podaje to, \u017ce sama swoje marzenie spe\u0142ni\u0142a w wieku 33 lat.<\/p>\n\n\n\n<p>Zobaczcie ostatnie zdj\u0119cie Marceli z Ameryki.<\/p>\n\n\n\n<figure class=\"wp-block-embed is-type-rich is-provider-instagram wp-block-embed-instagram\"><div class=\"wp-block-embed__wrapper\">\n<div class=\"sbi-embed-wrap\"><blockquote class=\"instagram-media sbi-embed\" data-instgrm-captioned data-instgrm-permalink=\"https:\/\/www.instagram.com\/p\/C-apq2GAVyb\/?utm_source=ig_embed&amp;utm_campaign=loading\" data-instgrm-version=\"14\" style=\" background:#FFF; border:0; border-radius:3px; box-shadow:0 0 1px 0 rgba(0,0,0,0.5),0 1px 10px 0 rgba(0,0,0,0.15); margin: 1px; max-width:500px; min-width:326px; padding:0; width:99.375%; width:-webkit-calc(100% - 2px); width:calc(100% - 2px);\"><div style=\"padding:16px;\"> <a href=\"https:\/\/www.instagram.com\/p\/C-apq2GAVyb\/?utm_source=ig_embed&amp;utm_campaign=loading\" style=\" background:#FFFFFF; line-height:0; padding:0 0; text-align:center; text-decoration:none; width:100%;\" target=\"_blank\"> <div style=\" display: flex; flex-direction: row; align-items: center;\"> <div style=\"background-color: #F4F4F4; border-radius: 50%; flex-grow: 0; height: 40px; margin-right: 14px; width: 40px;\"><\/div> <div style=\"display: flex; flex-direction: column; flex-grow: 1; justify-content: center;\"> <div style=\" background-color: #F4F4F4; border-radius: 4px; flex-grow: 0; height: 14px; margin-bottom: 6px; width: 100px;\"><\/div> <div style=\" background-color: #F4F4F4; border-radius: 4px; flex-grow: 0; height: 14px; width: 60px;\"><\/div><\/div><\/div><div style=\"padding: 19% 0;\"><\/div> <div style=\"display:block; height:50px; margin:0 auto 12px; width:50px;\"><svg width=\"50px\" height=\"50px\" viewBox=\"0 0 60 60\" version=\"1.1\" xmlns=\"https:\/\/www.w3.org\/2000\/svg\" xmlns:xlink=\"https:\/\/www.w3.org\/1999\/xlink\"><g stroke=\"none\" stroke-width=\"1\" fill=\"none\" fill-rule=\"evenodd\"><g transform=\"translate(-511.000000, -20.000000)\" fill=\"#000000\"><g><path d=\"M556.869,30.41 C554.814,30.41 553.148,32.076 553.148,34.131 C553.148,36.186 554.814,37.852 556.869,37.852 C558.924,37.852 560.59,36.186 560.59,34.131 C560.59,32.076 558.924,30.41 556.869,30.41 M541,60.657 C535.114,60.657 530.342,55.887 530.342,50 C530.342,44.114 535.114,39.342 541,39.342 C546.887,39.342 551.658,44.114 551.658,50 C551.658,55.887 546.887,60.657 541,60.657 M541,33.886 C532.1,33.886 524.886,41.1 524.886,50 C524.886,58.899 532.1,66.113 541,66.113 C549.9,66.113 557.115,58.899 557.115,50 C557.115,41.1 549.9,33.886 541,33.886 M565.378,62.101 C565.244,65.022 564.756,66.606 564.346,67.663 C563.803,69.06 563.154,70.057 562.106,71.106 C561.058,72.155 560.06,72.803 558.662,73.347 C557.607,73.757 556.021,74.244 553.102,74.378 C549.944,74.521 548.997,74.552 541,74.552 C533.003,74.552 532.056,74.521 528.898,74.378 C525.979,74.244 524.393,73.757 523.338,73.347 C521.94,72.803 520.942,72.155 519.894,71.106 C518.846,70.057 518.197,69.06 517.654,67.663 C517.244,66.606 516.755,65.022 516.623,62.101 C516.479,58.943 516.448,57.996 516.448,50 C516.448,42.003 516.479,41.056 516.623,37.899 C516.755,34.978 517.244,33.391 517.654,32.338 C518.197,30.938 518.846,29.942 519.894,28.894 C520.942,27.846 521.94,27.196 523.338,26.654 C524.393,26.244 525.979,25.756 528.898,25.623 C532.057,25.479 533.004,25.448 541,25.448 C548.997,25.448 549.943,25.479 553.102,25.623 C556.021,25.756 557.607,26.244 558.662,26.654 C560.06,27.196 561.058,27.846 562.106,28.894 C563.154,29.942 563.803,30.938 564.346,32.338 C564.756,33.391 565.244,34.978 565.378,37.899 C565.522,41.056 565.552,42.003 565.552,50 C565.552,57.996 565.522,58.943 565.378,62.101 M570.82,37.631 C570.674,34.438 570.167,32.258 569.425,30.349 C568.659,28.377 567.633,26.702 565.965,25.035 C564.297,23.368 562.623,22.342 560.652,21.575 C558.743,20.834 556.562,20.326 553.369,20.18 C550.169,20.033 549.148,20 541,20 C532.853,20 531.831,20.033 528.631,20.18 C525.438,20.326 523.257,20.834 521.349,21.575 C519.376,22.342 517.703,23.368 516.035,25.035 C514.368,26.702 513.342,28.377 512.574,30.349 C511.834,32.258 511.326,34.438 511.181,37.631 C511.035,40.831 511,41.851 511,50 C511,58.147 511.035,59.17 511.181,62.369 C511.326,65.562 511.834,67.743 512.574,69.651 C513.342,71.625 514.368,73.296 516.035,74.965 C517.703,76.634 519.376,77.658 521.349,78.425 C523.257,79.167 525.438,79.673 528.631,79.82 C531.831,79.965 532.853,80.001 541,80.001 C549.148,80.001 550.169,79.965 553.369,79.82 C556.562,79.673 558.743,79.167 560.652,78.425 C562.623,77.658 564.297,76.634 565.965,74.965 C567.633,73.296 568.659,71.625 569.425,69.651 C570.167,67.743 570.674,65.562 570.82,62.369 C570.966,59.17 571,58.147 571,50 C571,41.851 570.966,40.831 570.82,37.631\"><\/path><\/g><\/g><\/g><\/svg><\/div><div style=\"padding-top: 8px;\"> <div style=\" color:#3897f0; font-family:Arial,sans-serif; font-size:14px; font-style:normal; font-weight:550; line-height:18px;\">View this post on Instagram<\/div><\/div><div style=\"padding: 12.5% 0;\"><\/div> <div style=\"display: flex; flex-direction: row; margin-bottom: 14px; align-items: center;\"><div> <div style=\"background-color: #F4F4F4; border-radius: 50%; height: 12.5px; width: 12.5px; transform: translateX(0px) translateY(7px);\"><\/div> <div style=\"background-color: #F4F4F4; height: 12.5px; transform: rotate(-45deg) translateX(3px) translateY(1px); width: 12.5px; flex-grow: 0; margin-right: 14px; margin-left: 2px;\"><\/div> <div style=\"background-color: #F4F4F4; border-radius: 50%; height: 12.5px; width: 12.5px; transform: translateX(9px) translateY(-18px);\"><\/div><\/div><div style=\"margin-left: 8px;\"> <div style=\" background-color: #F4F4F4; border-radius: 50%; flex-grow: 0; height: 20px; width: 20px;\"><\/div> <div style=\" width: 0; height: 0; border-top: 2px solid transparent; border-left: 6px solid #f4f4f4; border-bottom: 2px solid transparent; transform: translateX(16px) translateY(-4px) rotate(30deg)\"><\/div><\/div><div style=\"margin-left: auto;\"> <div style=\" width: 0px; border-top: 8px solid #F4F4F4; border-right: 8px solid transparent; transform: translateY(16px);\"><\/div> <div style=\" background-color: #F4F4F4; flex-grow: 0; height: 12px; width: 16px; transform: translateY(-4px);\"><\/div> <div style=\" width: 0; height: 0; border-top: 8px solid #F4F4F4; border-left: 8px solid transparent; transform: translateY(-4px) translateX(8px);\"><\/div><\/div><\/div> <div style=\"display: flex; flex-direction: column; flex-grow: 1; justify-content: center; margin-bottom: 24px;\"> <div style=\" background-color: #F4F4F4; border-radius: 4px; flex-grow: 0; height: 14px; margin-bottom: 6px; width: 224px;\"><\/div> <div style=\" background-color: #F4F4F4; border-radius: 4px; flex-grow: 0; height: 14px; width: 144px;\"><\/div><\/div><\/a><\/div><\/blockquote><script async src=\"\/\/platform.instagram.com\/en_US\/embeds.js\"><\/script><\/div>\n<\/div><\/figure>\n","protected":false},"excerpt":{"rendered":"<p>Partnerka Micha\u0142a Koterskiego postanowi\u0142a nie kry\u0107 si\u0119 ze swoj\u0105 rado\u015bci\u0105 i poinformowa\u0142a swoich obserwuj\u0105cych o spe\u0142nieniu swojego marzenia. Jej pragnieniem by\u0142o wybra\u0107 si\u0119 do pewnego kraju. Zobaczcie dok\u0105d pojecha\u0142a. Marcela&hellip;<\/p>\n","protected":false},"author":1,"featured_media":396,"comment_status":"open","ping_status":"open","sticky":false,"template":"","format":"standard","meta":{"_jetpack_memberships_contains_paid_content":false,"footnotes":""},"categories":[100],"tags":[26,27],"class_list":["post-391","post","type-post","status-publish","format-standard","has-post-thumbnail","hentry","category-zycie-na-bogato","tag-marcela-koterska","tag-marcela-leszczak"],"yoast_head":"<!-- This site is optimized with the Yoast SEO plugin v27.4 - https:\/\/yoast.com\/product\/yoast-seo-wordpress\/ -->\n<title>Szcz\u0119\u015bliwa Marcela Koterska pisze na Instagramie o spe\u0142nieniu swojego marzenia: &quot;Ja po prostu \u015bni\u0119!&quot;. O jakim marzeniu mowa? - FameSphere<\/title>\n<meta name=\"description\" content=\"\u017bona Micha\u0142a Koterskiego pochwali\u0142a si\u0119 w mediach spo\u0142eczno\u015bciowych spe\u0142nieniem marzenia. Celebrytka wybra\u0142a si\u0119 do popularnego kraju.\" \/>\n<meta name=\"robots\" content=\"index, follow, max-snippet:-1, max-image-preview:large, max-video-preview:-1\" \/>\n<link rel=\"canonical\" href=\"https:\/\/famesphere.pl\/index.php\/2024\/08\/08\/szczesliwa-marcela-koterska-pisze-na-instagramie-o-spelnieniu-swojego-marzenia-ja-po-prostu-snie-o-jakim-marzeniu-mowa\/\" \/>\n<meta property=\"og:locale\" content=\"pl_PL\" \/>\n<meta property=\"og:type\" content=\"article\" \/>\n<meta property=\"og:title\" content=\"Szcz\u0119\u015bliwa Marcela Koterska pisze na Instagramie o spe\u0142nieniu swojego marzenia: &quot;Ja po prostu \u015bni\u0119!&quot;. O jakim marzeniu mowa? - FameSphere\" \/>\n<meta property=\"og:description\" content=\"\u017bona Micha\u0142a Koterskiego pochwali\u0142a si\u0119 w mediach spo\u0142eczno\u015bciowych spe\u0142nieniem marzenia. Celebrytka wybra\u0142a si\u0119 do popularnego kraju.\" \/>\n<meta property=\"og:url\" content=\"https:\/\/famesphere.pl\/index.php\/2024\/08\/08\/szczesliwa-marcela-koterska-pisze-na-instagramie-o-spelnieniu-swojego-marzenia-ja-po-prostu-snie-o-jakim-marzeniu-mowa\/\" \/>\n<meta property=\"og:site_name\" content=\"FameSphere\" \/>\n<meta property=\"article:published_time\" content=\"2024-08-08T23:45:00+00:00\" \/>\n<meta property=\"article:modified_time\" content=\"2026-01-02T15:39:49+00:00\" \/>\n<meta property=\"og:image\" content=\"https:\/\/famesphere.pl\/wp-content\/uploads\/2024\/08\/441160865_18439341355053994_7132195232867850771_n.jpg\" \/>\n\t<meta property=\"og:image:width\" content=\"1080\" \/>\n\t<meta property=\"og:image:height\" content=\"1350\" \/>\n\t<meta property=\"og:image:type\" content=\"image\/jpeg\" \/>\n<meta name=\"author\" content=\"Paula Gajownik\" \/>\n<meta name=\"twitter:card\" content=\"summary_large_image\" \/>\n<meta name=\"twitter:label1\" content=\"Napisane przez\" \/>\n\t<meta name=\"twitter:data1\" content=\"Paula Gajownik\" \/>\n\t<meta name=\"twitter:label2\" content=\"Szacowany czas czytania\" \/>\n\t<meta name=\"twitter:data2\" content=\"2 minuty\" \/>\n<script type=\"application\/ld+json\" class=\"yoast-schema-graph\">{\"@context\":\"https:\\\/\\\/schema.org\",\"@graph\":[{\"@type\":\"Article\",\"@id\":\"https:\\\/\\\/famesphere.pl\\\/index.php\\\/2024\\\/08\\\/08\\\/szczesliwa-marcela-koterska-pisze-na-instagramie-o-spelnieniu-swojego-marzenia-ja-po-prostu-snie-o-jakim-marzeniu-mowa\\\/#article\",\"isPartOf\":{\"@id\":\"https:\\\/\\\/famesphere.pl\\\/index.php\\\/2024\\\/08\\\/08\\\/szczesliwa-marcela-koterska-pisze-na-instagramie-o-spelnieniu-swojego-marzenia-ja-po-prostu-snie-o-jakim-marzeniu-mowa\\\/\"},\"author\":{\"name\":\"Paula Gajownik\",\"@id\":\"https:\\\/\\\/famesphere.pl\\\/#\\\/schema\\\/person\\\/acc9ff3d8fd31e29f6e12403dba892d2\"},\"headline\":\"Szcz\u0119\u015bliwa Marcela Koterska pisze na Instagramie o spe\u0142nieniu swojego marzenia: &#8222;Ja po prostu \u015bni\u0119!&#8221;. O jakim marzeniu mowa?\",\"datePublished\":\"2024-08-08T23:45:00+00:00\",\"dateModified\":\"2026-01-02T15:39:49+00:00\",\"mainEntityOfPage\":{\"@id\":\"https:\\\/\\\/famesphere.pl\\\/index.php\\\/2024\\\/08\\\/08\\\/szczesliwa-marcela-koterska-pisze-na-instagramie-o-spelnieniu-swojego-marzenia-ja-po-prostu-snie-o-jakim-marzeniu-mowa\\\/\"},\"wordCount\":358,\"commentCount\":0,\"publisher\":{\"@id\":\"https:\\\/\\\/famesphere.pl\\\/#\\\/schema\\\/person\\\/acc9ff3d8fd31e29f6e12403dba892d2\"},\"image\":{\"@id\":\"https:\\\/\\\/famesphere.pl\\\/index.php\\\/2024\\\/08\\\/08\\\/szczesliwa-marcela-koterska-pisze-na-instagramie-o-spelnieniu-swojego-marzenia-ja-po-prostu-snie-o-jakim-marzeniu-mowa\\\/#primaryimage\"},\"thumbnailUrl\":\"https:\\\/\\\/famesphere.pl\\\/wp-content\\\/uploads\\\/2024\\\/08\\\/441160865_18439341355053994_7132195232867850771_n.jpg\",\"keywords\":[\"Marcela Koterska\",\"Marcela Leszczak\"],\"articleSection\":[\"\u017bycie na bogato\"],\"inLanguage\":\"pl-PL\",\"potentialAction\":[{\"@type\":\"CommentAction\",\"name\":\"Comment\",\"target\":[\"https:\\\/\\\/famesphere.pl\\\/index.php\\\/2024\\\/08\\\/08\\\/szczesliwa-marcela-koterska-pisze-na-instagramie-o-spelnieniu-swojego-marzenia-ja-po-prostu-snie-o-jakim-marzeniu-mowa\\\/#respond\"]}]},{\"@type\":\"WebPage\",\"@id\":\"https:\\\/\\\/famesphere.pl\\\/index.php\\\/2024\\\/08\\\/08\\\/szczesliwa-marcela-koterska-pisze-na-instagramie-o-spelnieniu-swojego-marzenia-ja-po-prostu-snie-o-jakim-marzeniu-mowa\\\/\",\"url\":\"https:\\\/\\\/famesphere.pl\\\/index.php\\\/2024\\\/08\\\/08\\\/szczesliwa-marcela-koterska-pisze-na-instagramie-o-spelnieniu-swojego-marzenia-ja-po-prostu-snie-o-jakim-marzeniu-mowa\\\/\",\"name\":\"Szcz\u0119\u015bliwa Marcela Koterska pisze na Instagramie o spe\u0142nieniu swojego marzenia: \\\"Ja po prostu \u015bni\u0119!\\\". O jakim marzeniu mowa? - FameSphere\",\"isPartOf\":{\"@id\":\"https:\\\/\\\/famesphere.pl\\\/#website\"},\"primaryImageOfPage\":{\"@id\":\"https:\\\/\\\/famesphere.pl\\\/index.php\\\/2024\\\/08\\\/08\\\/szczesliwa-marcela-koterska-pisze-na-instagramie-o-spelnieniu-swojego-marzenia-ja-po-prostu-snie-o-jakim-marzeniu-mowa\\\/#primaryimage\"},\"image\":{\"@id\":\"https:\\\/\\\/famesphere.pl\\\/index.php\\\/2024\\\/08\\\/08\\\/szczesliwa-marcela-koterska-pisze-na-instagramie-o-spelnieniu-swojego-marzenia-ja-po-prostu-snie-o-jakim-marzeniu-mowa\\\/#primaryimage\"},\"thumbnailUrl\":\"https:\\\/\\\/famesphere.pl\\\/wp-content\\\/uploads\\\/2024\\\/08\\\/441160865_18439341355053994_7132195232867850771_n.jpg\",\"datePublished\":\"2024-08-08T23:45:00+00:00\",\"dateModified\":\"2026-01-02T15:39:49+00:00\",\"description\":\"\u017bona Micha\u0142a Koterskiego pochwali\u0142a si\u0119 w mediach spo\u0142eczno\u015bciowych spe\u0142nieniem marzenia. Celebrytka wybra\u0142a si\u0119 do popularnego kraju.\",\"breadcrumb\":{\"@id\":\"https:\\\/\\\/famesphere.pl\\\/index.php\\\/2024\\\/08\\\/08\\\/szczesliwa-marcela-koterska-pisze-na-instagramie-o-spelnieniu-swojego-marzenia-ja-po-prostu-snie-o-jakim-marzeniu-mowa\\\/#breadcrumb\"},\"inLanguage\":\"pl-PL\",\"potentialAction\":[{\"@type\":\"ReadAction\",\"target\":[\"https:\\\/\\\/famesphere.pl\\\/index.php\\\/2024\\\/08\\\/08\\\/szczesliwa-marcela-koterska-pisze-na-instagramie-o-spelnieniu-swojego-marzenia-ja-po-prostu-snie-o-jakim-marzeniu-mowa\\\/\"]}]},{\"@type\":\"ImageObject\",\"inLanguage\":\"pl-PL\",\"@id\":\"https:\\\/\\\/famesphere.pl\\\/index.php\\\/2024\\\/08\\\/08\\\/szczesliwa-marcela-koterska-pisze-na-instagramie-o-spelnieniu-swojego-marzenia-ja-po-prostu-snie-o-jakim-marzeniu-mowa\\\/#primaryimage\",\"url\":\"https:\\\/\\\/famesphere.pl\\\/wp-content\\\/uploads\\\/2024\\\/08\\\/441160865_18439341355053994_7132195232867850771_n.jpg\",\"contentUrl\":\"https:\\\/\\\/famesphere.pl\\\/wp-content\\\/uploads\\\/2024\\\/08\\\/441160865_18439341355053994_7132195232867850771_n.jpg\",\"width\":1080,\"height\":1350,\"caption\":\"mmmmmm\"},{\"@type\":\"BreadcrumbList\",\"@id\":\"https:\\\/\\\/famesphere.pl\\\/index.php\\\/2024\\\/08\\\/08\\\/szczesliwa-marcela-koterska-pisze-na-instagramie-o-spelnieniu-swojego-marzenia-ja-po-prostu-snie-o-jakim-marzeniu-mowa\\\/#breadcrumb\",\"itemListElement\":[{\"@type\":\"ListItem\",\"position\":1,\"name\":\"Strona g\u0142\u00f3wna\",\"item\":\"https:\\\/\\\/famesphere.pl\\\/\"},{\"@type\":\"ListItem\",\"position\":2,\"name\":\"Szcz\u0119\u015bliwa Marcela Koterska pisze na Instagramie o spe\u0142nieniu swojego marzenia: &#8222;Ja po prostu \u015bni\u0119!&#8221;. O jakim marzeniu mowa?\"}]},{\"@type\":\"WebSite\",\"@id\":\"https:\\\/\\\/famesphere.pl\\\/#website\",\"url\":\"https:\\\/\\\/famesphere.pl\\\/\",\"name\":\"FameSphere\",\"description\":\"Z show-biznesem jeste\u015bmy na bie\u017c\u0105co!\",\"publisher\":{\"@id\":\"https:\\\/\\\/famesphere.pl\\\/#\\\/schema\\\/person\\\/acc9ff3d8fd31e29f6e12403dba892d2\"},\"potentialAction\":[{\"@type\":\"SearchAction\",\"target\":{\"@type\":\"EntryPoint\",\"urlTemplate\":\"https:\\\/\\\/famesphere.pl\\\/?s={search_term_string}\"},\"query-input\":{\"@type\":\"PropertyValueSpecification\",\"valueRequired\":true,\"valueName\":\"search_term_string\"}}],\"inLanguage\":\"pl-PL\"},{\"@type\":[\"Person\",\"Organization\"],\"@id\":\"https:\\\/\\\/famesphere.pl\\\/#\\\/schema\\\/person\\\/acc9ff3d8fd31e29f6e12403dba892d2\",\"name\":\"Paula Gajownik\",\"image\":{\"@type\":\"ImageObject\",\"inLanguage\":\"pl-PL\",\"@id\":\"https:\\\/\\\/famesphere.pl\\\/wp-content\\\/uploads\\\/2024\\\/07\\\/cropped-cropped-DALL\u00b7E-2024-07-16-17.19.05-Create-a-logo-for-a-website-named-FameSphere.-The-logo-should-be-modern-and-sleek-incorporating-elements-that-suggest-fame-and-a-sphere.-Use-a-vibr-2.webp\",\"url\":\"https:\\\/\\\/famesphere.pl\\\/wp-content\\\/uploads\\\/2024\\\/07\\\/cropped-cropped-DALL\u00b7E-2024-07-16-17.19.05-Create-a-logo-for-a-website-named-FameSphere.-The-logo-should-be-modern-and-sleek-incorporating-elements-that-suggest-fame-and-a-sphere.-Use-a-vibr-2.webp\",\"contentUrl\":\"https:\\\/\\\/famesphere.pl\\\/wp-content\\\/uploads\\\/2024\\\/07\\\/cropped-cropped-DALL\u00b7E-2024-07-16-17.19.05-Create-a-logo-for-a-website-named-FameSphere.-The-logo-should-be-modern-and-sleek-incorporating-elements-that-suggest-fame-and-a-sphere.-Use-a-vibr-2.webp\",\"width\":512,\"height\":400,\"caption\":\"Paula Gajownik\"},\"logo\":{\"@id\":\"https:\\\/\\\/famesphere.pl\\\/wp-content\\\/uploads\\\/2024\\\/07\\\/cropped-cropped-DALL\u00b7E-2024-07-16-17.19.05-Create-a-logo-for-a-website-named-FameSphere.-The-logo-should-be-modern-and-sleek-incorporating-elements-that-suggest-fame-and-a-sphere.-Use-a-vibr-2.webp\"},\"description\":\"Redaktor naczelna FameSphere. Absolwentka dziennikarstwa i komunikacji spo\u0142ecznej oraz specjalistka ds. marketingu i PR-u. Prywatnie posiadaczka dw\u00f3ch kr\u00f3lik\u00f3w, kt\u00f3re kocha ponad \u017cycie.\",\"sameAs\":[\"https:\\\/\\\/famesphere.pl\"],\"url\":\"https:\\\/\\\/famesphere.pl\\\/index.php\\\/author\\\/paula\\\/\"}]}<\/script>\n<!-- \/ Yoast SEO plugin. -->","yoast_head_json":{"title":"Szcz\u0119\u015bliwa Marcela Koterska pisze na Instagramie o spe\u0142nieniu swojego marzenia: \"Ja po prostu \u015bni\u0119!\". O jakim marzeniu mowa? - FameSphere","description":"\u017bona Micha\u0142a Koterskiego pochwali\u0142a si\u0119 w mediach spo\u0142eczno\u015bciowych spe\u0142nieniem marzenia. Celebrytka wybra\u0142a si\u0119 do popularnego kraju.","robots":{"index":"index","follow":"follow","max-snippet":"max-snippet:-1","max-image-preview":"max-image-preview:large","max-video-preview":"max-video-preview:-1"},"canonical":"https:\/\/famesphere.pl\/index.php\/2024\/08\/08\/szczesliwa-marcela-koterska-pisze-na-instagramie-o-spelnieniu-swojego-marzenia-ja-po-prostu-snie-o-jakim-marzeniu-mowa\/","og_locale":"pl_PL","og_type":"article","og_title":"Szcz\u0119\u015bliwa Marcela Koterska pisze na Instagramie o spe\u0142nieniu swojego marzenia: \"Ja po prostu \u015bni\u0119!\". O jakim marzeniu mowa? - FameSphere","og_description":"\u017bona Micha\u0142a Koterskiego pochwali\u0142a si\u0119 w mediach spo\u0142eczno\u015bciowych spe\u0142nieniem marzenia. Celebrytka wybra\u0142a si\u0119 do popularnego kraju.","og_url":"https:\/\/famesphere.pl\/index.php\/2024\/08\/08\/szczesliwa-marcela-koterska-pisze-na-instagramie-o-spelnieniu-swojego-marzenia-ja-po-prostu-snie-o-jakim-marzeniu-mowa\/","og_site_name":"FameSphere","article_published_time":"2024-08-08T23:45:00+00:00","article_modified_time":"2026-01-02T15:39:49+00:00","og_image":[{"width":1080,"height":1350,"url":"https:\/\/famesphere.pl\/wp-content\/uploads\/2024\/08\/441160865_18439341355053994_7132195232867850771_n.jpg","type":"image\/jpeg"}],"author":"Paula Gajownik","twitter_card":"summary_large_image","twitter_misc":{"Napisane przez":"Paula Gajownik","Szacowany czas czytania":"2 minuty"},"schema":{"@context":"https:\/\/schema.org","@graph":[{"@type":"Article","@id":"https:\/\/famesphere.pl\/index.php\/2024\/08\/08\/szczesliwa-marcela-koterska-pisze-na-instagramie-o-spelnieniu-swojego-marzenia-ja-po-prostu-snie-o-jakim-marzeniu-mowa\/#article","isPartOf":{"@id":"https:\/\/famesphere.pl\/index.php\/2024\/08\/08\/szczesliwa-marcela-koterska-pisze-na-instagramie-o-spelnieniu-swojego-marzenia-ja-po-prostu-snie-o-jakim-marzeniu-mowa\/"},"author":{"name":"Paula Gajownik","@id":"https:\/\/famesphere.pl\/#\/schema\/person\/acc9ff3d8fd31e29f6e12403dba892d2"},"headline":"Szcz\u0119\u015bliwa Marcela Koterska pisze na Instagramie o spe\u0142nieniu swojego marzenia: &#8222;Ja po prostu \u015bni\u0119!&#8221;. O jakim marzeniu mowa?","datePublished":"2024-08-08T23:45:00+00:00","dateModified":"2026-01-02T15:39:49+00:00","mainEntityOfPage":{"@id":"https:\/\/famesphere.pl\/index.php\/2024\/08\/08\/szczesliwa-marcela-koterska-pisze-na-instagramie-o-spelnieniu-swojego-marzenia-ja-po-prostu-snie-o-jakim-marzeniu-mowa\/"},"wordCount":358,"commentCount":0,"publisher":{"@id":"https:\/\/famesphere.pl\/#\/schema\/person\/acc9ff3d8fd31e29f6e12403dba892d2"},"image":{"@id":"https:\/\/famesphere.pl\/index.php\/2024\/08\/08\/szczesliwa-marcela-koterska-pisze-na-instagramie-o-spelnieniu-swojego-marzenia-ja-po-prostu-snie-o-jakim-marzeniu-mowa\/#primaryimage"},"thumbnailUrl":"https:\/\/famesphere.pl\/wp-content\/uploads\/2024\/08\/441160865_18439341355053994_7132195232867850771_n.jpg","keywords":["Marcela Koterska","Marcela Leszczak"],"articleSection":["\u017bycie na bogato"],"inLanguage":"pl-PL","potentialAction":[{"@type":"CommentAction","name":"Comment","target":["https:\/\/famesphere.pl\/index.php\/2024\/08\/08\/szczesliwa-marcela-koterska-pisze-na-instagramie-o-spelnieniu-swojego-marzenia-ja-po-prostu-snie-o-jakim-marzeniu-mowa\/#respond"]}]},{"@type":"WebPage","@id":"https:\/\/famesphere.pl\/index.php\/2024\/08\/08\/szczesliwa-marcela-koterska-pisze-na-instagramie-o-spelnieniu-swojego-marzenia-ja-po-prostu-snie-o-jakim-marzeniu-mowa\/","url":"https:\/\/famesphere.pl\/index.php\/2024\/08\/08\/szczesliwa-marcela-koterska-pisze-na-instagramie-o-spelnieniu-swojego-marzenia-ja-po-prostu-snie-o-jakim-marzeniu-mowa\/","name":"Szcz\u0119\u015bliwa Marcela Koterska pisze na Instagramie o spe\u0142nieniu swojego marzenia: \"Ja po prostu \u015bni\u0119!\". O jakim marzeniu mowa? - FameSphere","isPartOf":{"@id":"https:\/\/famesphere.pl\/#website"},"primaryImageOfPage":{"@id":"https:\/\/famesphere.pl\/index.php\/2024\/08\/08\/szczesliwa-marcela-koterska-pisze-na-instagramie-o-spelnieniu-swojego-marzenia-ja-po-prostu-snie-o-jakim-marzeniu-mowa\/#primaryimage"},"image":{"@id":"https:\/\/famesphere.pl\/index.php\/2024\/08\/08\/szczesliwa-marcela-koterska-pisze-na-instagramie-o-spelnieniu-swojego-marzenia-ja-po-prostu-snie-o-jakim-marzeniu-mowa\/#primaryimage"},"thumbnailUrl":"https:\/\/famesphere.pl\/wp-content\/uploads\/2024\/08\/441160865_18439341355053994_7132195232867850771_n.jpg","datePublished":"2024-08-08T23:45:00+00:00","dateModified":"2026-01-02T15:39:49+00:00","description":"\u017bona Micha\u0142a Koterskiego pochwali\u0142a si\u0119 w mediach spo\u0142eczno\u015bciowych spe\u0142nieniem marzenia. Celebrytka wybra\u0142a si\u0119 do popularnego kraju.","breadcrumb":{"@id":"https:\/\/famesphere.pl\/index.php\/2024\/08\/08\/szczesliwa-marcela-koterska-pisze-na-instagramie-o-spelnieniu-swojego-marzenia-ja-po-prostu-snie-o-jakim-marzeniu-mowa\/#breadcrumb"},"inLanguage":"pl-PL","potentialAction":[{"@type":"ReadAction","target":["https:\/\/famesphere.pl\/index.php\/2024\/08\/08\/szczesliwa-marcela-koterska-pisze-na-instagramie-o-spelnieniu-swojego-marzenia-ja-po-prostu-snie-o-jakim-marzeniu-mowa\/"]}]},{"@type":"ImageObject","inLanguage":"pl-PL","@id":"https:\/\/famesphere.pl\/index.php\/2024\/08\/08\/szczesliwa-marcela-koterska-pisze-na-instagramie-o-spelnieniu-swojego-marzenia-ja-po-prostu-snie-o-jakim-marzeniu-mowa\/#primaryimage","url":"https:\/\/famesphere.pl\/wp-content\/uploads\/2024\/08\/441160865_18439341355053994_7132195232867850771_n.jpg","contentUrl":"https:\/\/famesphere.pl\/wp-content\/uploads\/2024\/08\/441160865_18439341355053994_7132195232867850771_n.jpg","width":1080,"height":1350,"caption":"mmmmmm"},{"@type":"BreadcrumbList","@id":"https:\/\/famesphere.pl\/index.php\/2024\/08\/08\/szczesliwa-marcela-koterska-pisze-na-instagramie-o-spelnieniu-swojego-marzenia-ja-po-prostu-snie-o-jakim-marzeniu-mowa\/#breadcrumb","itemListElement":[{"@type":"ListItem","position":1,"name":"Strona g\u0142\u00f3wna","item":"https:\/\/famesphere.pl\/"},{"@type":"ListItem","position":2,"name":"Szcz\u0119\u015bliwa Marcela Koterska pisze na Instagramie o spe\u0142nieniu swojego marzenia: &#8222;Ja po prostu \u015bni\u0119!&#8221;. O jakim marzeniu mowa?"}]},{"@type":"WebSite","@id":"https:\/\/famesphere.pl\/#website","url":"https:\/\/famesphere.pl\/","name":"FameSphere","description":"Z show-biznesem jeste\u015bmy na bie\u017c\u0105co!","publisher":{"@id":"https:\/\/famesphere.pl\/#\/schema\/person\/acc9ff3d8fd31e29f6e12403dba892d2"},"potentialAction":[{"@type":"SearchAction","target":{"@type":"EntryPoint","urlTemplate":"https:\/\/famesphere.pl\/?s={search_term_string}"},"query-input":{"@type":"PropertyValueSpecification","valueRequired":true,"valueName":"search_term_string"}}],"inLanguage":"pl-PL"},{"@type":["Person","Organization"],"@id":"https:\/\/famesphere.pl\/#\/schema\/person\/acc9ff3d8fd31e29f6e12403dba892d2","name":"Paula Gajownik","image":{"@type":"ImageObject","inLanguage":"pl-PL","@id":"https:\/\/famesphere.pl\/wp-content\/uploads\/2024\/07\/cropped-cropped-DALL\u00b7E-2024-07-16-17.19.05-Create-a-logo-for-a-website-named-FameSphere.-The-logo-should-be-modern-and-sleek-incorporating-elements-that-suggest-fame-and-a-sphere.-Use-a-vibr-2.webp","url":"https:\/\/famesphere.pl\/wp-content\/uploads\/2024\/07\/cropped-cropped-DALL\u00b7E-2024-07-16-17.19.05-Create-a-logo-for-a-website-named-FameSphere.-The-logo-should-be-modern-and-sleek-incorporating-elements-that-suggest-fame-and-a-sphere.-Use-a-vibr-2.webp","contentUrl":"https:\/\/famesphere.pl\/wp-content\/uploads\/2024\/07\/cropped-cropped-DALL\u00b7E-2024-07-16-17.19.05-Create-a-logo-for-a-website-named-FameSphere.-The-logo-should-be-modern-and-sleek-incorporating-elements-that-suggest-fame-and-a-sphere.-Use-a-vibr-2.webp","width":512,"height":400,"caption":"Paula Gajownik"},"logo":{"@id":"https:\/\/famesphere.pl\/wp-content\/uploads\/2024\/07\/cropped-cropped-DALL\u00b7E-2024-07-16-17.19.05-Create-a-logo-for-a-website-named-FameSphere.-The-logo-should-be-modern-and-sleek-incorporating-elements-that-suggest-fame-and-a-sphere.-Use-a-vibr-2.webp"},"description":"Redaktor naczelna FameSphere. Absolwentka dziennikarstwa i komunikacji spo\u0142ecznej oraz specjalistka ds. marketingu i PR-u. Prywatnie posiadaczka dw\u00f3ch kr\u00f3lik\u00f3w, kt\u00f3re kocha ponad \u017cycie.","sameAs":["https:\/\/famesphere.pl"],"url":"https:\/\/famesphere.pl\/index.php\/author\/paula\/"}]}},"cc_featured_image_caption":{"caption_text":"","source_text":"Marcela Koterska (Instagram: marcelamargerita)","source_url":""},"jetpack_featured_media_url":"https:\/\/famesphere.pl\/wp-content\/uploads\/2024\/08\/441160865_18439341355053994_7132195232867850771_n.jpg","jetpack_sharing_enabled":true,"_links":{"self":[{"href":"https:\/\/famesphere.pl\/index.php\/wp-json\/wp\/v2\/posts\/391","targetHints":{"allow":["GET"]}}],"collection":[{"href":"https:\/\/famesphere.pl\/index.php\/wp-json\/wp\/v2\/posts"}],"about":[{"href":"https:\/\/famesphere.pl\/index.php\/wp-json\/wp\/v2\/types\/post"}],"author":[{"embeddable":true,"href":"https:\/\/famesphere.pl\/index.php\/wp-json\/wp\/v2\/users\/1"}],"replies":[{"embeddable":true,"href":"https:\/\/famesphere.pl\/index.php\/wp-json\/wp\/v2\/comments?post=391"}],"version-history":[{"count":20,"href":"https:\/\/famesphere.pl\/index.php\/wp-json\/wp\/v2\/posts\/391\/revisions"}],"predecessor-version":[{"id":1899,"href":"https:\/\/famesphere.pl\/index.php\/wp-json\/wp\/v2\/posts\/391\/revisions\/1899"}],"wp:featuredmedia":[{"embeddable":true,"href":"https:\/\/famesphere.pl\/index.php\/wp-json\/wp\/v2\/media\/396"}],"wp:attachment":[{"href":"https:\/\/famesphere.pl\/index.php\/wp-json\/wp\/v2\/media?parent=391"}],"wp:term":[{"taxonomy":"category","embeddable":true,"href":"https:\/\/famesphere.pl\/index.php\/wp-json\/wp\/v2\/categories?post=391"},{"taxonomy":"post_tag","embeddable":true,"href":"https:\/\/famesphere.pl\/index.php\/wp-json\/wp\/v2\/tags?post=391"}],"curies":[{"name":"wp","href":"https:\/\/api.w.org\/{rel}","templated":true}]}}