{"id":753,"date":"2024-08-21T23:55:00","date_gmt":"2024-08-21T23:55:00","guid":{"rendered":"https:\/\/famesphere.pl\/?p=753"},"modified":"2025-05-05T17:20:23","modified_gmt":"2025-05-05T17:20:23","slug":"joanna-koroniewska-i-maciej-dowbor-odpowiadaja-na-plotki-dotyczace-wspolnego-prowadzeniu-programu-i-zapewniaja-nie-bedziemy-wyskakiwac-z-lodowki","status":"publish","type":"post","link":"https:\/\/famesphere.pl\/index.php\/2024\/08\/21\/joanna-koroniewska-i-maciej-dowbor-odpowiadaja-na-plotki-dotyczace-wspolnego-prowadzeniu-programu-i-zapewniaja-nie-bedziemy-wyskakiwac-z-lodowki\/","title":{"rendered":"Joanna Koroniewska i Maciej Dowbor odpowiadaj\u0105 na plotki dotycz\u0105ce wsp\u00f3lnego prowadzeniu programu i zapewniaj\u0105: &#8222;Nie b\u0119dziemy wyskakiwa\u0107 z lod\u00f3wki&#8221;"},"content":{"rendered":"\n<p><strong>We wtorek para pojawi\u0142a si\u0119 na pokazie mody w Sopocie, kt\u00f3ry mia\u0142 przypomnie\u0107 o profilaktyce raka. Dziennikarze znajduj\u0105cy si\u0119 na wydarzeniu postanowili zapyta\u0107 ich o to, czy potwierdzaj\u0105 informacje, \u017ce maj\u0105 by\u0107 jedn\u0105 z par prowadz\u0105cych &#8222;Dzie\u0144 Dobry TVN&#8221;. Jak odnie\u015bli si\u0119 do tych wie\u015bci?<\/strong><\/p>\n\n\n\n<p>Joanna Koroniewska oraz Marcin Dowbor to jedna z najbardziej lubianych par rodzimego show-biznesu. Fani doceniaj\u0105 ich za dystans do siebie oraz poczucie humoru, kt\u00f3ry prezentuj\u0105 na swoich mediach spo\u0142eczno\u015bciowych. Ma\u0142\u017ce\u0144stwo nagrywa zabawne rolki na Instagramie, kt\u00f3re ukazuj\u0105 typowe sytuacje z codziennego \u017cycia. Ich dzia\u0142alno\u015b\u0107 w sieci spotyka si\u0119 z pozytywnym odbiorem internaut\u00f3w, kt\u00f3rzy uto\u017csamiaj\u0105 si\u0119 z tre\u015bciami publikowanymi przez influencer\u00f3w.<\/p>\n\n\n\n<p>Wczoraj Joanna Koroniewska oraz Maciej Dowbor wzi\u0119li udzia\u0142 w pokazie mody na pla\u017cy przy Molo w Sopocie. By\u0142 to pokaz, kt\u00f3ry mia\u0142 promowa\u0107 program &#8222;Top Model&#8221; oraz zasygnalizowa\u0107 jak wa\u017cna jest profilaktyka raka u kobiet. Para wyst\u0105pi\u0142a w nim jako modele wybiegowi. Dla aktorki uczestniczenie w wydarzeniu by\u0142o szczeg\u00f3lnie istotne, poniewa\u017c sama do\u015bwiadczy\u0142a w swoim \u017cyciu \u015bmierci bliskiej osoby, kt\u00f3ra zmar\u0142a ponad 20 lat temu na nowotw\u00f3r sutka. Mama Joanny Koroniewskiej odesz\u0142a, gdy aktorka mia\u0142a 22 lata.<\/p>\n\n\n\n<h4 class=\"wp-block-heading\">Joanna Koroniewska oraz Maciej Dowbor komentuj\u0105 doniesienia o wsp\u00f3lnym prowadzeniu programu<\/h4>\n\n\n\n<p>Od pewnego czasu spekulowano, \u017ce para ma razem pracowa\u0107 w programie \u015bniadaniowym stacji TVN. Dziennikarze przybyli na pokaz zapytali samych zainteresowanych jak odnosz\u0105 si\u0119 do tych informacji. Ma\u0142\u017ce\u0144stwo zdecydowanie zaprzeczy\u0142o jakoby mia\u0142o razem budzi\u0107 Polak\u00f3w w porannym programie TVN-u. Oto ich wypowied\u017a dla portalu Pudelek:<\/p>\n\n\n\n<blockquote class=\"wp-block-quote is-layout-flow wp-block-quote-is-layout-flow\">\n<p>Musimy niestety zdementowa\u0107 (informacje o wsp\u00f3lnym prowadzeniu programu &#8211; przyp.red.). Nie planujemy razem pracy. (&#8230;) Na pewno mo\u017cecie by\u0107 pa\u0144stwo pewni: Dowbory nie wyskocz\u0105 nigdy z lod\u00f3wki. (&#8230;) Nie b\u0119dziemy wyskakiwa\u0107. My znamy swoje miejsce w szeregu, jeste\u015bmy pokornymi lud\u017ami. Wbrew temu co si\u0119 o nas cz\u0119sto m\u00f3wi. (&#8230;)<\/p>\n<\/blockquote>\n\n\n\n<figure class=\"wp-block-embed is-type-video is-provider-youtube wp-block-embed-youtube wp-embed-aspect-16-9 wp-has-aspect-ratio\"><div class=\"wp-block-embed__wrapper\">\n<iframe loading=\"lazy\" title=\"TYLKO U NAS! Koroniewska i Dowbor o plotkach dotycz\u0105cych ich wsp\u00f3lnej pracy w \u201eDzie\u0144 Dobry TVN\u201d\" width=\"500\" height=\"281\" src=\"https:\/\/www.youtube.com\/embed\/LafziuvaTi8?feature=oembed\" frameborder=\"0\" allow=\"accelerometer; autoplay; clipboard-write; encrypted-media; gyroscope; picture-in-picture; web-share\" referrerpolicy=\"strict-origin-when-cross-origin\" allowfullscreen><\/iframe>\n<\/div><figcaption class=\"wp-element-caption\">\u0179r\u00f3d\u0142o video: Pudelek<\/figcaption><\/figure>\n\n\n\n<p>W rozmowie z dziennikark\u0105 serwisu Plejada prezenter telewizyjny przyzna\u0142, \u017ce na razie wystarczy im wsp\u00f3lna praca na Instagramie, natomiast 46-latka wyzna\u0142a, \u017ce wed\u0142ug niej s\u0105 osoby bardziej od niej kompetentne, kt\u00f3re powinny prowadzi\u0107 taki program.<\/p>\n\n\n\n<blockquote class=\"wp-block-quote is-layout-flow wp-block-quote-is-layout-flow\">\n<p>Ja nie jestem dziennikark\u0105, ja jestem aktork\u0105. Bardzo lubi\u0119 prowadzi\u0107 te\u017c programy, ale wydaje mi si\u0119, \u017ce s\u0105 osoby do tego wykszta\u0142cone, kt\u00f3re si\u0119 tym zajmuj\u0105 na co dzie\u0144 i kt\u00f3re po prostu sobie w tym lepiej radz\u0105. (&#8230;)<\/p>\n<\/blockquote>\n\n\n\n<figure class=\"wp-block-embed is-type-video is-provider-youtube wp-block-embed-youtube wp-embed-aspect-16-9 wp-has-aspect-ratio\"><div class=\"wp-block-embed__wrapper\">\n<iframe loading=\"lazy\" title=\"Dowborowie poprowadz\u0105 &quot;Dzie\u0144 dobry TVN&quot;? Ma\u0142\u017ce\u0144stwo reaguje na plotki | Plejada\" width=\"500\" height=\"281\" src=\"https:\/\/www.youtube.com\/embed\/qw8qDbVihgQ?feature=oembed\" frameborder=\"0\" allow=\"accelerometer; autoplay; clipboard-write; encrypted-media; gyroscope; picture-in-picture; web-share\" referrerpolicy=\"strict-origin-when-cross-origin\" allowfullscreen><\/iframe>\n<\/div><figcaption class=\"wp-element-caption\">\u0179r\u00f3d\u0142o video: Plejada<\/figcaption><\/figure>\n\n\n\n<p>\u017ba\u0142ujecie, \u017ce nie zobaczycie ich razem na ekranie?<\/p>\n","protected":false},"excerpt":{"rendered":"<p>We wtorek para pojawi\u0142a si\u0119 na pokazie mody w Sopocie, kt\u00f3ry mia\u0142 przypomnie\u0107 o profilaktyce raka. Dziennikarze znajduj\u0105cy si\u0119 na wydarzeniu postanowili zapyta\u0107 ich o to, czy potwierdzaj\u0105 informacje, \u017ce&hellip;<\/p>\n","protected":false},"author":1,"featured_media":822,"comment_status":"open","ping_status":"open","sticky":false,"template":"","format":"standard","meta":{"_jetpack_memberships_contains_paid_content":false,"footnotes":""},"categories":[104],"tags":[53,54],"class_list":["post-753","post","type-post","status-publish","format-standard","has-post-thumbnail","hentry","category-showmix","tag-joanna-koroniewska","tag-maciej-dowbor"],"yoast_head":"<!-- This site is optimized with the Yoast SEO plugin v27.4 - https:\/\/yoast.com\/product\/yoast-seo-wordpress\/ -->\n<title>Joanna Koroniewska i Maciej Dowbor odpowiadaj\u0105 na plotki dotycz\u0105ce wsp\u00f3lnego prowadzeniu programu i zapewniaj\u0105: &quot;Nie b\u0119dziemy wyskakiwa\u0107 z lod\u00f3wki&quot; - FameSphere<\/title>\n<meta name=\"robots\" content=\"index, follow, max-snippet:-1, max-image-preview:large, max-video-preview:-1\" \/>\n<link rel=\"canonical\" href=\"https:\/\/famesphere.pl\/index.php\/2024\/08\/21\/joanna-koroniewska-i-maciej-dowbor-odpowiadaja-na-plotki-dotyczace-wspolnego-prowadzeniu-programu-i-zapewniaja-nie-bedziemy-wyskakiwac-z-lodowki\/\" \/>\n<meta property=\"og:locale\" content=\"pl_PL\" \/>\n<meta property=\"og:type\" content=\"article\" \/>\n<meta property=\"og:title\" content=\"Joanna Koroniewska i Maciej Dowbor odpowiadaj\u0105 na plotki dotycz\u0105ce wsp\u00f3lnego prowadzeniu programu i zapewniaj\u0105: &quot;Nie b\u0119dziemy wyskakiwa\u0107 z lod\u00f3wki&quot; - FameSphere\" \/>\n<meta property=\"og:description\" content=\"We wtorek para pojawi\u0142a si\u0119 na pokazie mody w Sopocie, kt\u00f3ry mia\u0142 przypomnie\u0107 o profilaktyce raka. Dziennikarze znajduj\u0105cy si\u0119 na wydarzeniu postanowili zapyta\u0107 ich o to, czy potwierdzaj\u0105 informacje, \u017ce&hellip;\" \/>\n<meta property=\"og:url\" content=\"https:\/\/famesphere.pl\/index.php\/2024\/08\/21\/joanna-koroniewska-i-maciej-dowbor-odpowiadaja-na-plotki-dotyczace-wspolnego-prowadzeniu-programu-i-zapewniaja-nie-bedziemy-wyskakiwac-z-lodowki\/\" \/>\n<meta property=\"og:site_name\" content=\"FameSphere\" \/>\n<meta property=\"article:published_time\" content=\"2024-08-21T23:55:00+00:00\" \/>\n<meta property=\"article:modified_time\" content=\"2025-05-05T17:20:23+00:00\" \/>\n<meta property=\"og:image\" content=\"https:\/\/famesphere.pl\/wp-content\/uploads\/2024\/08\/SaveClip.App_449635429_18445077085062138_5304017001275258243_n.jpg\" \/>\n\t<meta property=\"og:image:width\" content=\"1080\" \/>\n\t<meta property=\"og:image:height\" content=\"1196\" \/>\n\t<meta property=\"og:image:type\" content=\"image\/jpeg\" \/>\n<meta name=\"author\" content=\"Paula Gajownik\" \/>\n<meta name=\"twitter:card\" content=\"summary_large_image\" \/>\n<meta name=\"twitter:label1\" content=\"Napisane przez\" \/>\n\t<meta name=\"twitter:data1\" content=\"Paula Gajownik\" \/>\n\t<meta name=\"twitter:label2\" content=\"Szacowany czas czytania\" \/>\n\t<meta name=\"twitter:data2\" content=\"2 minuty\" \/>\n<script type=\"application\/ld+json\" class=\"yoast-schema-graph\">{\"@context\":\"https:\\\/\\\/schema.org\",\"@graph\":[{\"@type\":\"Article\",\"@id\":\"https:\\\/\\\/famesphere.pl\\\/index.php\\\/2024\\\/08\\\/21\\\/joanna-koroniewska-i-maciej-dowbor-odpowiadaja-na-plotki-dotyczace-wspolnego-prowadzeniu-programu-i-zapewniaja-nie-bedziemy-wyskakiwac-z-lodowki\\\/#article\",\"isPartOf\":{\"@id\":\"https:\\\/\\\/famesphere.pl\\\/index.php\\\/2024\\\/08\\\/21\\\/joanna-koroniewska-i-maciej-dowbor-odpowiadaja-na-plotki-dotyczace-wspolnego-prowadzeniu-programu-i-zapewniaja-nie-bedziemy-wyskakiwac-z-lodowki\\\/\"},\"author\":{\"name\":\"Paula Gajownik\",\"@id\":\"https:\\\/\\\/famesphere.pl\\\/#\\\/schema\\\/person\\\/acc9ff3d8fd31e29f6e12403dba892d2\"},\"headline\":\"Joanna Koroniewska i Maciej Dowbor odpowiadaj\u0105 na plotki dotycz\u0105ce wsp\u00f3lnego prowadzeniu programu i zapewniaj\u0105: &#8222;Nie b\u0119dziemy wyskakiwa\u0107 z lod\u00f3wki&#8221;\",\"datePublished\":\"2024-08-21T23:55:00+00:00\",\"dateModified\":\"2025-05-05T17:20:23+00:00\",\"mainEntityOfPage\":{\"@id\":\"https:\\\/\\\/famesphere.pl\\\/index.php\\\/2024\\\/08\\\/21\\\/joanna-koroniewska-i-maciej-dowbor-odpowiadaja-na-plotki-dotyczace-wspolnego-prowadzeniu-programu-i-zapewniaja-nie-bedziemy-wyskakiwac-z-lodowki\\\/\"},\"wordCount\":468,\"commentCount\":0,\"publisher\":{\"@id\":\"https:\\\/\\\/famesphere.pl\\\/#\\\/schema\\\/person\\\/acc9ff3d8fd31e29f6e12403dba892d2\"},\"image\":{\"@id\":\"https:\\\/\\\/famesphere.pl\\\/index.php\\\/2024\\\/08\\\/21\\\/joanna-koroniewska-i-maciej-dowbor-odpowiadaja-na-plotki-dotyczace-wspolnego-prowadzeniu-programu-i-zapewniaja-nie-bedziemy-wyskakiwac-z-lodowki\\\/#primaryimage\"},\"thumbnailUrl\":\"https:\\\/\\\/famesphere.pl\\\/wp-content\\\/uploads\\\/2024\\\/08\\\/SaveClip.App_449635429_18445077085062138_5304017001275258243_n.jpg\",\"keywords\":[\"Joanna Koroniewska\",\"Maciej Dowbor\"],\"articleSection\":[\"ShowMix\"],\"inLanguage\":\"pl-PL\",\"potentialAction\":[{\"@type\":\"CommentAction\",\"name\":\"Comment\",\"target\":[\"https:\\\/\\\/famesphere.pl\\\/index.php\\\/2024\\\/08\\\/21\\\/joanna-koroniewska-i-maciej-dowbor-odpowiadaja-na-plotki-dotyczace-wspolnego-prowadzeniu-programu-i-zapewniaja-nie-bedziemy-wyskakiwac-z-lodowki\\\/#respond\"]}]},{\"@type\":\"WebPage\",\"@id\":\"https:\\\/\\\/famesphere.pl\\\/index.php\\\/2024\\\/08\\\/21\\\/joanna-koroniewska-i-maciej-dowbor-odpowiadaja-na-plotki-dotyczace-wspolnego-prowadzeniu-programu-i-zapewniaja-nie-bedziemy-wyskakiwac-z-lodowki\\\/\",\"url\":\"https:\\\/\\\/famesphere.pl\\\/index.php\\\/2024\\\/08\\\/21\\\/joanna-koroniewska-i-maciej-dowbor-odpowiadaja-na-plotki-dotyczace-wspolnego-prowadzeniu-programu-i-zapewniaja-nie-bedziemy-wyskakiwac-z-lodowki\\\/\",\"name\":\"Joanna Koroniewska i Maciej Dowbor odpowiadaj\u0105 na plotki dotycz\u0105ce wsp\u00f3lnego prowadzeniu programu i zapewniaj\u0105: \\\"Nie b\u0119dziemy wyskakiwa\u0107 z lod\u00f3wki\\\" - FameSphere\",\"isPartOf\":{\"@id\":\"https:\\\/\\\/famesphere.pl\\\/#website\"},\"primaryImageOfPage\":{\"@id\":\"https:\\\/\\\/famesphere.pl\\\/index.php\\\/2024\\\/08\\\/21\\\/joanna-koroniewska-i-maciej-dowbor-odpowiadaja-na-plotki-dotyczace-wspolnego-prowadzeniu-programu-i-zapewniaja-nie-bedziemy-wyskakiwac-z-lodowki\\\/#primaryimage\"},\"image\":{\"@id\":\"https:\\\/\\\/famesphere.pl\\\/index.php\\\/2024\\\/08\\\/21\\\/joanna-koroniewska-i-maciej-dowbor-odpowiadaja-na-plotki-dotyczace-wspolnego-prowadzeniu-programu-i-zapewniaja-nie-bedziemy-wyskakiwac-z-lodowki\\\/#primaryimage\"},\"thumbnailUrl\":\"https:\\\/\\\/famesphere.pl\\\/wp-content\\\/uploads\\\/2024\\\/08\\\/SaveClip.App_449635429_18445077085062138_5304017001275258243_n.jpg\",\"datePublished\":\"2024-08-21T23:55:00+00:00\",\"dateModified\":\"2025-05-05T17:20:23+00:00\",\"breadcrumb\":{\"@id\":\"https:\\\/\\\/famesphere.pl\\\/index.php\\\/2024\\\/08\\\/21\\\/joanna-koroniewska-i-maciej-dowbor-odpowiadaja-na-plotki-dotyczace-wspolnego-prowadzeniu-programu-i-zapewniaja-nie-bedziemy-wyskakiwac-z-lodowki\\\/#breadcrumb\"},\"inLanguage\":\"pl-PL\",\"potentialAction\":[{\"@type\":\"ReadAction\",\"target\":[\"https:\\\/\\\/famesphere.pl\\\/index.php\\\/2024\\\/08\\\/21\\\/joanna-koroniewska-i-maciej-dowbor-odpowiadaja-na-plotki-dotyczace-wspolnego-prowadzeniu-programu-i-zapewniaja-nie-bedziemy-wyskakiwac-z-lodowki\\\/\"]}]},{\"@type\":\"ImageObject\",\"inLanguage\":\"pl-PL\",\"@id\":\"https:\\\/\\\/famesphere.pl\\\/index.php\\\/2024\\\/08\\\/21\\\/joanna-koroniewska-i-maciej-dowbor-odpowiadaja-na-plotki-dotyczace-wspolnego-prowadzeniu-programu-i-zapewniaja-nie-bedziemy-wyskakiwac-z-lodowki\\\/#primaryimage\",\"url\":\"https:\\\/\\\/famesphere.pl\\\/wp-content\\\/uploads\\\/2024\\\/08\\\/SaveClip.App_449635429_18445077085062138_5304017001275258243_n.jpg\",\"contentUrl\":\"https:\\\/\\\/famesphere.pl\\\/wp-content\\\/uploads\\\/2024\\\/08\\\/SaveClip.App_449635429_18445077085062138_5304017001275258243_n.jpg\",\"width\":1080,\"height\":1196},{\"@type\":\"BreadcrumbList\",\"@id\":\"https:\\\/\\\/famesphere.pl\\\/index.php\\\/2024\\\/08\\\/21\\\/joanna-koroniewska-i-maciej-dowbor-odpowiadaja-na-plotki-dotyczace-wspolnego-prowadzeniu-programu-i-zapewniaja-nie-bedziemy-wyskakiwac-z-lodowki\\\/#breadcrumb\",\"itemListElement\":[{\"@type\":\"ListItem\",\"position\":1,\"name\":\"Strona g\u0142\u00f3wna\",\"item\":\"https:\\\/\\\/famesphere.pl\\\/\"},{\"@type\":\"ListItem\",\"position\":2,\"name\":\"Joanna Koroniewska i Maciej Dowbor odpowiadaj\u0105 na plotki dotycz\u0105ce wsp\u00f3lnego prowadzeniu programu i zapewniaj\u0105: &#8222;Nie b\u0119dziemy wyskakiwa\u0107 z lod\u00f3wki&#8221;\"}]},{\"@type\":\"WebSite\",\"@id\":\"https:\\\/\\\/famesphere.pl\\\/#website\",\"url\":\"https:\\\/\\\/famesphere.pl\\\/\",\"name\":\"FameSphere\",\"description\":\"Z show-biznesem jeste\u015bmy na bie\u017c\u0105co!\",\"publisher\":{\"@id\":\"https:\\\/\\\/famesphere.pl\\\/#\\\/schema\\\/person\\\/acc9ff3d8fd31e29f6e12403dba892d2\"},\"potentialAction\":[{\"@type\":\"SearchAction\",\"target\":{\"@type\":\"EntryPoint\",\"urlTemplate\":\"https:\\\/\\\/famesphere.pl\\\/?s={search_term_string}\"},\"query-input\":{\"@type\":\"PropertyValueSpecification\",\"valueRequired\":true,\"valueName\":\"search_term_string\"}}],\"inLanguage\":\"pl-PL\"},{\"@type\":[\"Person\",\"Organization\"],\"@id\":\"https:\\\/\\\/famesphere.pl\\\/#\\\/schema\\\/person\\\/acc9ff3d8fd31e29f6e12403dba892d2\",\"name\":\"Paula Gajownik\",\"image\":{\"@type\":\"ImageObject\",\"inLanguage\":\"pl-PL\",\"@id\":\"https:\\\/\\\/famesphere.pl\\\/wp-content\\\/uploads\\\/2024\\\/07\\\/cropped-cropped-DALL\u00b7E-2024-07-16-17.19.05-Create-a-logo-for-a-website-named-FameSphere.-The-logo-should-be-modern-and-sleek-incorporating-elements-that-suggest-fame-and-a-sphere.-Use-a-vibr-2.webp\",\"url\":\"https:\\\/\\\/famesphere.pl\\\/wp-content\\\/uploads\\\/2024\\\/07\\\/cropped-cropped-DALL\u00b7E-2024-07-16-17.19.05-Create-a-logo-for-a-website-named-FameSphere.-The-logo-should-be-modern-and-sleek-incorporating-elements-that-suggest-fame-and-a-sphere.-Use-a-vibr-2.webp\",\"contentUrl\":\"https:\\\/\\\/famesphere.pl\\\/wp-content\\\/uploads\\\/2024\\\/07\\\/cropped-cropped-DALL\u00b7E-2024-07-16-17.19.05-Create-a-logo-for-a-website-named-FameSphere.-The-logo-should-be-modern-and-sleek-incorporating-elements-that-suggest-fame-and-a-sphere.-Use-a-vibr-2.webp\",\"width\":512,\"height\":400,\"caption\":\"Paula Gajownik\"},\"logo\":{\"@id\":\"https:\\\/\\\/famesphere.pl\\\/wp-content\\\/uploads\\\/2024\\\/07\\\/cropped-cropped-DALL\u00b7E-2024-07-16-17.19.05-Create-a-logo-for-a-website-named-FameSphere.-The-logo-should-be-modern-and-sleek-incorporating-elements-that-suggest-fame-and-a-sphere.-Use-a-vibr-2.webp\"},\"description\":\"Redaktor naczelna FameSphere. Absolwentka dziennikarstwa i komunikacji spo\u0142ecznej oraz specjalistka ds. marketingu i PR-u. Prywatnie posiadaczka dw\u00f3ch kr\u00f3lik\u00f3w, kt\u00f3re kocha ponad \u017cycie.\",\"sameAs\":[\"https:\\\/\\\/famesphere.pl\"],\"url\":\"https:\\\/\\\/famesphere.pl\\\/index.php\\\/author\\\/paula\\\/\"}]}<\/script>\n<!-- \/ Yoast SEO plugin. -->","yoast_head_json":{"title":"Joanna Koroniewska i Maciej Dowbor odpowiadaj\u0105 na plotki dotycz\u0105ce wsp\u00f3lnego prowadzeniu programu i zapewniaj\u0105: \"Nie b\u0119dziemy wyskakiwa\u0107 z lod\u00f3wki\" - FameSphere","robots":{"index":"index","follow":"follow","max-snippet":"max-snippet:-1","max-image-preview":"max-image-preview:large","max-video-preview":"max-video-preview:-1"},"canonical":"https:\/\/famesphere.pl\/index.php\/2024\/08\/21\/joanna-koroniewska-i-maciej-dowbor-odpowiadaja-na-plotki-dotyczace-wspolnego-prowadzeniu-programu-i-zapewniaja-nie-bedziemy-wyskakiwac-z-lodowki\/","og_locale":"pl_PL","og_type":"article","og_title":"Joanna Koroniewska i Maciej Dowbor odpowiadaj\u0105 na plotki dotycz\u0105ce wsp\u00f3lnego prowadzeniu programu i zapewniaj\u0105: \"Nie b\u0119dziemy wyskakiwa\u0107 z lod\u00f3wki\" - FameSphere","og_description":"We wtorek para pojawi\u0142a si\u0119 na pokazie mody w Sopocie, kt\u00f3ry mia\u0142 przypomnie\u0107 o profilaktyce raka. Dziennikarze znajduj\u0105cy si\u0119 na wydarzeniu postanowili zapyta\u0107 ich o to, czy potwierdzaj\u0105 informacje, \u017ce&hellip;","og_url":"https:\/\/famesphere.pl\/index.php\/2024\/08\/21\/joanna-koroniewska-i-maciej-dowbor-odpowiadaja-na-plotki-dotyczace-wspolnego-prowadzeniu-programu-i-zapewniaja-nie-bedziemy-wyskakiwac-z-lodowki\/","og_site_name":"FameSphere","article_published_time":"2024-08-21T23:55:00+00:00","article_modified_time":"2025-05-05T17:20:23+00:00","og_image":[{"width":1080,"height":1196,"url":"https:\/\/famesphere.pl\/wp-content\/uploads\/2024\/08\/SaveClip.App_449635429_18445077085062138_5304017001275258243_n.jpg","type":"image\/jpeg"}],"author":"Paula Gajownik","twitter_card":"summary_large_image","twitter_misc":{"Napisane przez":"Paula Gajownik","Szacowany czas czytania":"2 minuty"},"schema":{"@context":"https:\/\/schema.org","@graph":[{"@type":"Article","@id":"https:\/\/famesphere.pl\/index.php\/2024\/08\/21\/joanna-koroniewska-i-maciej-dowbor-odpowiadaja-na-plotki-dotyczace-wspolnego-prowadzeniu-programu-i-zapewniaja-nie-bedziemy-wyskakiwac-z-lodowki\/#article","isPartOf":{"@id":"https:\/\/famesphere.pl\/index.php\/2024\/08\/21\/joanna-koroniewska-i-maciej-dowbor-odpowiadaja-na-plotki-dotyczace-wspolnego-prowadzeniu-programu-i-zapewniaja-nie-bedziemy-wyskakiwac-z-lodowki\/"},"author":{"name":"Paula Gajownik","@id":"https:\/\/famesphere.pl\/#\/schema\/person\/acc9ff3d8fd31e29f6e12403dba892d2"},"headline":"Joanna Koroniewska i Maciej Dowbor odpowiadaj\u0105 na plotki dotycz\u0105ce wsp\u00f3lnego prowadzeniu programu i zapewniaj\u0105: &#8222;Nie b\u0119dziemy wyskakiwa\u0107 z lod\u00f3wki&#8221;","datePublished":"2024-08-21T23:55:00+00:00","dateModified":"2025-05-05T17:20:23+00:00","mainEntityOfPage":{"@id":"https:\/\/famesphere.pl\/index.php\/2024\/08\/21\/joanna-koroniewska-i-maciej-dowbor-odpowiadaja-na-plotki-dotyczace-wspolnego-prowadzeniu-programu-i-zapewniaja-nie-bedziemy-wyskakiwac-z-lodowki\/"},"wordCount":468,"commentCount":0,"publisher":{"@id":"https:\/\/famesphere.pl\/#\/schema\/person\/acc9ff3d8fd31e29f6e12403dba892d2"},"image":{"@id":"https:\/\/famesphere.pl\/index.php\/2024\/08\/21\/joanna-koroniewska-i-maciej-dowbor-odpowiadaja-na-plotki-dotyczace-wspolnego-prowadzeniu-programu-i-zapewniaja-nie-bedziemy-wyskakiwac-z-lodowki\/#primaryimage"},"thumbnailUrl":"https:\/\/famesphere.pl\/wp-content\/uploads\/2024\/08\/SaveClip.App_449635429_18445077085062138_5304017001275258243_n.jpg","keywords":["Joanna Koroniewska","Maciej Dowbor"],"articleSection":["ShowMix"],"inLanguage":"pl-PL","potentialAction":[{"@type":"CommentAction","name":"Comment","target":["https:\/\/famesphere.pl\/index.php\/2024\/08\/21\/joanna-koroniewska-i-maciej-dowbor-odpowiadaja-na-plotki-dotyczace-wspolnego-prowadzeniu-programu-i-zapewniaja-nie-bedziemy-wyskakiwac-z-lodowki\/#respond"]}]},{"@type":"WebPage","@id":"https:\/\/famesphere.pl\/index.php\/2024\/08\/21\/joanna-koroniewska-i-maciej-dowbor-odpowiadaja-na-plotki-dotyczace-wspolnego-prowadzeniu-programu-i-zapewniaja-nie-bedziemy-wyskakiwac-z-lodowki\/","url":"https:\/\/famesphere.pl\/index.php\/2024\/08\/21\/joanna-koroniewska-i-maciej-dowbor-odpowiadaja-na-plotki-dotyczace-wspolnego-prowadzeniu-programu-i-zapewniaja-nie-bedziemy-wyskakiwac-z-lodowki\/","name":"Joanna Koroniewska i Maciej Dowbor odpowiadaj\u0105 na plotki dotycz\u0105ce wsp\u00f3lnego prowadzeniu programu i zapewniaj\u0105: \"Nie b\u0119dziemy wyskakiwa\u0107 z lod\u00f3wki\" - FameSphere","isPartOf":{"@id":"https:\/\/famesphere.pl\/#website"},"primaryImageOfPage":{"@id":"https:\/\/famesphere.pl\/index.php\/2024\/08\/21\/joanna-koroniewska-i-maciej-dowbor-odpowiadaja-na-plotki-dotyczace-wspolnego-prowadzeniu-programu-i-zapewniaja-nie-bedziemy-wyskakiwac-z-lodowki\/#primaryimage"},"image":{"@id":"https:\/\/famesphere.pl\/index.php\/2024\/08\/21\/joanna-koroniewska-i-maciej-dowbor-odpowiadaja-na-plotki-dotyczace-wspolnego-prowadzeniu-programu-i-zapewniaja-nie-bedziemy-wyskakiwac-z-lodowki\/#primaryimage"},"thumbnailUrl":"https:\/\/famesphere.pl\/wp-content\/uploads\/2024\/08\/SaveClip.App_449635429_18445077085062138_5304017001275258243_n.jpg","datePublished":"2024-08-21T23:55:00+00:00","dateModified":"2025-05-05T17:20:23+00:00","breadcrumb":{"@id":"https:\/\/famesphere.pl\/index.php\/2024\/08\/21\/joanna-koroniewska-i-maciej-dowbor-odpowiadaja-na-plotki-dotyczace-wspolnego-prowadzeniu-programu-i-zapewniaja-nie-bedziemy-wyskakiwac-z-lodowki\/#breadcrumb"},"inLanguage":"pl-PL","potentialAction":[{"@type":"ReadAction","target":["https:\/\/famesphere.pl\/index.php\/2024\/08\/21\/joanna-koroniewska-i-maciej-dowbor-odpowiadaja-na-plotki-dotyczace-wspolnego-prowadzeniu-programu-i-zapewniaja-nie-bedziemy-wyskakiwac-z-lodowki\/"]}]},{"@type":"ImageObject","inLanguage":"pl-PL","@id":"https:\/\/famesphere.pl\/index.php\/2024\/08\/21\/joanna-koroniewska-i-maciej-dowbor-odpowiadaja-na-plotki-dotyczace-wspolnego-prowadzeniu-programu-i-zapewniaja-nie-bedziemy-wyskakiwac-z-lodowki\/#primaryimage","url":"https:\/\/famesphere.pl\/wp-content\/uploads\/2024\/08\/SaveClip.App_449635429_18445077085062138_5304017001275258243_n.jpg","contentUrl":"https:\/\/famesphere.pl\/wp-content\/uploads\/2024\/08\/SaveClip.App_449635429_18445077085062138_5304017001275258243_n.jpg","width":1080,"height":1196},{"@type":"BreadcrumbList","@id":"https:\/\/famesphere.pl\/index.php\/2024\/08\/21\/joanna-koroniewska-i-maciej-dowbor-odpowiadaja-na-plotki-dotyczace-wspolnego-prowadzeniu-programu-i-zapewniaja-nie-bedziemy-wyskakiwac-z-lodowki\/#breadcrumb","itemListElement":[{"@type":"ListItem","position":1,"name":"Strona g\u0142\u00f3wna","item":"https:\/\/famesphere.pl\/"},{"@type":"ListItem","position":2,"name":"Joanna Koroniewska i Maciej Dowbor odpowiadaj\u0105 na plotki dotycz\u0105ce wsp\u00f3lnego prowadzeniu programu i zapewniaj\u0105: &#8222;Nie b\u0119dziemy wyskakiwa\u0107 z lod\u00f3wki&#8221;"}]},{"@type":"WebSite","@id":"https:\/\/famesphere.pl\/#website","url":"https:\/\/famesphere.pl\/","name":"FameSphere","description":"Z show-biznesem jeste\u015bmy na bie\u017c\u0105co!","publisher":{"@id":"https:\/\/famesphere.pl\/#\/schema\/person\/acc9ff3d8fd31e29f6e12403dba892d2"},"potentialAction":[{"@type":"SearchAction","target":{"@type":"EntryPoint","urlTemplate":"https:\/\/famesphere.pl\/?s={search_term_string}"},"query-input":{"@type":"PropertyValueSpecification","valueRequired":true,"valueName":"search_term_string"}}],"inLanguage":"pl-PL"},{"@type":["Person","Organization"],"@id":"https:\/\/famesphere.pl\/#\/schema\/person\/acc9ff3d8fd31e29f6e12403dba892d2","name":"Paula Gajownik","image":{"@type":"ImageObject","inLanguage":"pl-PL","@id":"https:\/\/famesphere.pl\/wp-content\/uploads\/2024\/07\/cropped-cropped-DALL\u00b7E-2024-07-16-17.19.05-Create-a-logo-for-a-website-named-FameSphere.-The-logo-should-be-modern-and-sleek-incorporating-elements-that-suggest-fame-and-a-sphere.-Use-a-vibr-2.webp","url":"https:\/\/famesphere.pl\/wp-content\/uploads\/2024\/07\/cropped-cropped-DALL\u00b7E-2024-07-16-17.19.05-Create-a-logo-for-a-website-named-FameSphere.-The-logo-should-be-modern-and-sleek-incorporating-elements-that-suggest-fame-and-a-sphere.-Use-a-vibr-2.webp","contentUrl":"https:\/\/famesphere.pl\/wp-content\/uploads\/2024\/07\/cropped-cropped-DALL\u00b7E-2024-07-16-17.19.05-Create-a-logo-for-a-website-named-FameSphere.-The-logo-should-be-modern-and-sleek-incorporating-elements-that-suggest-fame-and-a-sphere.-Use-a-vibr-2.webp","width":512,"height":400,"caption":"Paula Gajownik"},"logo":{"@id":"https:\/\/famesphere.pl\/wp-content\/uploads\/2024\/07\/cropped-cropped-DALL\u00b7E-2024-07-16-17.19.05-Create-a-logo-for-a-website-named-FameSphere.-The-logo-should-be-modern-and-sleek-incorporating-elements-that-suggest-fame-and-a-sphere.-Use-a-vibr-2.webp"},"description":"Redaktor naczelna FameSphere. Absolwentka dziennikarstwa i komunikacji spo\u0142ecznej oraz specjalistka ds. marketingu i PR-u. Prywatnie posiadaczka dw\u00f3ch kr\u00f3lik\u00f3w, kt\u00f3re kocha ponad \u017cycie.","sameAs":["https:\/\/famesphere.pl"],"url":"https:\/\/famesphere.pl\/index.php\/author\/paula\/"}]}},"cc_featured_image_caption":{"caption_text":"","source_text":"Joanna Koroniewska i Maciej Dowbor (Instagram: joannakoroniewska)","source_url":""},"jetpack_featured_media_url":"https:\/\/famesphere.pl\/wp-content\/uploads\/2024\/08\/SaveClip.App_449635429_18445077085062138_5304017001275258243_n.jpg","jetpack_sharing_enabled":true,"_links":{"self":[{"href":"https:\/\/famesphere.pl\/index.php\/wp-json\/wp\/v2\/posts\/753","targetHints":{"allow":["GET"]}}],"collection":[{"href":"https:\/\/famesphere.pl\/index.php\/wp-json\/wp\/v2\/posts"}],"about":[{"href":"https:\/\/famesphere.pl\/index.php\/wp-json\/wp\/v2\/types\/post"}],"author":[{"embeddable":true,"href":"https:\/\/famesphere.pl\/index.php\/wp-json\/wp\/v2\/users\/1"}],"replies":[{"embeddable":true,"href":"https:\/\/famesphere.pl\/index.php\/wp-json\/wp\/v2\/comments?post=753"}],"version-history":[{"count":15,"href":"https:\/\/famesphere.pl\/index.php\/wp-json\/wp\/v2\/posts\/753\/revisions"}],"predecessor-version":[{"id":845,"href":"https:\/\/famesphere.pl\/index.php\/wp-json\/wp\/v2\/posts\/753\/revisions\/845"}],"wp:featuredmedia":[{"embeddable":true,"href":"https:\/\/famesphere.pl\/index.php\/wp-json\/wp\/v2\/media\/822"}],"wp:attachment":[{"href":"https:\/\/famesphere.pl\/index.php\/wp-json\/wp\/v2\/media?parent=753"}],"wp:term":[{"taxonomy":"category","embeddable":true,"href":"https:\/\/famesphere.pl\/index.php\/wp-json\/wp\/v2\/categories?post=753"},{"taxonomy":"post_tag","embeddable":true,"href":"https:\/\/famesphere.pl\/index.php\/wp-json\/wp\/v2\/tags?post=753"}],"curies":[{"name":"wp","href":"https:\/\/api.w.org\/{rel}","templated":true}]}}