{"id":756,"date":"2024-08-23T23:50:00","date_gmt":"2024-08-23T23:50:00","guid":{"rendered":"https:\/\/famesphere.pl\/?p=756"},"modified":"2025-05-05T10:54:33","modified_gmt":"2025-05-05T10:54:33","slug":"izabella-krzan-ponownie-wspomina-o-robercie-janowskim-padaly-brzydkie-slowa-niemile-komentarze-w-postach","status":"publish","type":"post","link":"https:\/\/famesphere.pl\/index.php\/2024\/08\/23\/izabella-krzan-ponownie-wspomina-o-robercie-janowskim-padaly-brzydkie-slowa-niemile-komentarze-w-postach\/","title":{"rendered":"Izabella Krzan ponownie wspomina o Robercie Janowskim: &#8222;Pada\u0142y brzydkie s\u0142owa, niemi\u0142e komentarze w postach&#8221;"},"content":{"rendered":"\n<p><strong>Prowadz\u0105cy &#8222;Jaka to melodia&#8221; niedawno odni\u00f3s\u0142 si\u0119 do plotek dotycz\u0105cych jego rzekomego z\u0142ego zachowania w stosunku do koleg\u00f3w i kole\u017canek z pracy. Modelka udzieli\u0142a ostatnio kilku wywiad\u00f3w, w kt\u00f3rych ripostuje Roberta Janowskiego. Zaznacza, \u017ce ma dowody na to co m\u00f3wi.<\/strong><\/p>\n\n\n\n<p>Przed Izabell\u0105 Krzan intensywny czas w \u017cyciu zawodowym. Po zwolnieniu z &#8222;Ko\u0142a Fortuny&#8221; los si\u0119 do niej u\u015bmiechn\u0105\u0142 i dosta\u0142a propozycj\u0119 pracy w Kanale Zero u Krzysztofa Stanowskiego. Za\u0142o\u017cyciel youtube&#8217;owego kana\u0142u obsadzi\u0142 j\u0105 w roli wsp\u00f3\u0142prowadz\u0105cej programu &#8222;Pobudka&#8221;. Od niedawna wiadomo tak\u017ce, \u017ce czeka na ni\u0105 nowe wyzwanie zawodowe. Z jej do\u015bwiadczenia telewizyjnego postanowi\u0142a skorzysta\u0107 stacja TVN Style. Fani Izabelli Krzan b\u0119d\u0105 mogli ogl\u0105da\u0107 j\u0105 na \u017cywo w programie &#8222;Dobry wiecz\u00f3r&#8221;. Program emitowany b\u0119dzie od poniedzia\u0142ku do czwartku o godzinie 21:00 na antenie TVN Style. &#8222;Dobry wiecz\u00f3r&#8221; zawita na ekrany telewidz\u00f3w ju\u017c 30 wrze\u015bnia.<\/p>\n\n\n\n<h4 class=\"wp-block-heading\">Izabella Krzan skomentowa\u0142a wypowied\u017a Roberta Janowskiego<\/h4>\n\n\n\n<p>To w\u0142a\u015bnie w porannym programie na kanale Krzysztofa Stanowskiego Miss Polonia powiedzia\u0142a, \u017ce s\u0142ysza\u0142a pog\u0142oski, i\u017c prowadz\u0105cy &#8222;Jaka to melodia&#8221; jest &#8222;bardzo niesympatyczn\u0105 osob\u0105&#8221;. Wed\u0142ug informacji, kt\u00f3re do niej dotar\u0142y, Robert Janowski mia\u0142 r\u00f3wnie\u017c nie chcie\u0107 wej\u015b\u0107 do garderoby, kt\u00f3ra wcze\u015bniej u\u017cywana by\u0142a przez Rafa\u0142a Brzozowskiego.<\/p>\n\n\n\n<figure class=\"wp-block-embed is-type-video is-provider-youtube wp-block-embed-youtube wp-embed-aspect-16-9 wp-has-aspect-ratio\"><div class=\"wp-block-embed__wrapper\">\n<iframe loading=\"lazy\" title=\"IZA KRZAN O ROBERCIE JANOWSKIM\" width=\"422\" height=\"750\" src=\"https:\/\/www.youtube.com\/embed\/E1vXD5L0WUs?feature=oembed\" frameborder=\"0\" allow=\"accelerometer; autoplay; clipboard-write; encrypted-media; gyroscope; picture-in-picture; web-share\" referrerpolicy=\"strict-origin-when-cross-origin\" allowfullscreen><\/iframe>\n<\/div><figcaption class=\"wp-element-caption\">\u0179r\u00f3d\u0142o video: Kana\u0142 Zero<\/figcaption><\/figure>\n\n\n\n<p>Rafa\u0142 Kowalski z magazynu Viva w rozmowie z Izabell\u0105 Krzan wr\u00f3ci\u0142 do afery powsta\u0142ej wok\u00f3\u0142 niej i Roberta Janowskiego. Dziennikarz zapyta\u0142 jak gwiazda ustosunkowuje si\u0119 do zdania nowego jurora The Voice Senior na temat ca\u0142ego zamieszania.<\/p>\n\n\n\n<blockquote class=\"wp-block-quote is-layout-flow wp-block-quote-is-layout-flow\">\n<p>Tam pad\u0142y takie mocne s\u0142owa, uwa\u017cam, od pana Janowskiego: &#8222;mowa nienawi\u015bci&#8221;. No ja bym sobie powiem szczerze \u017cyczy\u0142a, \u017ceby jedyne z\u0142e s\u0142owa jakie w moim kierunku padaj\u0105 to by\u0142o &#8222;bycie niesympatycznym&#8221;. Ja powiedzia\u0142am takie s\u0142owa jakie powiedzia\u0142am, poniewa\u017c zosta\u0142am o to zapytana. Nie jestem osob\u0105, kt\u00f3ra stara si\u0119 generowa\u0107 dramy i hejt i rzeczywi\u015bcie wr\u0119cz czeka\u0107 na to by by\u0107 zapytan\u0105 albo samemu wyj\u015b\u0107 z tak\u0105 inicjatyw\u0105, \u017ce ja chc\u0119 kogo\u015b obrazi\u0107. W \u017cyciu. Zosta\u0142am zapytana czy si\u0119 przyja\u017ani\u0119, powiedzia\u0142am, \u017ce si\u0119 nie przyja\u017animy. Powiedzia\u0142am to co powiedzia\u0142am, ju\u017c nie b\u0119d\u0119 tego powtarza\u0107, bo wszyscy ju\u017c doskonale wiedz\u0105 co tam powiedzia\u0142am, ale nie by\u0142y to na pewno takie s\u0142owa jakie czasami padaj\u0105 czy w komentarzach, czy od innych os\u00f3b. No i c\u00f3\u017c, pan Robert si\u0119 oburzy\u0142. Rozumiem.<\/p>\n<\/blockquote>\n\n\n\n<p>Dziennikarz postanowi\u0142 dopyta\u0107 Krzan o istot\u0119 sprawy. Chodzi\u0142o o to, \u017ce Izabelli z \u0142atwo\u015bci\u0105 przysz\u0142o skierowanie paru s\u0142\u00f3w pod adresem Roberta Janowskiego, cho\u0107 sama nigdy go osobi\u015bcie nie pozna\u0142a. By\u0142a prezenterka programu &#8222;Ko\u0142o fortuny&#8221; wyzna\u0142a, \u017ce zachowa\u0142a sobie screeny wypowiedzi pisanych przez Roberta Janowskiego i jego \u017con\u0119 w sieci.<\/p>\n\n\n\n<figure class=\"wp-block-embed is-type-video is-provider-youtube wp-block-embed-youtube wp-embed-aspect-16-9 wp-has-aspect-ratio\"><div class=\"wp-block-embed__wrapper\">\n<iframe loading=\"lazy\" title=\"Janowski uprzykrza\u0142 jej \u017cycie? Iza Krzan o pocz\u0105tkach pracy w TVP i transferze do TVN\" width=\"500\" height=\"281\" src=\"https:\/\/www.youtube.com\/embed\/Jr70in10JtY?feature=oembed\" frameborder=\"0\" allow=\"accelerometer; autoplay; clipboard-write; encrypted-media; gyroscope; picture-in-picture; web-share\" referrerpolicy=\"strict-origin-when-cross-origin\" allowfullscreen><\/iframe>\n<\/div><figcaption class=\"wp-element-caption\">\u0179r\u00f3d\u0142o video: Viva.pl<\/figcaption><\/figure>\n\n\n\n<blockquote class=\"wp-block-quote is-layout-flow wp-block-quote-is-layout-flow\">\n<p>Pracowa\u0142am przez sze\u015b\u0107 lat w stacji, w kt\u00f3rej ludzie pracowali od dwudziestu czy trzydziestu lat. Czasami gdy s\u0142yszysz to od pi\u0119tnastu os\u00f3b, kt\u00f3re s\u0105 rzeczywi\u015bcie twoimi przyjaci\u00f3\u0142mi, to twierdzisz, \u017ce to mo\u017ce by\u0107 prawda. Ale no nie ukrywajmy, gdy ja zacz\u0119\u0142am prac\u0119 w Telewizji Polskiej pada\u0142y brzydkie s\u0142owa, niemi\u0142e komentarze w postach, kt\u00f3re i pan Janowski, i jego partnerka kierowali w naszym kierunku, wi\u0119c to nie jest do ko\u0144ca tak, \u017ce ja to sobie z palca wyssa\u0142am albo bazowa\u0142am na opinii innych. Mam gdzie\u015b te posty, poscreenowa\u0142am sobie je sprzed lat. Nie mam zamiaru ich wyci\u0105ga\u0107, bo to co by\u0142o, to by\u0142o.<\/p>\n<\/blockquote>\n\n\n\n<p>Cieszycie si\u0119, \u017ce Izabella Krzan wraca do telewizji?<\/p>\n","protected":false},"excerpt":{"rendered":"<p>Prowadz\u0105cy &#8222;Jaka to melodia&#8221; niedawno odni\u00f3s\u0142 si\u0119 do plotek dotycz\u0105cych jego rzekomego z\u0142ego zachowania w stosunku do koleg\u00f3w i kole\u017canek z pracy. Modelka udzieli\u0142a ostatnio kilku wywiad\u00f3w, w kt\u00f3rych ripostuje&hellip;<\/p>\n","protected":false},"author":1,"featured_media":836,"comment_status":"open","ping_status":"open","sticky":false,"template":"","format":"standard","meta":{"_jetpack_memberships_contains_paid_content":false,"footnotes":""},"categories":[97],"tags":[55,32],"class_list":["post-756","post","type-post","status-publish","format-standard","has-post-thumbnail","hentry","category-dramy-i-komentarze","tag-izabella-krzan","tag-robert-janowski"],"yoast_head":"<!-- This site is optimized with the Yoast SEO plugin v27.4 - https:\/\/yoast.com\/product\/yoast-seo-wordpress\/ -->\n<title>Izabella Krzan ponownie wspomina o Robercie Janowskim: &quot;Pada\u0142y brzydkie s\u0142owa, niemi\u0142e komentarze w postach&quot; - FameSphere<\/title>\n<meta name=\"robots\" content=\"index, follow, max-snippet:-1, max-image-preview:large, max-video-preview:-1\" \/>\n<link rel=\"canonical\" href=\"https:\/\/famesphere.pl\/index.php\/2024\/08\/23\/izabella-krzan-ponownie-wspomina-o-robercie-janowskim-padaly-brzydkie-slowa-niemile-komentarze-w-postach\/\" \/>\n<meta property=\"og:locale\" content=\"pl_PL\" \/>\n<meta property=\"og:type\" content=\"article\" \/>\n<meta property=\"og:title\" content=\"Izabella Krzan ponownie wspomina o Robercie Janowskim: &quot;Pada\u0142y brzydkie s\u0142owa, niemi\u0142e komentarze w postach&quot; - FameSphere\" \/>\n<meta property=\"og:description\" content=\"Prowadz\u0105cy &#8222;Jaka to melodia&#8221; niedawno odni\u00f3s\u0142 si\u0119 do plotek dotycz\u0105cych jego rzekomego z\u0142ego zachowania w stosunku do koleg\u00f3w i kole\u017canek z pracy. Modelka udzieli\u0142a ostatnio kilku wywiad\u00f3w, w kt\u00f3rych ripostuje&hellip;\" \/>\n<meta property=\"og:url\" content=\"https:\/\/famesphere.pl\/index.php\/2024\/08\/23\/izabella-krzan-ponownie-wspomina-o-robercie-janowskim-padaly-brzydkie-slowa-niemile-komentarze-w-postach\/\" \/>\n<meta property=\"og:site_name\" content=\"FameSphere\" \/>\n<meta property=\"article:published_time\" content=\"2024-08-23T23:50:00+00:00\" \/>\n<meta property=\"article:modified_time\" content=\"2025-05-05T10:54:33+00:00\" \/>\n<meta property=\"og:image\" content=\"https:\/\/famesphere.pl\/wp-content\/uploads\/2024\/08\/SaveClip.App_449870296_1727301644473042_6230345910033566507_n.jpg\" \/>\n\t<meta property=\"og:image:width\" content=\"1080\" \/>\n\t<meta property=\"og:image:height\" content=\"1249\" \/>\n\t<meta property=\"og:image:type\" content=\"image\/jpeg\" \/>\n<meta name=\"author\" content=\"Paula Gajownik\" \/>\n<meta name=\"twitter:card\" content=\"summary_large_image\" \/>\n<meta name=\"twitter:label1\" content=\"Napisane przez\" \/>\n\t<meta name=\"twitter:data1\" content=\"Paula Gajownik\" \/>\n\t<meta name=\"twitter:label2\" content=\"Szacowany czas czytania\" \/>\n\t<meta name=\"twitter:data2\" content=\"2 minuty\" \/>\n<script type=\"application\/ld+json\" class=\"yoast-schema-graph\">{\"@context\":\"https:\\\/\\\/schema.org\",\"@graph\":[{\"@type\":\"Article\",\"@id\":\"https:\\\/\\\/famesphere.pl\\\/index.php\\\/2024\\\/08\\\/23\\\/izabella-krzan-ponownie-wspomina-o-robercie-janowskim-padaly-brzydkie-slowa-niemile-komentarze-w-postach\\\/#article\",\"isPartOf\":{\"@id\":\"https:\\\/\\\/famesphere.pl\\\/index.php\\\/2024\\\/08\\\/23\\\/izabella-krzan-ponownie-wspomina-o-robercie-janowskim-padaly-brzydkie-slowa-niemile-komentarze-w-postach\\\/\"},\"author\":{\"name\":\"Paula Gajownik\",\"@id\":\"https:\\\/\\\/famesphere.pl\\\/#\\\/schema\\\/person\\\/acc9ff3d8fd31e29f6e12403dba892d2\"},\"headline\":\"Izabella Krzan ponownie wspomina o Robercie Janowskim: &#8222;Pada\u0142y brzydkie s\u0142owa, niemi\u0142e komentarze w postach&#8221;\",\"datePublished\":\"2024-08-23T23:50:00+00:00\",\"dateModified\":\"2025-05-05T10:54:33+00:00\",\"mainEntityOfPage\":{\"@id\":\"https:\\\/\\\/famesphere.pl\\\/index.php\\\/2024\\\/08\\\/23\\\/izabella-krzan-ponownie-wspomina-o-robercie-janowskim-padaly-brzydkie-slowa-niemile-komentarze-w-postach\\\/\"},\"wordCount\":661,\"commentCount\":0,\"publisher\":{\"@id\":\"https:\\\/\\\/famesphere.pl\\\/#\\\/schema\\\/person\\\/acc9ff3d8fd31e29f6e12403dba892d2\"},\"image\":{\"@id\":\"https:\\\/\\\/famesphere.pl\\\/index.php\\\/2024\\\/08\\\/23\\\/izabella-krzan-ponownie-wspomina-o-robercie-janowskim-padaly-brzydkie-slowa-niemile-komentarze-w-postach\\\/#primaryimage\"},\"thumbnailUrl\":\"https:\\\/\\\/famesphere.pl\\\/wp-content\\\/uploads\\\/2024\\\/08\\\/SaveClip.App_449870296_1727301644473042_6230345910033566507_n.jpg\",\"keywords\":[\"Izabella Krzan\",\"Robert Janowski\"],\"articleSection\":[\"Dramy i komentarze\"],\"inLanguage\":\"pl-PL\",\"potentialAction\":[{\"@type\":\"CommentAction\",\"name\":\"Comment\",\"target\":[\"https:\\\/\\\/famesphere.pl\\\/index.php\\\/2024\\\/08\\\/23\\\/izabella-krzan-ponownie-wspomina-o-robercie-janowskim-padaly-brzydkie-slowa-niemile-komentarze-w-postach\\\/#respond\"]}]},{\"@type\":\"WebPage\",\"@id\":\"https:\\\/\\\/famesphere.pl\\\/index.php\\\/2024\\\/08\\\/23\\\/izabella-krzan-ponownie-wspomina-o-robercie-janowskim-padaly-brzydkie-slowa-niemile-komentarze-w-postach\\\/\",\"url\":\"https:\\\/\\\/famesphere.pl\\\/index.php\\\/2024\\\/08\\\/23\\\/izabella-krzan-ponownie-wspomina-o-robercie-janowskim-padaly-brzydkie-slowa-niemile-komentarze-w-postach\\\/\",\"name\":\"Izabella Krzan ponownie wspomina o Robercie Janowskim: \\\"Pada\u0142y brzydkie s\u0142owa, niemi\u0142e komentarze w postach\\\" - FameSphere\",\"isPartOf\":{\"@id\":\"https:\\\/\\\/famesphere.pl\\\/#website\"},\"primaryImageOfPage\":{\"@id\":\"https:\\\/\\\/famesphere.pl\\\/index.php\\\/2024\\\/08\\\/23\\\/izabella-krzan-ponownie-wspomina-o-robercie-janowskim-padaly-brzydkie-slowa-niemile-komentarze-w-postach\\\/#primaryimage\"},\"image\":{\"@id\":\"https:\\\/\\\/famesphere.pl\\\/index.php\\\/2024\\\/08\\\/23\\\/izabella-krzan-ponownie-wspomina-o-robercie-janowskim-padaly-brzydkie-slowa-niemile-komentarze-w-postach\\\/#primaryimage\"},\"thumbnailUrl\":\"https:\\\/\\\/famesphere.pl\\\/wp-content\\\/uploads\\\/2024\\\/08\\\/SaveClip.App_449870296_1727301644473042_6230345910033566507_n.jpg\",\"datePublished\":\"2024-08-23T23:50:00+00:00\",\"dateModified\":\"2025-05-05T10:54:33+00:00\",\"breadcrumb\":{\"@id\":\"https:\\\/\\\/famesphere.pl\\\/index.php\\\/2024\\\/08\\\/23\\\/izabella-krzan-ponownie-wspomina-o-robercie-janowskim-padaly-brzydkie-slowa-niemile-komentarze-w-postach\\\/#breadcrumb\"},\"inLanguage\":\"pl-PL\",\"potentialAction\":[{\"@type\":\"ReadAction\",\"target\":[\"https:\\\/\\\/famesphere.pl\\\/index.php\\\/2024\\\/08\\\/23\\\/izabella-krzan-ponownie-wspomina-o-robercie-janowskim-padaly-brzydkie-slowa-niemile-komentarze-w-postach\\\/\"]}]},{\"@type\":\"ImageObject\",\"inLanguage\":\"pl-PL\",\"@id\":\"https:\\\/\\\/famesphere.pl\\\/index.php\\\/2024\\\/08\\\/23\\\/izabella-krzan-ponownie-wspomina-o-robercie-janowskim-padaly-brzydkie-slowa-niemile-komentarze-w-postach\\\/#primaryimage\",\"url\":\"https:\\\/\\\/famesphere.pl\\\/wp-content\\\/uploads\\\/2024\\\/08\\\/SaveClip.App_449870296_1727301644473042_6230345910033566507_n.jpg\",\"contentUrl\":\"https:\\\/\\\/famesphere.pl\\\/wp-content\\\/uploads\\\/2024\\\/08\\\/SaveClip.App_449870296_1727301644473042_6230345910033566507_n.jpg\",\"width\":1080,\"height\":1249},{\"@type\":\"BreadcrumbList\",\"@id\":\"https:\\\/\\\/famesphere.pl\\\/index.php\\\/2024\\\/08\\\/23\\\/izabella-krzan-ponownie-wspomina-o-robercie-janowskim-padaly-brzydkie-slowa-niemile-komentarze-w-postach\\\/#breadcrumb\",\"itemListElement\":[{\"@type\":\"ListItem\",\"position\":1,\"name\":\"Strona g\u0142\u00f3wna\",\"item\":\"https:\\\/\\\/famesphere.pl\\\/\"},{\"@type\":\"ListItem\",\"position\":2,\"name\":\"Izabella Krzan ponownie wspomina o Robercie Janowskim: &#8222;Pada\u0142y brzydkie s\u0142owa, niemi\u0142e komentarze w postach&#8221;\"}]},{\"@type\":\"WebSite\",\"@id\":\"https:\\\/\\\/famesphere.pl\\\/#website\",\"url\":\"https:\\\/\\\/famesphere.pl\\\/\",\"name\":\"FameSphere\",\"description\":\"Z show-biznesem jeste\u015bmy na bie\u017c\u0105co!\",\"publisher\":{\"@id\":\"https:\\\/\\\/famesphere.pl\\\/#\\\/schema\\\/person\\\/acc9ff3d8fd31e29f6e12403dba892d2\"},\"potentialAction\":[{\"@type\":\"SearchAction\",\"target\":{\"@type\":\"EntryPoint\",\"urlTemplate\":\"https:\\\/\\\/famesphere.pl\\\/?s={search_term_string}\"},\"query-input\":{\"@type\":\"PropertyValueSpecification\",\"valueRequired\":true,\"valueName\":\"search_term_string\"}}],\"inLanguage\":\"pl-PL\"},{\"@type\":[\"Person\",\"Organization\"],\"@id\":\"https:\\\/\\\/famesphere.pl\\\/#\\\/schema\\\/person\\\/acc9ff3d8fd31e29f6e12403dba892d2\",\"name\":\"Paula Gajownik\",\"image\":{\"@type\":\"ImageObject\",\"inLanguage\":\"pl-PL\",\"@id\":\"https:\\\/\\\/famesphere.pl\\\/wp-content\\\/uploads\\\/2024\\\/07\\\/cropped-cropped-DALL\u00b7E-2024-07-16-17.19.05-Create-a-logo-for-a-website-named-FameSphere.-The-logo-should-be-modern-and-sleek-incorporating-elements-that-suggest-fame-and-a-sphere.-Use-a-vibr-2.webp\",\"url\":\"https:\\\/\\\/famesphere.pl\\\/wp-content\\\/uploads\\\/2024\\\/07\\\/cropped-cropped-DALL\u00b7E-2024-07-16-17.19.05-Create-a-logo-for-a-website-named-FameSphere.-The-logo-should-be-modern-and-sleek-incorporating-elements-that-suggest-fame-and-a-sphere.-Use-a-vibr-2.webp\",\"contentUrl\":\"https:\\\/\\\/famesphere.pl\\\/wp-content\\\/uploads\\\/2024\\\/07\\\/cropped-cropped-DALL\u00b7E-2024-07-16-17.19.05-Create-a-logo-for-a-website-named-FameSphere.-The-logo-should-be-modern-and-sleek-incorporating-elements-that-suggest-fame-and-a-sphere.-Use-a-vibr-2.webp\",\"width\":512,\"height\":400,\"caption\":\"Paula Gajownik\"},\"logo\":{\"@id\":\"https:\\\/\\\/famesphere.pl\\\/wp-content\\\/uploads\\\/2024\\\/07\\\/cropped-cropped-DALL\u00b7E-2024-07-16-17.19.05-Create-a-logo-for-a-website-named-FameSphere.-The-logo-should-be-modern-and-sleek-incorporating-elements-that-suggest-fame-and-a-sphere.-Use-a-vibr-2.webp\"},\"description\":\"Redaktor naczelna FameSphere. Absolwentka dziennikarstwa i komunikacji spo\u0142ecznej oraz specjalistka ds. marketingu i PR-u. Prywatnie posiadaczka dw\u00f3ch kr\u00f3lik\u00f3w, kt\u00f3re kocha ponad \u017cycie.\",\"sameAs\":[\"https:\\\/\\\/famesphere.pl\"],\"url\":\"https:\\\/\\\/famesphere.pl\\\/index.php\\\/author\\\/paula\\\/\"}]}<\/script>\n<!-- \/ Yoast SEO plugin. -->","yoast_head_json":{"title":"Izabella Krzan ponownie wspomina o Robercie Janowskim: \"Pada\u0142y brzydkie s\u0142owa, niemi\u0142e komentarze w postach\" - FameSphere","robots":{"index":"index","follow":"follow","max-snippet":"max-snippet:-1","max-image-preview":"max-image-preview:large","max-video-preview":"max-video-preview:-1"},"canonical":"https:\/\/famesphere.pl\/index.php\/2024\/08\/23\/izabella-krzan-ponownie-wspomina-o-robercie-janowskim-padaly-brzydkie-slowa-niemile-komentarze-w-postach\/","og_locale":"pl_PL","og_type":"article","og_title":"Izabella Krzan ponownie wspomina o Robercie Janowskim: \"Pada\u0142y brzydkie s\u0142owa, niemi\u0142e komentarze w postach\" - FameSphere","og_description":"Prowadz\u0105cy &#8222;Jaka to melodia&#8221; niedawno odni\u00f3s\u0142 si\u0119 do plotek dotycz\u0105cych jego rzekomego z\u0142ego zachowania w stosunku do koleg\u00f3w i kole\u017canek z pracy. Modelka udzieli\u0142a ostatnio kilku wywiad\u00f3w, w kt\u00f3rych ripostuje&hellip;","og_url":"https:\/\/famesphere.pl\/index.php\/2024\/08\/23\/izabella-krzan-ponownie-wspomina-o-robercie-janowskim-padaly-brzydkie-slowa-niemile-komentarze-w-postach\/","og_site_name":"FameSphere","article_published_time":"2024-08-23T23:50:00+00:00","article_modified_time":"2025-05-05T10:54:33+00:00","og_image":[{"width":1080,"height":1249,"url":"https:\/\/famesphere.pl\/wp-content\/uploads\/2024\/08\/SaveClip.App_449870296_1727301644473042_6230345910033566507_n.jpg","type":"image\/jpeg"}],"author":"Paula Gajownik","twitter_card":"summary_large_image","twitter_misc":{"Napisane przez":"Paula Gajownik","Szacowany czas czytania":"2 minuty"},"schema":{"@context":"https:\/\/schema.org","@graph":[{"@type":"Article","@id":"https:\/\/famesphere.pl\/index.php\/2024\/08\/23\/izabella-krzan-ponownie-wspomina-o-robercie-janowskim-padaly-brzydkie-slowa-niemile-komentarze-w-postach\/#article","isPartOf":{"@id":"https:\/\/famesphere.pl\/index.php\/2024\/08\/23\/izabella-krzan-ponownie-wspomina-o-robercie-janowskim-padaly-brzydkie-slowa-niemile-komentarze-w-postach\/"},"author":{"name":"Paula Gajownik","@id":"https:\/\/famesphere.pl\/#\/schema\/person\/acc9ff3d8fd31e29f6e12403dba892d2"},"headline":"Izabella Krzan ponownie wspomina o Robercie Janowskim: &#8222;Pada\u0142y brzydkie s\u0142owa, niemi\u0142e komentarze w postach&#8221;","datePublished":"2024-08-23T23:50:00+00:00","dateModified":"2025-05-05T10:54:33+00:00","mainEntityOfPage":{"@id":"https:\/\/famesphere.pl\/index.php\/2024\/08\/23\/izabella-krzan-ponownie-wspomina-o-robercie-janowskim-padaly-brzydkie-slowa-niemile-komentarze-w-postach\/"},"wordCount":661,"commentCount":0,"publisher":{"@id":"https:\/\/famesphere.pl\/#\/schema\/person\/acc9ff3d8fd31e29f6e12403dba892d2"},"image":{"@id":"https:\/\/famesphere.pl\/index.php\/2024\/08\/23\/izabella-krzan-ponownie-wspomina-o-robercie-janowskim-padaly-brzydkie-slowa-niemile-komentarze-w-postach\/#primaryimage"},"thumbnailUrl":"https:\/\/famesphere.pl\/wp-content\/uploads\/2024\/08\/SaveClip.App_449870296_1727301644473042_6230345910033566507_n.jpg","keywords":["Izabella Krzan","Robert Janowski"],"articleSection":["Dramy i komentarze"],"inLanguage":"pl-PL","potentialAction":[{"@type":"CommentAction","name":"Comment","target":["https:\/\/famesphere.pl\/index.php\/2024\/08\/23\/izabella-krzan-ponownie-wspomina-o-robercie-janowskim-padaly-brzydkie-slowa-niemile-komentarze-w-postach\/#respond"]}]},{"@type":"WebPage","@id":"https:\/\/famesphere.pl\/index.php\/2024\/08\/23\/izabella-krzan-ponownie-wspomina-o-robercie-janowskim-padaly-brzydkie-slowa-niemile-komentarze-w-postach\/","url":"https:\/\/famesphere.pl\/index.php\/2024\/08\/23\/izabella-krzan-ponownie-wspomina-o-robercie-janowskim-padaly-brzydkie-slowa-niemile-komentarze-w-postach\/","name":"Izabella Krzan ponownie wspomina o Robercie Janowskim: \"Pada\u0142y brzydkie s\u0142owa, niemi\u0142e komentarze w postach\" - FameSphere","isPartOf":{"@id":"https:\/\/famesphere.pl\/#website"},"primaryImageOfPage":{"@id":"https:\/\/famesphere.pl\/index.php\/2024\/08\/23\/izabella-krzan-ponownie-wspomina-o-robercie-janowskim-padaly-brzydkie-slowa-niemile-komentarze-w-postach\/#primaryimage"},"image":{"@id":"https:\/\/famesphere.pl\/index.php\/2024\/08\/23\/izabella-krzan-ponownie-wspomina-o-robercie-janowskim-padaly-brzydkie-slowa-niemile-komentarze-w-postach\/#primaryimage"},"thumbnailUrl":"https:\/\/famesphere.pl\/wp-content\/uploads\/2024\/08\/SaveClip.App_449870296_1727301644473042_6230345910033566507_n.jpg","datePublished":"2024-08-23T23:50:00+00:00","dateModified":"2025-05-05T10:54:33+00:00","breadcrumb":{"@id":"https:\/\/famesphere.pl\/index.php\/2024\/08\/23\/izabella-krzan-ponownie-wspomina-o-robercie-janowskim-padaly-brzydkie-slowa-niemile-komentarze-w-postach\/#breadcrumb"},"inLanguage":"pl-PL","potentialAction":[{"@type":"ReadAction","target":["https:\/\/famesphere.pl\/index.php\/2024\/08\/23\/izabella-krzan-ponownie-wspomina-o-robercie-janowskim-padaly-brzydkie-slowa-niemile-komentarze-w-postach\/"]}]},{"@type":"ImageObject","inLanguage":"pl-PL","@id":"https:\/\/famesphere.pl\/index.php\/2024\/08\/23\/izabella-krzan-ponownie-wspomina-o-robercie-janowskim-padaly-brzydkie-slowa-niemile-komentarze-w-postach\/#primaryimage","url":"https:\/\/famesphere.pl\/wp-content\/uploads\/2024\/08\/SaveClip.App_449870296_1727301644473042_6230345910033566507_n.jpg","contentUrl":"https:\/\/famesphere.pl\/wp-content\/uploads\/2024\/08\/SaveClip.App_449870296_1727301644473042_6230345910033566507_n.jpg","width":1080,"height":1249},{"@type":"BreadcrumbList","@id":"https:\/\/famesphere.pl\/index.php\/2024\/08\/23\/izabella-krzan-ponownie-wspomina-o-robercie-janowskim-padaly-brzydkie-slowa-niemile-komentarze-w-postach\/#breadcrumb","itemListElement":[{"@type":"ListItem","position":1,"name":"Strona g\u0142\u00f3wna","item":"https:\/\/famesphere.pl\/"},{"@type":"ListItem","position":2,"name":"Izabella Krzan ponownie wspomina o Robercie Janowskim: &#8222;Pada\u0142y brzydkie s\u0142owa, niemi\u0142e komentarze w postach&#8221;"}]},{"@type":"WebSite","@id":"https:\/\/famesphere.pl\/#website","url":"https:\/\/famesphere.pl\/","name":"FameSphere","description":"Z show-biznesem jeste\u015bmy na bie\u017c\u0105co!","publisher":{"@id":"https:\/\/famesphere.pl\/#\/schema\/person\/acc9ff3d8fd31e29f6e12403dba892d2"},"potentialAction":[{"@type":"SearchAction","target":{"@type":"EntryPoint","urlTemplate":"https:\/\/famesphere.pl\/?s={search_term_string}"},"query-input":{"@type":"PropertyValueSpecification","valueRequired":true,"valueName":"search_term_string"}}],"inLanguage":"pl-PL"},{"@type":["Person","Organization"],"@id":"https:\/\/famesphere.pl\/#\/schema\/person\/acc9ff3d8fd31e29f6e12403dba892d2","name":"Paula Gajownik","image":{"@type":"ImageObject","inLanguage":"pl-PL","@id":"https:\/\/famesphere.pl\/wp-content\/uploads\/2024\/07\/cropped-cropped-DALL\u00b7E-2024-07-16-17.19.05-Create-a-logo-for-a-website-named-FameSphere.-The-logo-should-be-modern-and-sleek-incorporating-elements-that-suggest-fame-and-a-sphere.-Use-a-vibr-2.webp","url":"https:\/\/famesphere.pl\/wp-content\/uploads\/2024\/07\/cropped-cropped-DALL\u00b7E-2024-07-16-17.19.05-Create-a-logo-for-a-website-named-FameSphere.-The-logo-should-be-modern-and-sleek-incorporating-elements-that-suggest-fame-and-a-sphere.-Use-a-vibr-2.webp","contentUrl":"https:\/\/famesphere.pl\/wp-content\/uploads\/2024\/07\/cropped-cropped-DALL\u00b7E-2024-07-16-17.19.05-Create-a-logo-for-a-website-named-FameSphere.-The-logo-should-be-modern-and-sleek-incorporating-elements-that-suggest-fame-and-a-sphere.-Use-a-vibr-2.webp","width":512,"height":400,"caption":"Paula Gajownik"},"logo":{"@id":"https:\/\/famesphere.pl\/wp-content\/uploads\/2024\/07\/cropped-cropped-DALL\u00b7E-2024-07-16-17.19.05-Create-a-logo-for-a-website-named-FameSphere.-The-logo-should-be-modern-and-sleek-incorporating-elements-that-suggest-fame-and-a-sphere.-Use-a-vibr-2.webp"},"description":"Redaktor naczelna FameSphere. Absolwentka dziennikarstwa i komunikacji spo\u0142ecznej oraz specjalistka ds. marketingu i PR-u. Prywatnie posiadaczka dw\u00f3ch kr\u00f3lik\u00f3w, kt\u00f3re kocha ponad \u017cycie.","sameAs":["https:\/\/famesphere.pl"],"url":"https:\/\/famesphere.pl\/index.php\/author\/paula\/"}]}},"cc_featured_image_caption":{"caption_text":"","source_text":"Izabella Krzan (Instagram: izabellakrzan)","source_url":""},"jetpack_featured_media_url":"https:\/\/famesphere.pl\/wp-content\/uploads\/2024\/08\/SaveClip.App_449870296_1727301644473042_6230345910033566507_n.jpg","jetpack_sharing_enabled":true,"_links":{"self":[{"href":"https:\/\/famesphere.pl\/index.php\/wp-json\/wp\/v2\/posts\/756","targetHints":{"allow":["GET"]}}],"collection":[{"href":"https:\/\/famesphere.pl\/index.php\/wp-json\/wp\/v2\/posts"}],"about":[{"href":"https:\/\/famesphere.pl\/index.php\/wp-json\/wp\/v2\/types\/post"}],"author":[{"embeddable":true,"href":"https:\/\/famesphere.pl\/index.php\/wp-json\/wp\/v2\/users\/1"}],"replies":[{"embeddable":true,"href":"https:\/\/famesphere.pl\/index.php\/wp-json\/wp\/v2\/comments?post=756"}],"version-history":[{"count":21,"href":"https:\/\/famesphere.pl\/index.php\/wp-json\/wp\/v2\/posts\/756\/revisions"}],"predecessor-version":[{"id":939,"href":"https:\/\/famesphere.pl\/index.php\/wp-json\/wp\/v2\/posts\/756\/revisions\/939"}],"wp:featuredmedia":[{"embeddable":true,"href":"https:\/\/famesphere.pl\/index.php\/wp-json\/wp\/v2\/media\/836"}],"wp:attachment":[{"href":"https:\/\/famesphere.pl\/index.php\/wp-json\/wp\/v2\/media?parent=756"}],"wp:term":[{"taxonomy":"category","embeddable":true,"href":"https:\/\/famesphere.pl\/index.php\/wp-json\/wp\/v2\/categories?post=756"},{"taxonomy":"post_tag","embeddable":true,"href":"https:\/\/famesphere.pl\/index.php\/wp-json\/wp\/v2\/tags?post=756"}],"curies":[{"name":"wp","href":"https:\/\/api.w.org\/{rel}","templated":true}]}}