{"id":874,"date":"2024-08-28T23:55:00","date_gmt":"2024-08-28T23:55:00","guid":{"rendered":"https:\/\/famesphere.pl\/?p=874"},"modified":"2025-05-05T13:26:20","modified_gmt":"2025-05-05T13:26:20","slug":"malgorzata-rozenek-majdan-promuje-kosmetyki-na-instagramie-a-internauci-pisza-reklama-kosmetykow-ktore-maja-wplynac-na-urode-z-jej-udzialem-to-jakis-zart","status":"publish","type":"post","link":"https:\/\/famesphere.pl\/index.php\/2024\/08\/28\/malgorzata-rozenek-majdan-promuje-kosmetyki-na-instagramie-a-internauci-pisza-reklama-kosmetykow-ktore-maja-wplynac-na-urode-z-jej-udzialem-to-jakis-zart\/","title":{"rendered":"Ma\u0142gorzata Rozenek-Majdan promuje kosmetyki na Instagramie, a internauci pisz\u0105: &#8222;Reklama kosmetyk\u00f3w z jej udzia\u0142em to jaki\u015b \u017cart&#8221;"},"content":{"rendered":"\n<p><strong>\u017bona by\u0142ego pi\u0142karza Rados\u0142awa Majdana zareklamowa\u0142a popularn\u0105 mark\u0119 kosmetyk\u00f3w dla kobiet na Instagramie. Dla cz\u0119\u015bci internaut\u00f3w anga\u017cowanie w tego rodzaju reklam\u0119 Ma\u0142gorzat\u0119 Rozenek-Majdan nie budzi zaufania.<\/strong><\/p>\n\n\n\n<p>Ma\u0142gorzata Rozenek-Majdan budzi skrajne emocje w\u015br\u00f3d spo\u0142ecze\u0144stwa. Dla jednych jest kobiet\u0105 sukcesu, kt\u00f3ra ma szcz\u0119\u015bliw\u0105 rodzin\u0119 oraz spe\u0142nia si\u0119 zawodowo, z kolei na innych jej osoba dzia\u0142a jak p\u0142achta na byka. Celebrytka na swoim Instagramie prezentuje momenty ze swoim bliskimi, wyj\u015bcia na du\u017ce wydarzenia oraz nierzadko pokazuje swoj\u0105 wysportowan\u0105 sylwetk\u0119. Cz\u0119sto mierzy si\u0119 z krytyk\u0105 dotycz\u0105c\u0105 jej wygl\u0105du. Por\u00f3wnywana jest tak\u017ce do by\u0142ej partnerki swojego m\u0119\u017ca piosenkarki Dody. Prezenterka telewizyjna nie zwa\u017ca jednak na pe\u0142ne zawi\u015bci komentarze i na przek\u00f3r temu podejmuje projekt za projektem.<\/p>\n\n\n\n<h4 class=\"wp-block-heading\">Ma\u0142gorzata Rozenek-Majdan zosta\u0142a ambasadork\u0105 marki kosmetycznej<\/h4>\n\n\n\n<p>Internauci znale\u017ali kolejn\u0105 okazj\u0119, by wbi\u0107 przys\u0142owiow\u0105 szpil\u0119 Rozenek-Majdan. 46-latka podj\u0119\u0142a wsp\u00f3\u0142prac\u0119 z pewn\u0105 firm\u0105 produkuj\u0105c\u0105 kosmetyki do piel\u0119gnacji sk\u00f3ry i makija\u017cu. W zwi\u0105zku z tym opublikowa\u0142a sponsorowany post polecaj\u0105cy produkty owej marki. Na reakcj\u0119 internaut\u00f3w nie trzeba by\u0142o d\u0142ugo czeka\u0107. Pod wpisem kobiety natychmiast pojawi\u0142y si\u0119 komentarze, kt\u00f3re podwa\u017caj\u0105 wiarygodno\u015b\u0107 reklamy z jej udzia\u0142em. Zdaniem os\u00f3b \u015bledz\u0105cych jej profil ambasadork\u0105 marki powinna zosta\u0107 osoba, kt\u00f3ra nie ingeruje w swoj\u0105 twarz za pomoc\u0105 medycyny estetycznej. Warto wspomnie\u0107, \u017ce Ma\u0142gorzata Rozenek-Majdan nieraz przyzna\u0142a si\u0119, \u017ce rzeczywi\u015bcie korzysta z zabieg\u00f3w, kt\u00f3re poprawiaj\u0105 jej urod\u0119. W jednym z ostatnich wywiad\u00f3w na pytanie dziennikarki jakie zabiegi wykona\u0142a, bez zaj\u0105kni\u0119cia odpowiedzia\u0142a, \u017ce wszystkie. Ma\u0142gorzata Rozenek-Majdan wielokrotnie powiedzia\u0142a, \u017ce nie ma problemu z przyznaniem si\u0119 do tego, \u017ce si\u0119 upi\u0119ksza.<\/p>\n\n\n\n<p>Oto co na temat promowania przez Ma\u0142gorzat\u0119 Rozenek-Majdan kosmetyk\u00f3w s\u0105dz\u0105 internauci (pisownia oryginalna):<\/p>\n\n\n\n<blockquote class=\"wp-block-quote is-layout-flow wp-block-quote-is-layout-flow\">\n<p>totalnie niewiarygodna ambasadorka, kt\u00f3rej wygl\u0105d twarzy to zas\u0142uga medycyny estetycznej. Dla mnie marka pokazuje brak szacunku do swoich klientek i ldaje przekaz &#8211; kupujcie kremy za 350, bo reklamuje je Ma\u0142gorzata kt\u00f3ra tak bardzo kochacie i ma mega zasi\u0119gi ale wiecie \u017ce kremy Clarins i tak opr\u00f3cz nawil\u017cenia nic nie robi\u0105 bo jedyne co dzia\u0142a to medycyna estetyczna. Przykre \u017ce firma Clarins tak traktuje swoje klientki.<\/p>\n<\/blockquote>\n\n\n\n<blockquote class=\"wp-block-quote is-layout-flow wp-block-quote-is-layout-flow\">\n<p>MR bardzo \u0142adna kobieta, ale reklama kosmetyk\u00f3w kt\u00f3re maj\u0105 wp\u0142yn\u0105\u0107 na urod\u0119 z jej udzia\u0142em to jaki\u015b zart, oficjalnie przydaje ze wykona\u0142a mase operacji, naci\u0105gn\u0119\u0142a i poprawi\u0142a wszystko co si\u0119 da. To jak reklama nak\u0142adek na z\u0119by przez osob\u0119 z protez\u0105 \ud83d\ude02<\/p>\n<\/blockquote>\n\n\n\n<blockquote class=\"wp-block-quote is-layout-flow wp-block-quote-is-layout-flow\">\n<p>jak mo\u017cna wybra\u0107 ambasadora marki kobiet\u0119 kt\u00f3rej uroda to nie zas\u0142uga kosmetyk\u00f3w a medycyny estetycznej.To jawne oszustwo.Brak szacunku dla dw\u00f3ch klient\u00f3w.Strzal w kolano dla firmy Clarins.A Pani MR powinna si\u0119 wstydzi\u0107 a nie jawnie oszukiwa\u0107 swoich obserwator\u00f3w\ud83e\udd2e\ud83e\udd2e\ud83e\udd2e<\/p>\n<\/blockquote>\n\n\n\n<figure class=\"wp-block-embed is-type-video is-provider-youtube wp-block-embed-youtube wp-embed-aspect-16-9 wp-has-aspect-ratio\"><div class=\"wp-block-embed__wrapper\">\n<iframe loading=\"lazy\" title=\"Rozenek reaguje na hejt dotycz\u0105cy jej wygl\u0105du. &quot;zrobi\u0142a sobie to i to&quot;\" width=\"500\" height=\"281\" src=\"https:\/\/www.youtube.com\/embed\/AlXOHFa0KVw?feature=oembed\" frameborder=\"0\" allow=\"accelerometer; autoplay; clipboard-write; encrypted-media; gyroscope; picture-in-picture; web-share\" referrerpolicy=\"strict-origin-when-cross-origin\" allowfullscreen><\/iframe>\n<\/div><figcaption class=\"wp-element-caption\">\u0179r\u00f3d\u0142o video: Jastrz\u0105b Post<\/figcaption><\/figure>\n\n\n\n<figure class=\"wp-block-embed is-type-rich is-provider-instagram wp-block-embed-instagram\"><div class=\"wp-block-embed__wrapper\">\n<blockquote class=\"instagram-media\" data-instgrm-captioned data-instgrm-permalink=\"https:\/\/www.instagram.com\/reel\/C_ON2QzIJCB\/?utm_source=ig_embed&amp;utm_campaign=loading\" data-instgrm-version=\"14\" style=\" background:#FFF; border:0; border-radius:3px; box-shadow:0 0 1px 0 rgba(0,0,0,0.5),0 1px 10px 0 rgba(0,0,0,0.15); margin: 1px; max-width:500px; min-width:326px; padding:0; width:99.375%; width:-webkit-calc(100% - 2px); width:calc(100% - 2px);\"><div style=\"padding:16px;\"> <a href=\"https:\/\/www.instagram.com\/reel\/C_ON2QzIJCB\/?utm_source=ig_embed&amp;utm_campaign=loading\" style=\" background:#FFFFFF; line-height:0; padding:0 0; text-align:center; text-decoration:none; width:100%;\" target=\"_blank\"> <div style=\" display: flex; flex-direction: row; align-items: center;\"> <div style=\"background-color: #F4F4F4; border-radius: 50%; flex-grow: 0; height: 40px; margin-right: 14px; width: 40px;\"><\/div> <div style=\"display: flex; flex-direction: column; flex-grow: 1; justify-content: center;\"> <div style=\" background-color: #F4F4F4; border-radius: 4px; flex-grow: 0; height: 14px; margin-bottom: 6px; width: 100px;\"><\/div> <div style=\" background-color: #F4F4F4; border-radius: 4px; flex-grow: 0; height: 14px; width: 60px;\"><\/div><\/div><\/div><div style=\"padding: 19% 0;\"><\/div> <div style=\"display:block; height:50px; margin:0 auto 12px; width:50px;\"><svg width=\"50px\" height=\"50px\" viewBox=\"0 0 60 60\" version=\"1.1\" xmlns=\"https:\/\/www.w3.org\/2000\/svg\" xmlns:xlink=\"https:\/\/www.w3.org\/1999\/xlink\"><g stroke=\"none\" stroke-width=\"1\" fill=\"none\" fill-rule=\"evenodd\"><g transform=\"translate(-511.000000, -20.000000)\" fill=\"#000000\"><g><path d=\"M556.869,30.41 C554.814,30.41 553.148,32.076 553.148,34.131 C553.148,36.186 554.814,37.852 556.869,37.852 C558.924,37.852 560.59,36.186 560.59,34.131 C560.59,32.076 558.924,30.41 556.869,30.41 M541,60.657 C535.114,60.657 530.342,55.887 530.342,50 C530.342,44.114 535.114,39.342 541,39.342 C546.887,39.342 551.658,44.114 551.658,50 C551.658,55.887 546.887,60.657 541,60.657 M541,33.886 C532.1,33.886 524.886,41.1 524.886,50 C524.886,58.899 532.1,66.113 541,66.113 C549.9,66.113 557.115,58.899 557.115,50 C557.115,41.1 549.9,33.886 541,33.886 M565.378,62.101 C565.244,65.022 564.756,66.606 564.346,67.663 C563.803,69.06 563.154,70.057 562.106,71.106 C561.058,72.155 560.06,72.803 558.662,73.347 C557.607,73.757 556.021,74.244 553.102,74.378 C549.944,74.521 548.997,74.552 541,74.552 C533.003,74.552 532.056,74.521 528.898,74.378 C525.979,74.244 524.393,73.757 523.338,73.347 C521.94,72.803 520.942,72.155 519.894,71.106 C518.846,70.057 518.197,69.06 517.654,67.663 C517.244,66.606 516.755,65.022 516.623,62.101 C516.479,58.943 516.448,57.996 516.448,50 C516.448,42.003 516.479,41.056 516.623,37.899 C516.755,34.978 517.244,33.391 517.654,32.338 C518.197,30.938 518.846,29.942 519.894,28.894 C520.942,27.846 521.94,27.196 523.338,26.654 C524.393,26.244 525.979,25.756 528.898,25.623 C532.057,25.479 533.004,25.448 541,25.448 C548.997,25.448 549.943,25.479 553.102,25.623 C556.021,25.756 557.607,26.244 558.662,26.654 C560.06,27.196 561.058,27.846 562.106,28.894 C563.154,29.942 563.803,30.938 564.346,32.338 C564.756,33.391 565.244,34.978 565.378,37.899 C565.522,41.056 565.552,42.003 565.552,50 C565.552,57.996 565.522,58.943 565.378,62.101 M570.82,37.631 C570.674,34.438 570.167,32.258 569.425,30.349 C568.659,28.377 567.633,26.702 565.965,25.035 C564.297,23.368 562.623,22.342 560.652,21.575 C558.743,20.834 556.562,20.326 553.369,20.18 C550.169,20.033 549.148,20 541,20 C532.853,20 531.831,20.033 528.631,20.18 C525.438,20.326 523.257,20.834 521.349,21.575 C519.376,22.342 517.703,23.368 516.035,25.035 C514.368,26.702 513.342,28.377 512.574,30.349 C511.834,32.258 511.326,34.438 511.181,37.631 C511.035,40.831 511,41.851 511,50 C511,58.147 511.035,59.17 511.181,62.369 C511.326,65.562 511.834,67.743 512.574,69.651 C513.342,71.625 514.368,73.296 516.035,74.965 C517.703,76.634 519.376,77.658 521.349,78.425 C523.257,79.167 525.438,79.673 528.631,79.82 C531.831,79.965 532.853,80.001 541,80.001 C549.148,80.001 550.169,79.965 553.369,79.82 C556.562,79.673 558.743,79.167 560.652,78.425 C562.623,77.658 564.297,76.634 565.965,74.965 C567.633,73.296 568.659,71.625 569.425,69.651 C570.167,67.743 570.674,65.562 570.82,62.369 C570.966,59.17 571,58.147 571,50 C571,41.851 570.966,40.831 570.82,37.631\"><\/path><\/g><\/g><\/g><\/svg><\/div><div style=\"padding-top: 8px;\"> <div style=\" color:#3897f0; font-family:Arial,sans-serif; font-size:14px; font-style:normal; font-weight:550; line-height:18px;\">View this post on Instagram<\/div><\/div><div style=\"padding: 12.5% 0;\"><\/div> <div style=\"display: flex; flex-direction: row; margin-bottom: 14px; align-items: center;\"><div> <div style=\"background-color: #F4F4F4; border-radius: 50%; height: 12.5px; width: 12.5px; transform: translateX(0px) translateY(7px);\"><\/div> <div style=\"background-color: #F4F4F4; height: 12.5px; transform: rotate(-45deg) translateX(3px) translateY(1px); width: 12.5px; flex-grow: 0; margin-right: 14px; margin-left: 2px;\"><\/div> <div style=\"background-color: #F4F4F4; border-radius: 50%; height: 12.5px; width: 12.5px; transform: translateX(9px) translateY(-18px);\"><\/div><\/div><div style=\"margin-left: 8px;\"> <div style=\" background-color: #F4F4F4; border-radius: 50%; flex-grow: 0; height: 20px; width: 20px;\"><\/div> <div style=\" width: 0; height: 0; border-top: 2px solid transparent; border-left: 6px solid #f4f4f4; border-bottom: 2px solid transparent; transform: translateX(16px) translateY(-4px) rotate(30deg)\"><\/div><\/div><div style=\"margin-left: auto;\"> <div style=\" width: 0px; border-top: 8px solid #F4F4F4; border-right: 8px solid transparent; transform: translateY(16px);\"><\/div> <div style=\" background-color: #F4F4F4; flex-grow: 0; height: 12px; width: 16px; transform: translateY(-4px);\"><\/div> <div style=\" width: 0; height: 0; border-top: 8px solid #F4F4F4; border-left: 8px solid transparent; transform: translateY(-4px) translateX(8px);\"><\/div><\/div><\/div> <div style=\"display: flex; flex-direction: column; flex-grow: 1; justify-content: center; margin-bottom: 24px;\"> <div style=\" background-color: #F4F4F4; border-radius: 4px; flex-grow: 0; height: 14px; margin-bottom: 6px; width: 224px;\"><\/div> <div style=\" background-color: #F4F4F4; border-radius: 4px; flex-grow: 0; height: 14px; width: 144px;\"><\/div><\/div><\/a><p style=\" color:#c9c8cd; font-family:Arial,sans-serif; font-size:14px; line-height:17px; margin-bottom:0; margin-top:8px; overflow:hidden; padding:8px 0 7px; text-align:center; text-overflow:ellipsis; white-space:nowrap;\"><a href=\"https:\/\/www.instagram.com\/reel\/C_ON2QzIJCB\/?utm_source=ig_embed&amp;utm_campaign=loading\" style=\" color:#c9c8cd; font-family:Arial,sans-serif; font-size:14px; font-style:normal; font-weight:normal; line-height:17px; text-decoration:none;\" target=\"_blank\">A post shared by Ma\u0142gorzata Rozenek-Majdan (@m_rozenek)<\/a><\/p><\/div><\/blockquote><script async src=\"\/\/platform.instagram.com\/en_US\/embeds.js\"><\/script>\n<\/div><\/figure>\n\n\n\n<p>Te\u017c uwa\u017cacie, \u017ce Ma\u0142gorzata Rozenek-Majdan to z\u0142y wyb\u00f3r na ambasadork\u0119 takiej marki?<\/p>\n","protected":false},"excerpt":{"rendered":"<p>\u017bona by\u0142ego pi\u0142karza Rados\u0142awa Majdana zareklamowa\u0142a popularn\u0105 mark\u0119 kosmetyk\u00f3w dla kobiet na Instagramie. Dla cz\u0119\u015bci internaut\u00f3w anga\u017cowanie w tego rodzaju reklam\u0119 Ma\u0142gorzat\u0119 Rozenek-Majdan nie budzi zaufania. Ma\u0142gorzata Rozenek-Majdan budzi skrajne&hellip;<\/p>\n","protected":false},"author":1,"featured_media":877,"comment_status":"open","ping_status":"open","sticky":false,"template":"","format":"standard","meta":{"_jetpack_memberships_contains_paid_content":false,"footnotes":""},"categories":[103],"tags":[58],"class_list":["post-874","post","type-post","status-publish","format-standard","has-post-thumbnail","hentry","category-prosto-z-internetu","tag-malgorzata-rozenek-majdan"],"yoast_head":"<!-- This site is optimized with the Yoast SEO plugin v27.4 - https:\/\/yoast.com\/product\/yoast-seo-wordpress\/ -->\n<title>Ma\u0142gorzata Rozenek-Majdan promuje kosmetyki na Instagramie, a internauci pisz\u0105: &quot;Reklama kosmetyk\u00f3w z jej udzia\u0142em to jaki\u015b \u017cart&quot; - FameSphere<\/title>\n<meta name=\"robots\" content=\"index, follow, max-snippet:-1, max-image-preview:large, max-video-preview:-1\" \/>\n<link rel=\"canonical\" href=\"https:\/\/famesphere.pl\/index.php\/2024\/08\/28\/malgorzata-rozenek-majdan-promuje-kosmetyki-na-instagramie-a-internauci-pisza-reklama-kosmetykow-ktore-maja-wplynac-na-urode-z-jej-udzialem-to-jakis-zart\/\" \/>\n<meta property=\"og:locale\" content=\"pl_PL\" \/>\n<meta property=\"og:type\" content=\"article\" \/>\n<meta property=\"og:title\" content=\"Ma\u0142gorzata Rozenek-Majdan promuje kosmetyki na Instagramie, a internauci pisz\u0105: &quot;Reklama kosmetyk\u00f3w z jej udzia\u0142em to jaki\u015b \u017cart&quot; - FameSphere\" \/>\n<meta property=\"og:description\" content=\"\u017bona by\u0142ego pi\u0142karza Rados\u0142awa Majdana zareklamowa\u0142a popularn\u0105 mark\u0119 kosmetyk\u00f3w dla kobiet na Instagramie. Dla cz\u0119\u015bci internaut\u00f3w anga\u017cowanie w tego rodzaju reklam\u0119 Ma\u0142gorzat\u0119 Rozenek-Majdan nie budzi zaufania. Ma\u0142gorzata Rozenek-Majdan budzi skrajne&hellip;\" \/>\n<meta property=\"og:url\" content=\"https:\/\/famesphere.pl\/index.php\/2024\/08\/28\/malgorzata-rozenek-majdan-promuje-kosmetyki-na-instagramie-a-internauci-pisza-reklama-kosmetykow-ktore-maja-wplynac-na-urode-z-jej-udzialem-to-jakis-zart\/\" \/>\n<meta property=\"og:site_name\" content=\"FameSphere\" \/>\n<meta property=\"article:published_time\" content=\"2024-08-28T23:55:00+00:00\" \/>\n<meta property=\"article:modified_time\" content=\"2025-05-05T13:26:20+00:00\" \/>\n<meta property=\"og:image\" content=\"https:\/\/famesphere.pl\/wp-content\/uploads\/2024\/08\/SaveClip.App_456596141_802811521730657_8200612527928662192_n.jpg\" \/>\n\t<meta property=\"og:image:width\" content=\"1080\" \/>\n\t<meta property=\"og:image:height\" content=\"1350\" \/>\n\t<meta property=\"og:image:type\" content=\"image\/jpeg\" \/>\n<meta name=\"author\" content=\"Paula Gajownik\" \/>\n<meta name=\"twitter:card\" content=\"summary_large_image\" \/>\n<meta name=\"twitter:label1\" content=\"Napisane przez\" \/>\n\t<meta name=\"twitter:data1\" content=\"Paula Gajownik\" \/>\n\t<meta name=\"twitter:label2\" content=\"Szacowany czas czytania\" \/>\n\t<meta name=\"twitter:data2\" content=\"2 minuty\" \/>\n<script type=\"application\/ld+json\" class=\"yoast-schema-graph\">{\"@context\":\"https:\\\/\\\/schema.org\",\"@graph\":[{\"@type\":\"Article\",\"@id\":\"https:\\\/\\\/famesphere.pl\\\/index.php\\\/2024\\\/08\\\/28\\\/malgorzata-rozenek-majdan-promuje-kosmetyki-na-instagramie-a-internauci-pisza-reklama-kosmetykow-ktore-maja-wplynac-na-urode-z-jej-udzialem-to-jakis-zart\\\/#article\",\"isPartOf\":{\"@id\":\"https:\\\/\\\/famesphere.pl\\\/index.php\\\/2024\\\/08\\\/28\\\/malgorzata-rozenek-majdan-promuje-kosmetyki-na-instagramie-a-internauci-pisza-reklama-kosmetykow-ktore-maja-wplynac-na-urode-z-jej-udzialem-to-jakis-zart\\\/\"},\"author\":{\"name\":\"Paula Gajownik\",\"@id\":\"https:\\\/\\\/famesphere.pl\\\/#\\\/schema\\\/person\\\/acc9ff3d8fd31e29f6e12403dba892d2\"},\"headline\":\"Ma\u0142gorzata Rozenek-Majdan promuje kosmetyki na Instagramie, a internauci pisz\u0105: &#8222;Reklama kosmetyk\u00f3w z jej udzia\u0142em to jaki\u015b \u017cart&#8221;\",\"datePublished\":\"2024-08-28T23:55:00+00:00\",\"dateModified\":\"2025-05-05T13:26:20+00:00\",\"mainEntityOfPage\":{\"@id\":\"https:\\\/\\\/famesphere.pl\\\/index.php\\\/2024\\\/08\\\/28\\\/malgorzata-rozenek-majdan-promuje-kosmetyki-na-instagramie-a-internauci-pisza-reklama-kosmetykow-ktore-maja-wplynac-na-urode-z-jej-udzialem-to-jakis-zart\\\/\"},\"wordCount\":557,\"commentCount\":0,\"publisher\":{\"@id\":\"https:\\\/\\\/famesphere.pl\\\/#\\\/schema\\\/person\\\/acc9ff3d8fd31e29f6e12403dba892d2\"},\"image\":{\"@id\":\"https:\\\/\\\/famesphere.pl\\\/index.php\\\/2024\\\/08\\\/28\\\/malgorzata-rozenek-majdan-promuje-kosmetyki-na-instagramie-a-internauci-pisza-reklama-kosmetykow-ktore-maja-wplynac-na-urode-z-jej-udzialem-to-jakis-zart\\\/#primaryimage\"},\"thumbnailUrl\":\"https:\\\/\\\/famesphere.pl\\\/wp-content\\\/uploads\\\/2024\\\/08\\\/SaveClip.App_456596141_802811521730657_8200612527928662192_n.jpg\",\"keywords\":[\"Ma\u0142gorzata Rozenek-Majdan\"],\"articleSection\":[\"Prosto z internetu\"],\"inLanguage\":\"pl-PL\",\"potentialAction\":[{\"@type\":\"CommentAction\",\"name\":\"Comment\",\"target\":[\"https:\\\/\\\/famesphere.pl\\\/index.php\\\/2024\\\/08\\\/28\\\/malgorzata-rozenek-majdan-promuje-kosmetyki-na-instagramie-a-internauci-pisza-reklama-kosmetykow-ktore-maja-wplynac-na-urode-z-jej-udzialem-to-jakis-zart\\\/#respond\"]}]},{\"@type\":\"WebPage\",\"@id\":\"https:\\\/\\\/famesphere.pl\\\/index.php\\\/2024\\\/08\\\/28\\\/malgorzata-rozenek-majdan-promuje-kosmetyki-na-instagramie-a-internauci-pisza-reklama-kosmetykow-ktore-maja-wplynac-na-urode-z-jej-udzialem-to-jakis-zart\\\/\",\"url\":\"https:\\\/\\\/famesphere.pl\\\/index.php\\\/2024\\\/08\\\/28\\\/malgorzata-rozenek-majdan-promuje-kosmetyki-na-instagramie-a-internauci-pisza-reklama-kosmetykow-ktore-maja-wplynac-na-urode-z-jej-udzialem-to-jakis-zart\\\/\",\"name\":\"Ma\u0142gorzata Rozenek-Majdan promuje kosmetyki na Instagramie, a internauci pisz\u0105: \\\"Reklama kosmetyk\u00f3w z jej udzia\u0142em to jaki\u015b \u017cart\\\" - FameSphere\",\"isPartOf\":{\"@id\":\"https:\\\/\\\/famesphere.pl\\\/#website\"},\"primaryImageOfPage\":{\"@id\":\"https:\\\/\\\/famesphere.pl\\\/index.php\\\/2024\\\/08\\\/28\\\/malgorzata-rozenek-majdan-promuje-kosmetyki-na-instagramie-a-internauci-pisza-reklama-kosmetykow-ktore-maja-wplynac-na-urode-z-jej-udzialem-to-jakis-zart\\\/#primaryimage\"},\"image\":{\"@id\":\"https:\\\/\\\/famesphere.pl\\\/index.php\\\/2024\\\/08\\\/28\\\/malgorzata-rozenek-majdan-promuje-kosmetyki-na-instagramie-a-internauci-pisza-reklama-kosmetykow-ktore-maja-wplynac-na-urode-z-jej-udzialem-to-jakis-zart\\\/#primaryimage\"},\"thumbnailUrl\":\"https:\\\/\\\/famesphere.pl\\\/wp-content\\\/uploads\\\/2024\\\/08\\\/SaveClip.App_456596141_802811521730657_8200612527928662192_n.jpg\",\"datePublished\":\"2024-08-28T23:55:00+00:00\",\"dateModified\":\"2025-05-05T13:26:20+00:00\",\"breadcrumb\":{\"@id\":\"https:\\\/\\\/famesphere.pl\\\/index.php\\\/2024\\\/08\\\/28\\\/malgorzata-rozenek-majdan-promuje-kosmetyki-na-instagramie-a-internauci-pisza-reklama-kosmetykow-ktore-maja-wplynac-na-urode-z-jej-udzialem-to-jakis-zart\\\/#breadcrumb\"},\"inLanguage\":\"pl-PL\",\"potentialAction\":[{\"@type\":\"ReadAction\",\"target\":[\"https:\\\/\\\/famesphere.pl\\\/index.php\\\/2024\\\/08\\\/28\\\/malgorzata-rozenek-majdan-promuje-kosmetyki-na-instagramie-a-internauci-pisza-reklama-kosmetykow-ktore-maja-wplynac-na-urode-z-jej-udzialem-to-jakis-zart\\\/\"]}]},{\"@type\":\"ImageObject\",\"inLanguage\":\"pl-PL\",\"@id\":\"https:\\\/\\\/famesphere.pl\\\/index.php\\\/2024\\\/08\\\/28\\\/malgorzata-rozenek-majdan-promuje-kosmetyki-na-instagramie-a-internauci-pisza-reklama-kosmetykow-ktore-maja-wplynac-na-urode-z-jej-udzialem-to-jakis-zart\\\/#primaryimage\",\"url\":\"https:\\\/\\\/famesphere.pl\\\/wp-content\\\/uploads\\\/2024\\\/08\\\/SaveClip.App_456596141_802811521730657_8200612527928662192_n.jpg\",\"contentUrl\":\"https:\\\/\\\/famesphere.pl\\\/wp-content\\\/uploads\\\/2024\\\/08\\\/SaveClip.App_456596141_802811521730657_8200612527928662192_n.jpg\",\"width\":1080,\"height\":1350},{\"@type\":\"BreadcrumbList\",\"@id\":\"https:\\\/\\\/famesphere.pl\\\/index.php\\\/2024\\\/08\\\/28\\\/malgorzata-rozenek-majdan-promuje-kosmetyki-na-instagramie-a-internauci-pisza-reklama-kosmetykow-ktore-maja-wplynac-na-urode-z-jej-udzialem-to-jakis-zart\\\/#breadcrumb\",\"itemListElement\":[{\"@type\":\"ListItem\",\"position\":1,\"name\":\"Strona g\u0142\u00f3wna\",\"item\":\"https:\\\/\\\/famesphere.pl\\\/\"},{\"@type\":\"ListItem\",\"position\":2,\"name\":\"Ma\u0142gorzata Rozenek-Majdan promuje kosmetyki na Instagramie, a internauci pisz\u0105: &#8222;Reklama kosmetyk\u00f3w z jej udzia\u0142em to jaki\u015b \u017cart&#8221;\"}]},{\"@type\":\"WebSite\",\"@id\":\"https:\\\/\\\/famesphere.pl\\\/#website\",\"url\":\"https:\\\/\\\/famesphere.pl\\\/\",\"name\":\"FameSphere\",\"description\":\"Z show-biznesem jeste\u015bmy na bie\u017c\u0105co!\",\"publisher\":{\"@id\":\"https:\\\/\\\/famesphere.pl\\\/#\\\/schema\\\/person\\\/acc9ff3d8fd31e29f6e12403dba892d2\"},\"potentialAction\":[{\"@type\":\"SearchAction\",\"target\":{\"@type\":\"EntryPoint\",\"urlTemplate\":\"https:\\\/\\\/famesphere.pl\\\/?s={search_term_string}\"},\"query-input\":{\"@type\":\"PropertyValueSpecification\",\"valueRequired\":true,\"valueName\":\"search_term_string\"}}],\"inLanguage\":\"pl-PL\"},{\"@type\":[\"Person\",\"Organization\"],\"@id\":\"https:\\\/\\\/famesphere.pl\\\/#\\\/schema\\\/person\\\/acc9ff3d8fd31e29f6e12403dba892d2\",\"name\":\"Paula Gajownik\",\"image\":{\"@type\":\"ImageObject\",\"inLanguage\":\"pl-PL\",\"@id\":\"https:\\\/\\\/famesphere.pl\\\/wp-content\\\/uploads\\\/2024\\\/07\\\/cropped-cropped-DALL\u00b7E-2024-07-16-17.19.05-Create-a-logo-for-a-website-named-FameSphere.-The-logo-should-be-modern-and-sleek-incorporating-elements-that-suggest-fame-and-a-sphere.-Use-a-vibr-2.webp\",\"url\":\"https:\\\/\\\/famesphere.pl\\\/wp-content\\\/uploads\\\/2024\\\/07\\\/cropped-cropped-DALL\u00b7E-2024-07-16-17.19.05-Create-a-logo-for-a-website-named-FameSphere.-The-logo-should-be-modern-and-sleek-incorporating-elements-that-suggest-fame-and-a-sphere.-Use-a-vibr-2.webp\",\"contentUrl\":\"https:\\\/\\\/famesphere.pl\\\/wp-content\\\/uploads\\\/2024\\\/07\\\/cropped-cropped-DALL\u00b7E-2024-07-16-17.19.05-Create-a-logo-for-a-website-named-FameSphere.-The-logo-should-be-modern-and-sleek-incorporating-elements-that-suggest-fame-and-a-sphere.-Use-a-vibr-2.webp\",\"width\":512,\"height\":400,\"caption\":\"Paula Gajownik\"},\"logo\":{\"@id\":\"https:\\\/\\\/famesphere.pl\\\/wp-content\\\/uploads\\\/2024\\\/07\\\/cropped-cropped-DALL\u00b7E-2024-07-16-17.19.05-Create-a-logo-for-a-website-named-FameSphere.-The-logo-should-be-modern-and-sleek-incorporating-elements-that-suggest-fame-and-a-sphere.-Use-a-vibr-2.webp\"},\"description\":\"Redaktor naczelna FameSphere. Absolwentka dziennikarstwa i komunikacji spo\u0142ecznej oraz specjalistka ds. marketingu i PR-u. Prywatnie posiadaczka dw\u00f3ch kr\u00f3lik\u00f3w, kt\u00f3re kocha ponad \u017cycie.\",\"sameAs\":[\"https:\\\/\\\/famesphere.pl\"],\"url\":\"https:\\\/\\\/famesphere.pl\\\/index.php\\\/author\\\/paula\\\/\"}]}<\/script>\n<!-- \/ Yoast SEO plugin. -->","yoast_head_json":{"title":"Ma\u0142gorzata Rozenek-Majdan promuje kosmetyki na Instagramie, a internauci pisz\u0105: \"Reklama kosmetyk\u00f3w z jej udzia\u0142em to jaki\u015b \u017cart\" - FameSphere","robots":{"index":"index","follow":"follow","max-snippet":"max-snippet:-1","max-image-preview":"max-image-preview:large","max-video-preview":"max-video-preview:-1"},"canonical":"https:\/\/famesphere.pl\/index.php\/2024\/08\/28\/malgorzata-rozenek-majdan-promuje-kosmetyki-na-instagramie-a-internauci-pisza-reklama-kosmetykow-ktore-maja-wplynac-na-urode-z-jej-udzialem-to-jakis-zart\/","og_locale":"pl_PL","og_type":"article","og_title":"Ma\u0142gorzata Rozenek-Majdan promuje kosmetyki na Instagramie, a internauci pisz\u0105: \"Reklama kosmetyk\u00f3w z jej udzia\u0142em to jaki\u015b \u017cart\" - FameSphere","og_description":"\u017bona by\u0142ego pi\u0142karza Rados\u0142awa Majdana zareklamowa\u0142a popularn\u0105 mark\u0119 kosmetyk\u00f3w dla kobiet na Instagramie. Dla cz\u0119\u015bci internaut\u00f3w anga\u017cowanie w tego rodzaju reklam\u0119 Ma\u0142gorzat\u0119 Rozenek-Majdan nie budzi zaufania. Ma\u0142gorzata Rozenek-Majdan budzi skrajne&hellip;","og_url":"https:\/\/famesphere.pl\/index.php\/2024\/08\/28\/malgorzata-rozenek-majdan-promuje-kosmetyki-na-instagramie-a-internauci-pisza-reklama-kosmetykow-ktore-maja-wplynac-na-urode-z-jej-udzialem-to-jakis-zart\/","og_site_name":"FameSphere","article_published_time":"2024-08-28T23:55:00+00:00","article_modified_time":"2025-05-05T13:26:20+00:00","og_image":[{"width":1080,"height":1350,"url":"https:\/\/famesphere.pl\/wp-content\/uploads\/2024\/08\/SaveClip.App_456596141_802811521730657_8200612527928662192_n.jpg","type":"image\/jpeg"}],"author":"Paula Gajownik","twitter_card":"summary_large_image","twitter_misc":{"Napisane przez":"Paula Gajownik","Szacowany czas czytania":"2 minuty"},"schema":{"@context":"https:\/\/schema.org","@graph":[{"@type":"Article","@id":"https:\/\/famesphere.pl\/index.php\/2024\/08\/28\/malgorzata-rozenek-majdan-promuje-kosmetyki-na-instagramie-a-internauci-pisza-reklama-kosmetykow-ktore-maja-wplynac-na-urode-z-jej-udzialem-to-jakis-zart\/#article","isPartOf":{"@id":"https:\/\/famesphere.pl\/index.php\/2024\/08\/28\/malgorzata-rozenek-majdan-promuje-kosmetyki-na-instagramie-a-internauci-pisza-reklama-kosmetykow-ktore-maja-wplynac-na-urode-z-jej-udzialem-to-jakis-zart\/"},"author":{"name":"Paula Gajownik","@id":"https:\/\/famesphere.pl\/#\/schema\/person\/acc9ff3d8fd31e29f6e12403dba892d2"},"headline":"Ma\u0142gorzata Rozenek-Majdan promuje kosmetyki na Instagramie, a internauci pisz\u0105: &#8222;Reklama kosmetyk\u00f3w z jej udzia\u0142em to jaki\u015b \u017cart&#8221;","datePublished":"2024-08-28T23:55:00+00:00","dateModified":"2025-05-05T13:26:20+00:00","mainEntityOfPage":{"@id":"https:\/\/famesphere.pl\/index.php\/2024\/08\/28\/malgorzata-rozenek-majdan-promuje-kosmetyki-na-instagramie-a-internauci-pisza-reklama-kosmetykow-ktore-maja-wplynac-na-urode-z-jej-udzialem-to-jakis-zart\/"},"wordCount":557,"commentCount":0,"publisher":{"@id":"https:\/\/famesphere.pl\/#\/schema\/person\/acc9ff3d8fd31e29f6e12403dba892d2"},"image":{"@id":"https:\/\/famesphere.pl\/index.php\/2024\/08\/28\/malgorzata-rozenek-majdan-promuje-kosmetyki-na-instagramie-a-internauci-pisza-reklama-kosmetykow-ktore-maja-wplynac-na-urode-z-jej-udzialem-to-jakis-zart\/#primaryimage"},"thumbnailUrl":"https:\/\/famesphere.pl\/wp-content\/uploads\/2024\/08\/SaveClip.App_456596141_802811521730657_8200612527928662192_n.jpg","keywords":["Ma\u0142gorzata Rozenek-Majdan"],"articleSection":["Prosto z internetu"],"inLanguage":"pl-PL","potentialAction":[{"@type":"CommentAction","name":"Comment","target":["https:\/\/famesphere.pl\/index.php\/2024\/08\/28\/malgorzata-rozenek-majdan-promuje-kosmetyki-na-instagramie-a-internauci-pisza-reklama-kosmetykow-ktore-maja-wplynac-na-urode-z-jej-udzialem-to-jakis-zart\/#respond"]}]},{"@type":"WebPage","@id":"https:\/\/famesphere.pl\/index.php\/2024\/08\/28\/malgorzata-rozenek-majdan-promuje-kosmetyki-na-instagramie-a-internauci-pisza-reklama-kosmetykow-ktore-maja-wplynac-na-urode-z-jej-udzialem-to-jakis-zart\/","url":"https:\/\/famesphere.pl\/index.php\/2024\/08\/28\/malgorzata-rozenek-majdan-promuje-kosmetyki-na-instagramie-a-internauci-pisza-reklama-kosmetykow-ktore-maja-wplynac-na-urode-z-jej-udzialem-to-jakis-zart\/","name":"Ma\u0142gorzata Rozenek-Majdan promuje kosmetyki na Instagramie, a internauci pisz\u0105: \"Reklama kosmetyk\u00f3w z jej udzia\u0142em to jaki\u015b \u017cart\" - FameSphere","isPartOf":{"@id":"https:\/\/famesphere.pl\/#website"},"primaryImageOfPage":{"@id":"https:\/\/famesphere.pl\/index.php\/2024\/08\/28\/malgorzata-rozenek-majdan-promuje-kosmetyki-na-instagramie-a-internauci-pisza-reklama-kosmetykow-ktore-maja-wplynac-na-urode-z-jej-udzialem-to-jakis-zart\/#primaryimage"},"image":{"@id":"https:\/\/famesphere.pl\/index.php\/2024\/08\/28\/malgorzata-rozenek-majdan-promuje-kosmetyki-na-instagramie-a-internauci-pisza-reklama-kosmetykow-ktore-maja-wplynac-na-urode-z-jej-udzialem-to-jakis-zart\/#primaryimage"},"thumbnailUrl":"https:\/\/famesphere.pl\/wp-content\/uploads\/2024\/08\/SaveClip.App_456596141_802811521730657_8200612527928662192_n.jpg","datePublished":"2024-08-28T23:55:00+00:00","dateModified":"2025-05-05T13:26:20+00:00","breadcrumb":{"@id":"https:\/\/famesphere.pl\/index.php\/2024\/08\/28\/malgorzata-rozenek-majdan-promuje-kosmetyki-na-instagramie-a-internauci-pisza-reklama-kosmetykow-ktore-maja-wplynac-na-urode-z-jej-udzialem-to-jakis-zart\/#breadcrumb"},"inLanguage":"pl-PL","potentialAction":[{"@type":"ReadAction","target":["https:\/\/famesphere.pl\/index.php\/2024\/08\/28\/malgorzata-rozenek-majdan-promuje-kosmetyki-na-instagramie-a-internauci-pisza-reklama-kosmetykow-ktore-maja-wplynac-na-urode-z-jej-udzialem-to-jakis-zart\/"]}]},{"@type":"ImageObject","inLanguage":"pl-PL","@id":"https:\/\/famesphere.pl\/index.php\/2024\/08\/28\/malgorzata-rozenek-majdan-promuje-kosmetyki-na-instagramie-a-internauci-pisza-reklama-kosmetykow-ktore-maja-wplynac-na-urode-z-jej-udzialem-to-jakis-zart\/#primaryimage","url":"https:\/\/famesphere.pl\/wp-content\/uploads\/2024\/08\/SaveClip.App_456596141_802811521730657_8200612527928662192_n.jpg","contentUrl":"https:\/\/famesphere.pl\/wp-content\/uploads\/2024\/08\/SaveClip.App_456596141_802811521730657_8200612527928662192_n.jpg","width":1080,"height":1350},{"@type":"BreadcrumbList","@id":"https:\/\/famesphere.pl\/index.php\/2024\/08\/28\/malgorzata-rozenek-majdan-promuje-kosmetyki-na-instagramie-a-internauci-pisza-reklama-kosmetykow-ktore-maja-wplynac-na-urode-z-jej-udzialem-to-jakis-zart\/#breadcrumb","itemListElement":[{"@type":"ListItem","position":1,"name":"Strona g\u0142\u00f3wna","item":"https:\/\/famesphere.pl\/"},{"@type":"ListItem","position":2,"name":"Ma\u0142gorzata Rozenek-Majdan promuje kosmetyki na Instagramie, a internauci pisz\u0105: &#8222;Reklama kosmetyk\u00f3w z jej udzia\u0142em to jaki\u015b \u017cart&#8221;"}]},{"@type":"WebSite","@id":"https:\/\/famesphere.pl\/#website","url":"https:\/\/famesphere.pl\/","name":"FameSphere","description":"Z show-biznesem jeste\u015bmy na bie\u017c\u0105co!","publisher":{"@id":"https:\/\/famesphere.pl\/#\/schema\/person\/acc9ff3d8fd31e29f6e12403dba892d2"},"potentialAction":[{"@type":"SearchAction","target":{"@type":"EntryPoint","urlTemplate":"https:\/\/famesphere.pl\/?s={search_term_string}"},"query-input":{"@type":"PropertyValueSpecification","valueRequired":true,"valueName":"search_term_string"}}],"inLanguage":"pl-PL"},{"@type":["Person","Organization"],"@id":"https:\/\/famesphere.pl\/#\/schema\/person\/acc9ff3d8fd31e29f6e12403dba892d2","name":"Paula Gajownik","image":{"@type":"ImageObject","inLanguage":"pl-PL","@id":"https:\/\/famesphere.pl\/wp-content\/uploads\/2024\/07\/cropped-cropped-DALL\u00b7E-2024-07-16-17.19.05-Create-a-logo-for-a-website-named-FameSphere.-The-logo-should-be-modern-and-sleek-incorporating-elements-that-suggest-fame-and-a-sphere.-Use-a-vibr-2.webp","url":"https:\/\/famesphere.pl\/wp-content\/uploads\/2024\/07\/cropped-cropped-DALL\u00b7E-2024-07-16-17.19.05-Create-a-logo-for-a-website-named-FameSphere.-The-logo-should-be-modern-and-sleek-incorporating-elements-that-suggest-fame-and-a-sphere.-Use-a-vibr-2.webp","contentUrl":"https:\/\/famesphere.pl\/wp-content\/uploads\/2024\/07\/cropped-cropped-DALL\u00b7E-2024-07-16-17.19.05-Create-a-logo-for-a-website-named-FameSphere.-The-logo-should-be-modern-and-sleek-incorporating-elements-that-suggest-fame-and-a-sphere.-Use-a-vibr-2.webp","width":512,"height":400,"caption":"Paula Gajownik"},"logo":{"@id":"https:\/\/famesphere.pl\/wp-content\/uploads\/2024\/07\/cropped-cropped-DALL\u00b7E-2024-07-16-17.19.05-Create-a-logo-for-a-website-named-FameSphere.-The-logo-should-be-modern-and-sleek-incorporating-elements-that-suggest-fame-and-a-sphere.-Use-a-vibr-2.webp"},"description":"Redaktor naczelna FameSphere. Absolwentka dziennikarstwa i komunikacji spo\u0142ecznej oraz specjalistka ds. marketingu i PR-u. Prywatnie posiadaczka dw\u00f3ch kr\u00f3lik\u00f3w, kt\u00f3re kocha ponad \u017cycie.","sameAs":["https:\/\/famesphere.pl"],"url":"https:\/\/famesphere.pl\/index.php\/author\/paula\/"}]}},"cc_featured_image_caption":{"caption_text":"","source_text":"Ma\u0142gorzata Rozenek-Majdan (Instagram: m_rozenek)","source_url":""},"jetpack_featured_media_url":"https:\/\/famesphere.pl\/wp-content\/uploads\/2024\/08\/SaveClip.App_456596141_802811521730657_8200612527928662192_n.jpg","jetpack_sharing_enabled":true,"_links":{"self":[{"href":"https:\/\/famesphere.pl\/index.php\/wp-json\/wp\/v2\/posts\/874","targetHints":{"allow":["GET"]}}],"collection":[{"href":"https:\/\/famesphere.pl\/index.php\/wp-json\/wp\/v2\/posts"}],"about":[{"href":"https:\/\/famesphere.pl\/index.php\/wp-json\/wp\/v2\/types\/post"}],"author":[{"embeddable":true,"href":"https:\/\/famesphere.pl\/index.php\/wp-json\/wp\/v2\/users\/1"}],"replies":[{"embeddable":true,"href":"https:\/\/famesphere.pl\/index.php\/wp-json\/wp\/v2\/comments?post=874"}],"version-history":[{"count":8,"href":"https:\/\/famesphere.pl\/index.php\/wp-json\/wp\/v2\/posts\/874\/revisions"}],"predecessor-version":[{"id":1034,"href":"https:\/\/famesphere.pl\/index.php\/wp-json\/wp\/v2\/posts\/874\/revisions\/1034"}],"wp:featuredmedia":[{"embeddable":true,"href":"https:\/\/famesphere.pl\/index.php\/wp-json\/wp\/v2\/media\/877"}],"wp:attachment":[{"href":"https:\/\/famesphere.pl\/index.php\/wp-json\/wp\/v2\/media?parent=874"}],"wp:term":[{"taxonomy":"category","embeddable":true,"href":"https:\/\/famesphere.pl\/index.php\/wp-json\/wp\/v2\/categories?post=874"},{"taxonomy":"post_tag","embeddable":true,"href":"https:\/\/famesphere.pl\/index.php\/wp-json\/wp\/v2\/tags?post=874"}],"curies":[{"name":"wp","href":"https:\/\/api.w.org\/{rel}","templated":true}]}}